{"id":2941,"date":"2014-02-21T15:28:26","date_gmt":"2014-02-21T14:28:26","guid":{"rendered":"http:\/\/vozcomoarma.noblogs.org\/?p=2941"},"modified":"2014-02-21T15:28:26","modified_gmt":"2014-02-21T14:28:26","slug":"desestimado-el-recurso-para-el-cso-palavea-posible-desalojo-proximamente","status":"publish","type":"post","link":"https:\/\/vozcomoarma.noblogs.org\/?p=2941","title":{"rendered":"Desestimado el recurso para el CSO Palavea. Posible desalojo pr\u00f3ximamente."},"content":{"rendered":"<p style=\"text-align: justify\">Seg\u00fan informaron lxs compas de <a href=\"http:\/\/abordaxerevista.blogspot.cz\/2014\/02\/desestimado-recurso-do-cso-palavea.html\">Abordaxe!<\/a> y confirmaron a este blog algunas individualidades pr\u00f3ximas la Audiencia Provincial contin\u00faa su ataque contra el CSO Palavea, esta vez mediante la desestimaci\u00f3n del recurso presentado por la asamblea del espacio con el objetivo de prorrogar unos meses el desalojo.<\/p>\n<p style=\"text-align: justify\">Recordemos que este proceso est\u00e1 lleno de irregularidades y que las personas a las que juzgan han demostrado varias veces que hace a\u00f1os que no guardan relaci\u00f3n con el CSO ni viven en Coru\u00f1a. A pesar de ello, por no haber abonado en su momento la desproporcionada cifra que les exig\u00edan a modo de fianza para poder oponerse al juicio, \u00e9ste ha seguido con una jueza rechazando las pruebas y decidida a imponer los intereses especulativos de las medianas y grandes riquezas de la ciudad por encima de las necesidades y sue\u00f1os de sus habitantes.<\/p>\n<p style=\"text-align: justify\">Esto implica que el susodicho desalojo podr\u00eda producirse en los pr\u00f3ximos d\u00edas, con lo que es conveniente permanecer atentas a la respuesta de la asamblea del espacio y posibles convocatorias solidarias.<\/p>\n<p style=\"text-align: justify\">\u00a1Ning\u00fan desalojo sin respuesta!<\/p>\n<p style=\"text-align: justify\"><a href=\"https:\/\/vozcomoarma.noblogs.org\/files\/2014\/02\/2011-08-26_img_2011-08-19_00-40-18__5651150.jpg\"><img loading=\"lazy\" decoding=\"async\" class=\"aligncenter size-full wp-image-2945\" alt=\"CSO Palavea\" src=\"https:\/\/vozcomoarma.noblogs.org\/files\/2014\/02\/2011-08-26_img_2011-08-19_00-40-18__5651150.jpg\" width=\"450\" height=\"269\" srcset=\"https:\/\/vozcomoarma.noblogs.org\/files\/2014\/02\/2011-08-26_img_2011-08-19_00-40-18__5651150.jpg 450w, https:\/\/vozcomoarma.noblogs.org\/files\/2014\/02\/2011-08-26_img_2011-08-19_00-40-18__5651150-300x179.jpg 300w\" sizes=\"auto, (max-width: 450px) 100vw, 450px\" \/><\/a><\/p>\n","protected":false},"excerpt":{"rendered":"<p>Seg\u00fan informaron lxs compas de Abordaxe! y confirmaron a este blog algunas individualidades pr\u00f3ximas la Audiencia Provincial contin\u00faa su ataque contra el CSO Palavea, esta vez mediante la desestimaci\u00f3n del recurso presentado por la asamblea del espacio con el objetivo &hellip; <a href=\"https:\/\/vozcomoarma.noblogs.org\/?p=2941\">Sigue leyendo <span class=\"meta-nav\">&rarr;<\/span><\/a><\/p>\n","protected":false},"author":7045,"featured_media":0,"comment_status":"closed","ping_status":"open","sticky":false,"template":"","format":"standard","meta":{"footnotes":""},"categories":[61,9],"tags":[62,18,16,42,37,24,19,11],"class_list":["post-2941","post","type-post","status-publish","format-standard","hentry","category-noticias","category-noticias-y-comunicados","tag-desalojo","tag-galicia","tag-guerra-social","tag-movimientos-sociales","tag-okupacion","tag-reflexion","tag-represion","tag-solidaridad"],"_links":{"self":[{"href":"https:\/\/vozcomoarma.noblogs.org\/index.php?rest_route=\/wp\/v2\/posts\/2941","targetHints":{"allow":["GET"]}}],"collection":[{"href":"https:\/\/vozcomoarma.noblogs.org\/index.php?rest_route=\/wp\/v2\/posts"}],"about":[{"href":"https:\/\/vozcomoarma.noblogs.org\/index.php?rest_route=\/wp\/v2\/types\/post"}],"author":[{"embeddable":true,"href":"https:\/\/vozcomoarma.noblogs.org\/index.php?rest_route=\/wp\/v2\/users\/7045"}],"replies":[{"embeddable":true,"href":"https:\/\/vozcomoarma.noblogs.org\/index.php?rest_route=%2Fwp%2Fv2%2Fcomments&post=2941"}],"version-history":[{"count":1,"href":"https:\/\/vozcomoarma.noblogs.org\/index.php?rest_route=\/wp\/v2\/posts\/2941\/revisions"}],"predecessor-version":[{"id":2946,"href":"https:\/\/vozcomoarma.noblogs.org\/index.php?rest_route=\/wp\/v2\/posts\/2941\/revisions\/2946"}],"wp:attachment":[{"href":"https:\/\/vozcomoarma.noblogs.org\/index.php?rest_route=%2Fwp%2Fv2%2Fmedia&parent=2941"}],"wp:term":[{"taxonomy":"category","embeddable":true,"href":"https:\/\/vozcomoarma.noblogs.org\/index.php?rest_route=%2Fwp%2Fv2%2Fcategories&post=2941"},{"taxonomy":"post_tag","embeddable":true,"href":"https:\/\/vozcomoarma.noblogs.org\/index.php?rest_route=%2Fwp%2Fv2%2Ftags&post=2941"}],"curies":[{"name":"wp","href":"https:\/\/api.w.org\/{rel}","templated":true}]}}