{"id":3082,"date":"2014-03-02T01:55:51","date_gmt":"2014-03-02T00:55:51","guid":{"rendered":"http:\/\/vozcomoarma.noblogs.org\/?p=3082"},"modified":"2015-12-12T04:38:32","modified_gmt":"2015-12-12T03:38:32","slug":"fanzine-besos-bombas-segundo-incendio","status":"publish","type":"post","link":"https:\/\/vozcomoarma.noblogs.org\/?p=3082","title":{"rendered":"[Fanzine] Besos y Bombas, segundo incendio"},"content":{"rendered":"<p style=\"text-align: justify\">Para ver el n\u00famero anterior mira <a href=\"https:\/\/vozcomoarma.noblogs.org\/?p=2598\">aqu\u00ed<\/a>.<\/p>\n<p style=\"text-align: justify\">Hola gente.<\/p>\n<p style=\"text-align: justify\">Dejo por aqu\u00ed este nuevo n\u00famero del fanzine Besos y Bombas, tras terminarlo. Debo decir que me columpi\u00e9 con la maquetaci\u00f3n, lo realic\u00e9 con formato de p\u00e1gina A-4 en lugar de A-5 (no me acord\u00e9 de cambiar el formato antes de empezar, fallo m\u00edo), y claro, al imprimirlo la letra qued\u00f3 un poco peque\u00f1a de m\u00e1s. Yo de todas formas creo que no es un problema al leerlo, pero bueno, lo comento por si acaso.<\/p>\n<p style=\"text-align: justify\">En fin, dejo la introducci\u00f3n y el enlace para lectura\/descarga:<\/p>\n<p style=\"text-align: justify\" align=\"JUSTIFY\">&#8212;&#8212;&#8212;&#8212;&#8212;&#8212;&#8212;&#8211;<\/p>\n<p style=\"text-align: justify\" align=\"JUSTIFY\">\u00a1<em>Hola, sospechosxs habituales! Os saludo desde un nuevo n\u00famero del Besos &amp; Bombas. Apenas ha pasado tiempo desde la edici\u00f3n del primero, pero la necesidad de seguir expresando y dando forma a mis pensamientos, de seguir cuestionando y desprogramando esta realidad asfixiante y calculada, me motiv\u00f3 a lanzar un nuevo n\u00famero antes de lo que esperaba.<\/em><\/p>\n<p style=\"text-align: justify\" align=\"JUSTIFY\"><em>El presente es cada vez m\u00e1s inseguro. El pasado nos da asco, el futuro, miedo. Caminamos como zombis en busca de unos referentes que han desaparecido, o que quiz\u00e1, nunca estuvieron ah\u00ed realmente, y el miedo nos acorrala entre nuevas leyes que nos acercan al Estado de excepci\u00f3n, violencia policial, prisiones y tecnolog\u00eda de control, sobre una naturaleza podrida y envenenada llena de criaturas angustiadas que lloran entre jaulas. Vienen tiempos oscuros y no sabemos c\u00f3mo prepararnos para hacerles frente. Por eso, es necesario seguir intercambiando opiniones y perspectivas, analizando los hechos y buscando los puntos ciegos de su pan\u00f3ptico por donde llevar a cabo incursiones a la normalidad, liberando momentos y pasiones y atacando el coraz\u00f3n de la bestia con fuego y flechas, porque las palabras mueren en la boca y es en la acci\u00f3n donde encuentran el eco que necesitan para propagarse y ser una amenaza, para ser o\u00eddas y romper el silencio que cubre la adulterada superficie de este mundo miserable y sus sue\u00f1os televisados de dominaci\u00f3n.<\/em><\/p>\n<p style=\"text-align: justify\" align=\"JUSTIFY\"><em>Adem\u00e1s de los textos y reflexiones, poes\u00eda, recetas veganas y otros contenidos presentes en el n\u00famero anterior, en este segundo ejemplar he decidido a\u00f1adir otros elementos que not\u00e9 como faltantes tras ver el resultado del primero. As\u00ed, he a\u00f1adido otra secci\u00f3n, llamada \u00abM\u00e1s all\u00e1 de las rejas\u00bb, donde incluir direcciones de presos y presas anarquistas en el Estado espa\u00f1ol facilitando as\u00ed que se les escriba y apoye desde el exterior, algo que podemos hacer todxs sin dificultad y sin disponer de muchos medios, s\u00f3lo con nuestras ganas y nuestro coraz\u00f3n, escribiendo una carta, organizando concentraciones en la calle, haciendo carteles, difundiendo&#8230; De esta forma, este fanzine se convierte tambi\u00e9n en uno de tantos medios y veh\u00edculos para la solidaridad, tan necesaria en estos tiempos dif\u00edciles. Por \u00faltimo, tambi\u00e9n he abierto un espacio para rese\u00f1ar libros que me han gustado y grupos de m\u00fasica afines.<\/em><\/p>\n<p style=\"text-align: justify\" align=\"JUSTIFY\"><em>Sin m\u00e1s, nos vemos en las calles sembrando besos y bombas&#8230;<\/em><\/p>\n<p align=\"JUSTIFY\">&#8212;&#8212;&#8212;&#8212;&#8212;&#8212;&#8212;&#8211;<\/p>\n<p align=\"JUSTIFY\">Descargar:<\/p>\n<p style=\"text-align: justify\" align=\"JUSTIFY\"><strong><a href=\"https:\/\/vozcomoarma.noblogs.org\/files\/2014\/03\/Portada.pdf\">Portada<\/a><\/strong><br \/>\n<strong><a href=\"https:\/\/vozcomoarma.noblogs.org\/files\/2014\/03\/Cuerpo.pdf\">Cuerpo<\/a><\/strong><\/p>\n<p style=\"text-align: justify\" align=\"JUSTIFY\"><a href=\"https:\/\/vozcomoarma.noblogs.org\/files\/2014\/03\/Sin-t\u00edtulo.png\"><img loading=\"lazy\" decoding=\"async\" class=\"aligncenter size-full wp-image-3085\" src=\"https:\/\/vozcomoarma.noblogs.org\/files\/2014\/03\/Sin-t\u00edtulo.png\" alt=\"Sin t\u00edtulo\" width=\"357\" height=\"496\" srcset=\"https:\/\/vozcomoarma.noblogs.org\/files\/2014\/03\/Sin-t\u00edtulo.png 357w, https:\/\/vozcomoarma.noblogs.org\/files\/2014\/03\/Sin-t\u00edtulo-215x300.png 215w\" sizes=\"auto, (max-width: 357px) 100vw, 357px\" \/><\/a><\/p>\n","protected":false},"excerpt":{"rendered":"<p>Para ver el n\u00famero anterior mira aqu\u00ed. Hola gente. Dejo por aqu\u00ed este nuevo n\u00famero del fanzine Besos y Bombas, tras terminarlo. Debo decir que me columpi\u00e9 con la maquetaci\u00f3n, lo realic\u00e9 con formato de p\u00e1gina A-4 en lugar de &hellip; <a href=\"https:\/\/vozcomoarma.noblogs.org\/?p=3082\">Sigue leyendo <span class=\"meta-nav\">&rarr;<\/span><\/a><\/p>\n","protected":false},"author":7045,"featured_media":0,"comment_status":"closed","ping_status":"open","sticky":false,"template":"","format":"standard","meta":{"footnotes":""},"categories":[60,61,4],"tags":[255,18,16,24,11],"class_list":["post-3082","post","type-post","status-publish","format-standard","hentry","category-fanzines-y-revistas","category-noticias","category-publicaciones","tag-besos-y-bombas","tag-galicia","tag-guerra-social","tag-reflexion","tag-solidaridad"],"_links":{"self":[{"href":"https:\/\/vozcomoarma.noblogs.org\/index.php?rest_route=\/wp\/v2\/posts\/3082","targetHints":{"allow":["GET"]}}],"collection":[{"href":"https:\/\/vozcomoarma.noblogs.org\/index.php?rest_route=\/wp\/v2\/posts"}],"about":[{"href":"https:\/\/vozcomoarma.noblogs.org\/index.php?rest_route=\/wp\/v2\/types\/post"}],"author":[{"embeddable":true,"href":"https:\/\/vozcomoarma.noblogs.org\/index.php?rest_route=\/wp\/v2\/users\/7045"}],"replies":[{"embeddable":true,"href":"https:\/\/vozcomoarma.noblogs.org\/index.php?rest_route=%2Fwp%2Fv2%2Fcomments&post=3082"}],"version-history":[{"count":7,"href":"https:\/\/vozcomoarma.noblogs.org\/index.php?rest_route=\/wp\/v2\/posts\/3082\/revisions"}],"predecessor-version":[{"id":9598,"href":"https:\/\/vozcomoarma.noblogs.org\/index.php?rest_route=\/wp\/v2\/posts\/3082\/revisions\/9598"}],"wp:attachment":[{"href":"https:\/\/vozcomoarma.noblogs.org\/index.php?rest_route=%2Fwp%2Fv2%2Fmedia&parent=3082"}],"wp:term":[{"taxonomy":"category","embeddable":true,"href":"https:\/\/vozcomoarma.noblogs.org\/index.php?rest_route=%2Fwp%2Fv2%2Fcategories&post=3082"},{"taxonomy":"post_tag","embeddable":true,"href":"https:\/\/vozcomoarma.noblogs.org\/index.php?rest_route=%2Fwp%2Fv2%2Ftags&post=3082"}],"curies":[{"name":"wp","href":"https:\/\/api.w.org\/{rel}","templated":true}]}}