{"id":3093,"date":"2014-03-02T20:34:11","date_gmt":"2014-03-02T19:34:11","guid":{"rendered":"http:\/\/vozcomoarma.noblogs.org\/?p=3093"},"modified":"2014-03-02T20:34:11","modified_gmt":"2014-03-02T19:34:11","slug":"musica-alterkat-punk-ska-desde-la-safor-valencia","status":"publish","type":"post","link":"https:\/\/vozcomoarma.noblogs.org\/?p=3093","title":{"rendered":"[M\u00fasica] Alterkat, punk-ska desde la Safor (Valencia)"},"content":{"rendered":"<p style=\"text-align: justify\">Recib\u00eda hoy informaci\u00f3n de este grupo de reciente pero prometedora trayectoria, y he decidido cederles un rinconcito en este espacio para difundir su maqueta.<\/p>\n<p style=\"text-align: justify\">Alterkat es una banda de punk-ska de La Safor (Valencia), donde se mezclan guitarras y bajo el\u00e9ctrico con dulzaina, trompetas o saxo, en una combinaci\u00f3n que la verdad no suena mal, acompa\u00f1ada de letras comprometidas contra el capital.<\/p>\n<p style=\"text-align: justify\">Su primera maqueta fue producida y masterizada entre octubre y noviembre de 2013, y sale en diciembre, con 6 canciones + intro, todas ellas en valenciano menos la \u00faltima, llamada \u00abVota al PP\u00bb, que est\u00e1 en castellano. Para descargar, visitad su bandcamp <a href=\"http:\/\/alterkat.bandcamp.com\/\">aqu\u00ed<\/a>.<\/p>\n<p style=\"text-align: justify\">Os dejo una muestra de lo que hacen:<\/p>\n<p style=\"text-align: center\">[vsw id=\u00bb2NFn5rJT3Tw\u00bb source=\u00bbyoutube\u00bb width=\u00bb425&#8243; height=\u00bb344&#8243; autoplay=0]<\/p>\n","protected":false},"excerpt":{"rendered":"<p>Recib\u00eda hoy informaci\u00f3n de este grupo de reciente pero prometedora trayectoria, y he decidido cederles un rinconcito en este espacio para difundir su maqueta. Alterkat es una banda de punk-ska de La Safor (Valencia), donde se mezclan guitarras y bajo &hellip; <a href=\"https:\/\/vozcomoarma.noblogs.org\/?p=3093\">Sigue leyendo <span class=\"meta-nav\">&rarr;<\/span><\/a><\/p>\n","protected":false},"author":7045,"featured_media":0,"comment_status":"closed","ping_status":"open","sticky":false,"template":"","format":"standard","meta":{"footnotes":""},"categories":[108],"tags":[123],"class_list":["post-3093","post","type-post","status-publish","format-standard","hentry","category-musica","tag-valencia"],"_links":{"self":[{"href":"https:\/\/vozcomoarma.noblogs.org\/index.php?rest_route=\/wp\/v2\/posts\/3093","targetHints":{"allow":["GET"]}}],"collection":[{"href":"https:\/\/vozcomoarma.noblogs.org\/index.php?rest_route=\/wp\/v2\/posts"}],"about":[{"href":"https:\/\/vozcomoarma.noblogs.org\/index.php?rest_route=\/wp\/v2\/types\/post"}],"author":[{"embeddable":true,"href":"https:\/\/vozcomoarma.noblogs.org\/index.php?rest_route=\/wp\/v2\/users\/7045"}],"replies":[{"embeddable":true,"href":"https:\/\/vozcomoarma.noblogs.org\/index.php?rest_route=%2Fwp%2Fv2%2Fcomments&post=3093"}],"version-history":[{"count":1,"href":"https:\/\/vozcomoarma.noblogs.org\/index.php?rest_route=\/wp\/v2\/posts\/3093\/revisions"}],"predecessor-version":[{"id":3094,"href":"https:\/\/vozcomoarma.noblogs.org\/index.php?rest_route=\/wp\/v2\/posts\/3093\/revisions\/3094"}],"wp:attachment":[{"href":"https:\/\/vozcomoarma.noblogs.org\/index.php?rest_route=%2Fwp%2Fv2%2Fmedia&parent=3093"}],"wp:term":[{"taxonomy":"category","embeddable":true,"href":"https:\/\/vozcomoarma.noblogs.org\/index.php?rest_route=%2Fwp%2Fv2%2Fcategories&post=3093"},{"taxonomy":"post_tag","embeddable":true,"href":"https:\/\/vozcomoarma.noblogs.org\/index.php?rest_route=%2Fwp%2Fv2%2Ftags&post=3093"}],"curies":[{"name":"wp","href":"https:\/\/api.w.org\/{rel}","templated":true}]}}