{"id":3389,"date":"2014-03-25T00:41:17","date_gmt":"2014-03-24T23:41:17","guid":{"rendered":"http:\/\/vozcomoarma.noblogs.org\/?p=3389"},"modified":"2014-03-25T00:41:17","modified_gmt":"2014-03-24T23:41:17","slug":"italia-sabotaje-en-genova-a-sede-del-partido-fascista-liga-norte","status":"publish","type":"post","link":"https:\/\/vozcomoarma.noblogs.org\/?p=3389","title":{"rendered":"Italia &#8211; Sabotaje en G\u00e9nova a sede del partido fascista Liga Norte"},"content":{"rendered":"<p align=\"JUSTIFY\">Desde <a href=\"http:\/\/es.contrainfo.espiv.net\/2014\/03\/21\/genova-ataque-a-la-sede-de-los-neofascistas-de-la-liga-norte\/\">Contrainfo<\/a> difundo este comunicado donde anarquistas reclaman el ataque contra una sede local del partido fascista Liga Norte, rompiendo los cristales.<\/p>\n<p align=\"JUSTIFY\">La acci\u00f3n se dedic\u00f3 a todxs lxs compas migrantes que se han rebelado en los centros de detenci\u00f3n para extranjerxs recientemente, iluminando el cielo oscuro del racismo democr\u00e1tico y la segregaci\u00f3n fronteriza con motines y sue\u00f1os de libertad, a lxs perseguidxs y presxs del mundo por luchar contra el Estado y el Capital, y en especial a Guccio, compa\u00f1ero anarquista muy activo en la lucha NO-TAV y otras que, desgraciadamente, y por motivos que yo desconozco, se quit\u00f3 la vida a sus 24 a\u00f1os el pasado 24 de febrero.<\/p>\n<p align=\"JUSTIFY\">Que este sistema miserable y su mundo de mierda no consigan empujar a la desesperaci\u00f3n y la muerte a m\u00e1s corazones libres.<\/p>\n<p align=\"JUSTIFY\">&#8212;&#8212;&#8212;&#8212;&#8212;&#8212;&#8212;&#8211;<\/p>\n<p align=\"JUSTIFY\"><em>Provincia de G\u00e9nova \u2013 Se revent\u00f3 la cristalera de la sede local de Liga Norte como m\u00ednima muestra de solidaridad con todxs lxs reclusxs en los centros de detenci\u00f3n y todxs lxs perseguidxs por luchar contra el Estado y sus tent\u00e1culos. Por Guccio.*<\/em><\/p>\n<p><em>7 de marzo de 2014<\/em><\/p>\n<p align=\"JUSTIFY\"><em>*Compa\u00f1ero activo, entre otras, en la lucha NO-TAV, Guccio se suicid\u00f3 el 24 de febrero de 2014, a sus 24 a\u00f1os.<\/em><\/p>\n<p align=\"JUSTIFY\"><a href=\"https:\/\/vozcomoarma.noblogs.org\/files\/2014\/03\/tumblr_mnlt5rGHEB1spwa2po1_500.png\"><img loading=\"lazy\" decoding=\"async\" class=\"aligncenter size-full wp-image-3390\" alt=\"Fuego\" src=\"https:\/\/vozcomoarma.noblogs.org\/files\/2014\/03\/tumblr_mnlt5rGHEB1spwa2po1_500.png\" width=\"500\" height=\"748\" srcset=\"https:\/\/vozcomoarma.noblogs.org\/files\/2014\/03\/tumblr_mnlt5rGHEB1spwa2po1_500.png 500w, https:\/\/vozcomoarma.noblogs.org\/files\/2014\/03\/tumblr_mnlt5rGHEB1spwa2po1_500-200x300.png 200w\" sizes=\"auto, (max-width: 500px) 100vw, 500px\" \/><\/a><\/p>\n","protected":false},"excerpt":{"rendered":"<p>Desde Contrainfo difundo este comunicado donde anarquistas reclaman el ataque contra una sede local del partido fascista Liga Norte, rompiendo los cristales. La acci\u00f3n se dedic\u00f3 a todxs lxs compas migrantes que se han rebelado en los centros de detenci\u00f3n &hellip; <a href=\"https:\/\/vozcomoarma.noblogs.org\/?p=3389\">Sigue leyendo <span class=\"meta-nav\">&rarr;<\/span><\/a><\/p>\n","protected":false},"author":7045,"featured_media":0,"comment_status":"closed","ping_status":"open","sticky":false,"template":"","format":"standard","meta":{"footnotes":""},"categories":[58,61,9],"tags":[14,35,16,38,34,24,19,10,11],"class_list":["post-3389","post","type-post","status-publish","format-standard","hentry","category-acciones","category-noticias","category-noticias-y-comunicados","tag-anti-fascismo","tag-asesinato-de-estado","tag-guerra-social","tag-italia","tag-racismo","tag-reflexion","tag-represion","tag-sabotaje","tag-solidaridad"],"_links":{"self":[{"href":"https:\/\/vozcomoarma.noblogs.org\/index.php?rest_route=\/wp\/v2\/posts\/3389","targetHints":{"allow":["GET"]}}],"collection":[{"href":"https:\/\/vozcomoarma.noblogs.org\/index.php?rest_route=\/wp\/v2\/posts"}],"about":[{"href":"https:\/\/vozcomoarma.noblogs.org\/index.php?rest_route=\/wp\/v2\/types\/post"}],"author":[{"embeddable":true,"href":"https:\/\/vozcomoarma.noblogs.org\/index.php?rest_route=\/wp\/v2\/users\/7045"}],"replies":[{"embeddable":true,"href":"https:\/\/vozcomoarma.noblogs.org\/index.php?rest_route=%2Fwp%2Fv2%2Fcomments&post=3389"}],"version-history":[{"count":1,"href":"https:\/\/vozcomoarma.noblogs.org\/index.php?rest_route=\/wp\/v2\/posts\/3389\/revisions"}],"predecessor-version":[{"id":3391,"href":"https:\/\/vozcomoarma.noblogs.org\/index.php?rest_route=\/wp\/v2\/posts\/3389\/revisions\/3391"}],"wp:attachment":[{"href":"https:\/\/vozcomoarma.noblogs.org\/index.php?rest_route=%2Fwp%2Fv2%2Fmedia&parent=3389"}],"wp:term":[{"taxonomy":"category","embeddable":true,"href":"https:\/\/vozcomoarma.noblogs.org\/index.php?rest_route=%2Fwp%2Fv2%2Fcategories&post=3389"},{"taxonomy":"post_tag","embeddable":true,"href":"https:\/\/vozcomoarma.noblogs.org\/index.php?rest_route=%2Fwp%2Fv2%2Ftags&post=3389"}],"curies":[{"name":"wp","href":"https:\/\/api.w.org\/{rel}","templated":true}]}}