{"id":3392,"date":"2014-03-25T01:02:23","date_gmt":"2014-03-25T00:02:23","guid":{"rendered":"http:\/\/vozcomoarma.noblogs.org\/?p=3392"},"modified":"2014-03-25T01:02:23","modified_gmt":"2014-03-25T00:02:23","slug":"francia-sabotajes-a-sede-de-la-cruz-roja","status":"publish","type":"post","link":"https:\/\/vozcomoarma.noblogs.org\/?p=3392","title":{"rendered":"Francia &#8211; Sabotajes a sede de la Cruz Roja"},"content":{"rendered":"<p style=\"text-align: justify\">Todxs hemos o\u00eddo hablar de la fachada filantr\u00f3pica de esta organizaci\u00f3n, de sus \u00abdesinteresadas\u00bb (y un cuerno) entregas de alimento y otras \u00abayudas\u00bb en pa\u00edses llamados \u00abtercermundistas\u00bb, de sus centros de d\u00eda para los ancianitos y de otras formas de repugnante asistencialismo vertical. Lo que muchxs no saben, sin embargo, es lo que dicha fachada esconde, como por ejemplo, la colaboraci\u00f3n de la Cruz Roja en las deportaciones de personas migrantes indocumentadas, su rol de pantalla para ocultar los procesos de imperialismo (trasladar los intereses de las democracias occidentales a aquellos pa\u00edses donde desarrollan su c\u00ednica \u00ablabor humanitaria\u00bb mediante la participaci\u00f3n de entidades financieras que en calidad de inversoras etc. terminan por depositar all\u00ed sus infraestructuras qued\u00e1ndose buena parte del pastel, mientras los medios burgueses camuflan sus operaciones) o incluso su abierta y gustosa compenetraci\u00f3n con otros negocios igual de vomitivos.<\/p>\n<p style=\"text-align: justify\">No obstante, en el silencio que rodea al \u00ablado oscuro\u00bb del mentado organismo, siempre hay lugar para un poco de ru\u00eddo que les delate y exponga como lo que son en realidad, un instrumento del sistema para mantener su orden y reproducirse con rostros \u00absolidarios\u00bb y \u00aba favor de lxs necesitadxs\u00bb, coartando as\u00ed los impulsos de quienes sentimos de verdad que la \u00fanica soluci\u00f3n real a los problemas de miseria y agon\u00eda que afectan a todas en mayor o menor medida es destruir de una vez por todas un mundo injusto y enfermo que da prioridad a los beneficios por encima de las vidas y las esperanzas de millones de seres humanos inocentes, que sufren en sus pa\u00edses saqueados y devastados las consecuencias de los procesos de expansi\u00f3n y reestructuraci\u00f3n de la econom\u00eda neoliberal a trav\u00e9s de guerras imperialistas vendidas por televisi\u00f3n bajo los m\u00e1s variados pretextos (\u00abes que tienen armas de destrucci\u00f3n masiva\u00bb, \u00abes que est\u00e1 Al Qaeda\u00bb, \u00abes que son islamistas\u00bb, \u00abes que&#8230;\u00bb), mientras que si emigran en busca de un futuro digno, se encuentran con la maquinaria de reclusi\u00f3n y tortura que en forma de leyes migratorias, patrullas fronterizas asesinas, campos de concentraci\u00f3n modernos llamados CIE&#8217;s y canibalismo social, amenazan de igual manera sus vidas condenadas.<\/p>\n<p style=\"text-align: justify\">Y es un poco de ru\u00eddo lo que, precisamente, han introducido lxs compas francesxs de Par\u00eds, al romper con sus piedras varias cristaleras de una sede local de la Cruz Roja, en este caso, para denunciar su participaci\u00f3n en la deportaci\u00f3n masiva de sin-papeles. Dejo a continuaci\u00f3n el comunicado de reivindicaci\u00f3n del sabotaje, tomado de <a href=\"http:\/\/es.contrainfo.espiv.net\/2014\/03\/21\/paris-francia-a-la-mierda-la-cruz-roja\/\">Contrainfo<\/a>.<\/p>\n<p style=\"text-align: justify\">\u00a1Ninguna persona es ilegal! \u00a110, 100, 1000 CIE&#8217;s y ONG&#8217;s en llamas!<\/p>\n<p style=\"text-align: justify\">&#8212;&#8212;&#8212;&#8212;&#8212;&#8212;&#8212;&#8211;<\/p>\n<p align=\"JUSTIFY\"><em>La Cruz Roja participa activamente en el secuestro y deportaci\u00f3n de personas indocumentadas.<\/em><\/p>\n<p align=\"JUSTIFY\"><em>El 18 de marzo de 2014, de madrugada, los cristales de la sede de Cruz Roja, ubicada en la calle Elisa Lemonnier (12\u00b0 distrito de Par\u00eds), recibieron varios golpes, hasta que quedaron cubiertos de bellas estrellas\u2026<\/em><\/p>\n<p align=\"JUSTIFY\"><em>Hacemos un gui\u00f1o a los dos migrantes retenidos que fueron condenados a penas de prisi\u00f3n por la revuelta del 14 de febrero de 2014 en el centro de detenci\u00f3n de Vincennes, como tambi\u00e9n a lxs 5 compas arrestadxs y perseguidxs por haber expresado su solidaridad con los amotinados.<\/em><\/p>\n<p align=\"JUSTIFY\"><em>\u00a1Libertad!<\/em><\/p>\n<p align=\"JUSTIFY\">&#8212;&#8212;&#8212;&#8212;&#8212;&#8212;&#8212;&#8211;<\/p>\n<p align=\"JUSTIFY\">La foto muestra una de tantas pancartas colgadas en las calles de las ciudades francesas contra la detenci\u00f3n, maltrato y deportaci\u00f3n en el mejor de los casos (en los peores&#8230; asesinato encubierto) de las personas migrantes. El lema en franc\u00e9s dice, en castellano, <em>\u00abSaboteemos la maquinaria de expulsi\u00f3n\u00bb<\/em>.<\/p>\n<p align=\"JUSTIFY\"><a href=\"https:\/\/vozcomoarma.noblogs.org\/files\/2014\/03\/fuego-a-la-cruz-roja.jpg\"><img loading=\"lazy\" decoding=\"async\" class=\"aligncenter size-full wp-image-3393\" alt=\"Saboteemos la maquinaria de expulsi\u00f3n\" src=\"https:\/\/vozcomoarma.noblogs.org\/files\/2014\/03\/fuego-a-la-cruz-roja.jpg\" width=\"423\" height=\"249\" srcset=\"https:\/\/vozcomoarma.noblogs.org\/files\/2014\/03\/fuego-a-la-cruz-roja.jpg 423w, https:\/\/vozcomoarma.noblogs.org\/files\/2014\/03\/fuego-a-la-cruz-roja-300x176.jpg 300w\" sizes=\"auto, (max-width: 423px) 100vw, 423px\" \/><\/a><\/p>\n","protected":false},"excerpt":{"rendered":"<p>Todxs hemos o\u00eddo hablar de la fachada filantr\u00f3pica de esta organizaci\u00f3n, de sus \u00abdesinteresadas\u00bb (y un cuerno) entregas de alimento y otras \u00abayudas\u00bb en pa\u00edses llamados \u00abtercermundistas\u00bb, de sus centros de d\u00eda para los ancianitos y de otras formas de &hellip; <a href=\"https:\/\/vozcomoarma.noblogs.org\/?p=3392\">Sigue leyendo <span class=\"meta-nav\">&rarr;<\/span><\/a><\/p>\n","protected":false},"author":7045,"featured_media":0,"comment_status":"closed","ping_status":"open","sticky":false,"template":"","format":"standard","meta":{"footnotes":""},"categories":[58,61,9],"tags":[54,16,34,24,19,10,11],"class_list":["post-3392","post","type-post","status-publish","format-standard","hentry","category-acciones","category-noticias","category-noticias-y-comunicados","tag-francia","tag-guerra-social","tag-racismo","tag-reflexion","tag-represion","tag-sabotaje","tag-solidaridad"],"_links":{"self":[{"href":"https:\/\/vozcomoarma.noblogs.org\/index.php?rest_route=\/wp\/v2\/posts\/3392","targetHints":{"allow":["GET"]}}],"collection":[{"href":"https:\/\/vozcomoarma.noblogs.org\/index.php?rest_route=\/wp\/v2\/posts"}],"about":[{"href":"https:\/\/vozcomoarma.noblogs.org\/index.php?rest_route=\/wp\/v2\/types\/post"}],"author":[{"embeddable":true,"href":"https:\/\/vozcomoarma.noblogs.org\/index.php?rest_route=\/wp\/v2\/users\/7045"}],"replies":[{"embeddable":true,"href":"https:\/\/vozcomoarma.noblogs.org\/index.php?rest_route=%2Fwp%2Fv2%2Fcomments&post=3392"}],"version-history":[{"count":1,"href":"https:\/\/vozcomoarma.noblogs.org\/index.php?rest_route=\/wp\/v2\/posts\/3392\/revisions"}],"predecessor-version":[{"id":3394,"href":"https:\/\/vozcomoarma.noblogs.org\/index.php?rest_route=\/wp\/v2\/posts\/3392\/revisions\/3394"}],"wp:attachment":[{"href":"https:\/\/vozcomoarma.noblogs.org\/index.php?rest_route=%2Fwp%2Fv2%2Fmedia&parent=3392"}],"wp:term":[{"taxonomy":"category","embeddable":true,"href":"https:\/\/vozcomoarma.noblogs.org\/index.php?rest_route=%2Fwp%2Fv2%2Fcategories&post=3392"},{"taxonomy":"post_tag","embeddable":true,"href":"https:\/\/vozcomoarma.noblogs.org\/index.php?rest_route=%2Fwp%2Fv2%2Ftags&post=3392"}],"curies":[{"name":"wp","href":"https:\/\/api.w.org\/{rel}","templated":true}]}}