{"id":3530,"date":"2014-04-03T23:22:48","date_gmt":"2014-04-03T21:22:48","guid":{"rendered":"http:\/\/vozcomoarma.noblogs.org\/?p=3530"},"modified":"2014-04-03T23:22:48","modified_gmt":"2014-04-03T21:22:48","slug":"jornadas-contra-la-represion-en-el-csa-villafria-salamanca","status":"publish","type":"post","link":"https:\/\/vozcomoarma.noblogs.org\/?p=3530","title":{"rendered":"Jornadas contra la represi\u00f3n en el CSA Villafr\u00eda (Salamanca)"},"content":{"rendered":"<p style=\"text-align: justify\">Compas de Salamanca env\u00edan para su difusi\u00f3n la siguiente informaci\u00f3n y convocatoria relativa a unas jornadas contra la represi\u00f3n que realizar\u00e1n este fin de semana en el Centro Social Autogestionado Villafr\u00eda (C\/ Cuello Cal\u00f3n n\u00ba 16) y cuyos beneficios ir\u00e1n destinados tanto a gastos antirrepresivos como a la autogesti\u00f3n del propio espacio.<\/p>\n<p style=\"text-align: justify\">&#8212;&#8212;&#8212;&#8212;&#8212;&#8212;&#8212;&#8211;<\/p>\n<p style=\"text-align: justify\"><em>5 de abril &#8211; Jornadas contra la represi\u00f3n.<\/em><\/p>\n<p style=\"text-align: justify\"><em>-A las 17.00 presentacion del libro \u00abC\u00e1rceles en llamas\u00bb (como parte de las jornadas de la XIX marcha a topas).<\/em><\/p>\n<p style=\"text-align: justify\"><em>-A partir de las 19:00 concierto de rap combativo:<\/em><br \/>\n<em><br \/>\nBrujo Gatamadre (Rap antisocial desde Santa Muerte de Tormes, Salamanca)<\/em><br \/>\n<em> Crime-Time (Rap Radikal Jarto desde Valladolor)<\/em><br \/>\n<em> Brigada de la C\u00f3lera (Rap militante desde Palencia)<\/em><br \/>\n<em><br \/>\nHabr\u00e1 pinchitos y bocadillos veganos.<\/em><br \/>\n<em><br \/>\nLa entrada es libre (aportaci\u00f3n voluntaria) y los posibles beneficios ir\u00e1n destinados a compa\u00f1eras anarquistas represaliadas y al propio CSA Villafr\u00eda.<\/em><br \/>\n<em><br \/>\nSe agradece difusi\u00f3n.<\/em><br \/>\n<em><br \/>\n\u00a1Fuerza a las compa\u00f1eras represaliadas!<\/em><br \/>\n<em> \u00a1Muerte al Estado y su represi\u00f3n!<\/em><br \/>\n<em> \u00a1Amor, complicidad y rebeld\u00eda!<\/em><\/p>\n<p><a href=\"https:\/\/vozcomoarma.noblogs.org\/files\/2014\/04\/5abril.jpg\"><img loading=\"lazy\" decoding=\"async\" class=\"size-full wp-image-3540 alignnone\" alt=\"Jornadas Antirrepre Salamanca\" src=\"https:\/\/vozcomoarma.noblogs.org\/files\/2014\/04\/5abril.jpg\" width=\"1754\" height=\"2480\" srcset=\"https:\/\/vozcomoarma.noblogs.org\/files\/2014\/04\/5abril.jpg 1754w, https:\/\/vozcomoarma.noblogs.org\/files\/2014\/04\/5abril-212x300.jpg 212w, https:\/\/vozcomoarma.noblogs.org\/files\/2014\/04\/5abril-724x1024.jpg 724w\" sizes=\"auto, (max-width: 1754px) 100vw, 1754px\" \/><\/a><\/p>\n","protected":false},"excerpt":{"rendered":"<p>Compas de Salamanca env\u00edan para su difusi\u00f3n la siguiente informaci\u00f3n y convocatoria relativa a unas jornadas contra la represi\u00f3n que realizar\u00e1n este fin de semana en el Centro Social Autogestionado Villafr\u00eda (C\/ Cuello Cal\u00f3n n\u00ba 16) y cuyos beneficios ir\u00e1n &hellip; <a href=\"https:\/\/vozcomoarma.noblogs.org\/?p=3530\">Sigue leyendo <span class=\"meta-nav\">&rarr;<\/span><\/a><\/p>\n","protected":false},"author":7045,"featured_media":0,"comment_status":"closed","ping_status":"open","sticky":false,"template":"","format":"standard","meta":{"footnotes":""},"categories":[59,61,9],"tags":[16,42,37,24,19,150,11],"class_list":["post-3530","post","type-post","status-publish","format-standard","hentry","category-convocatorias","category-noticias","category-noticias-y-comunicados","tag-guerra-social","tag-movimientos-sociales","tag-okupacion","tag-reflexion","tag-represion","tag-salamanca","tag-solidaridad"],"_links":{"self":[{"href":"https:\/\/vozcomoarma.noblogs.org\/index.php?rest_route=\/wp\/v2\/posts\/3530","targetHints":{"allow":["GET"]}}],"collection":[{"href":"https:\/\/vozcomoarma.noblogs.org\/index.php?rest_route=\/wp\/v2\/posts"}],"about":[{"href":"https:\/\/vozcomoarma.noblogs.org\/index.php?rest_route=\/wp\/v2\/types\/post"}],"author":[{"embeddable":true,"href":"https:\/\/vozcomoarma.noblogs.org\/index.php?rest_route=\/wp\/v2\/users\/7045"}],"replies":[{"embeddable":true,"href":"https:\/\/vozcomoarma.noblogs.org\/index.php?rest_route=%2Fwp%2Fv2%2Fcomments&post=3530"}],"version-history":[{"count":2,"href":"https:\/\/vozcomoarma.noblogs.org\/index.php?rest_route=\/wp\/v2\/posts\/3530\/revisions"}],"predecessor-version":[{"id":3541,"href":"https:\/\/vozcomoarma.noblogs.org\/index.php?rest_route=\/wp\/v2\/posts\/3530\/revisions\/3541"}],"wp:attachment":[{"href":"https:\/\/vozcomoarma.noblogs.org\/index.php?rest_route=%2Fwp%2Fv2%2Fmedia&parent=3530"}],"wp:term":[{"taxonomy":"category","embeddable":true,"href":"https:\/\/vozcomoarma.noblogs.org\/index.php?rest_route=%2Fwp%2Fv2%2Fcategories&post=3530"},{"taxonomy":"post_tag","embeddable":true,"href":"https:\/\/vozcomoarma.noblogs.org\/index.php?rest_route=%2Fwp%2Fv2%2Ftags&post=3530"}],"curies":[{"name":"wp","href":"https:\/\/api.w.org\/{rel}","templated":true}]}}