{"id":3789,"date":"2014-04-30T14:49:05","date_gmt":"2014-04-30T12:49:05","guid":{"rendered":"http:\/\/vozcomoarma.noblogs.org\/?p=3789"},"modified":"2014-04-30T14:49:05","modified_gmt":"2014-04-30T12:49:05","slug":"texto-la-anarquia-es-inevitable","status":"publish","type":"post","link":"https:\/\/vozcomoarma.noblogs.org\/?p=3789","title":{"rendered":"Texto &#8211; La anarqu\u00eda es inevitable"},"content":{"rendered":"<p style=\"text-align: justify\" align=\"JUSTIFY\">Dejo el siguiente texto, recogido de <a href=\"http:\/\/es.contrainfo.espiv.net\/2014\/04\/30\/la-anarquia-es-inevitable\/\">Contrainfo<\/a>, y que vuelve a hablarnos sobre la escalada represiva que el anarquismo ib\u00e9rico (y no s\u00f3lo) est\u00e1 experimentando, en paralelo a un incremento del potencial que estas ideas tienen para radicalizar los movimientos sociales que, aun temerosos de destetarse de las ilusiones izquierdistas y el reformismo d\u00f3cil, s\u00ed comienzan a sentir la rabia y el rencor en su interior, junto a la sensaci\u00f3n de enga\u00f1o, decepci\u00f3n e impotencia, abandonando poco a poco el terreno inofensivo del posibilismo para aventurarse en luchas cada vez m\u00e1s intensas contra la totalidad del sistema que les explota, angustia y mata.<\/p>\n<p style=\"text-align: justify\" align=\"JUSTIFY\">Porque ninguna lucha tendr\u00e1 \u00e9xito mientras se mantenga en los cauces establecidos por sus enemigos. No podemos seguir jugando en su tablero, no podemos continuar siguiendo sus normas si ellos son los rivales, encantados de \u00abdejarnos hacer\u00bb conociendo de antemano cu\u00e1les ser\u00e1n nuestros pr\u00f3ximos movimientos, anticip\u00e1ndose y por lo tanto llevando siempre la delantera, lo que impide que podamos sorprenderles y avanzar recuperando nuestras vidas y posiciones por el camino.<\/p>\n<p style=\"text-align: justify\" align=\"JUSTIFY\">Rompamos el gui\u00f3n, se acab\u00f3 la partida, ahora salimos de sus casillas. El horizonte es nuestro&#8230;<\/p>\n<p style=\"text-align: justify\" align=\"JUSTIFY\"><em>&#8212;&#8212;&#8212;&#8212;&#8212;&#8212;&#8212;&#8212;<\/em><\/p>\n<p style=\"text-align: justify\" align=\"JUSTIFY\"><em>En noviembre de 2013 cinco compa\u00f1eros\/as anarquistas son detenidos\/as en Barcelona acusados\/as del ataque a la bas\u00edlica del Pilar de Zaragoza y de pertenencia a organizaci\u00f3n terrorista. Esta organizaci\u00f3n ser\u00eda, seg\u00fan la prensa y el juez instructor del caso, el \u201cComando Insurreccional Mateo Morral, perteneciente a los Grupos Anarquistas Coordinados, a su vez rama espa\u00f1ola de la FAI\/FRI (Federaci\u00f3n Anarquista Informal\/Frente Revolucionario Internacional)\u201d. Como es sabido, de estas cinco compa\u00f1eras, dos (M\u00f3nica y Francisco) se encuentran actualmente en prisi\u00f3n, si bien todas tienen los mismos cargos.<\/em><\/p>\n<p style=\"text-align: justify\" align=\"JUSTIFY\"><em>La polic\u00eda, la Audiencia Nacional, la prensa, el Estado\u2026 pierden el tiempo buscando \u201corganizaciones terroristas anarco-insurreccionalistas\u201d. No sirve de nada tratar de encontrar estructuras, coordinadoras, grupos o federaciones a las que golpear, ya que el verdadero problema para el sistema, y por si no lo sabe nosotras se lo decimos, no es estructura alguna sino las propias ideas anarquistas y los\/as propios\/as individuos\/as rebeldes.<\/em><\/p>\n<p style=\"text-align: justify\" align=\"JUSTIFY\"><em>No negamos la importancia de coordinarse, de conocerse, de comunicarse, de tejer redes, formales o informales. Lo que decimos simple y llanamente es que en cada individuo\/a existe la semilla de la rebeld\u00eda. En las ideas anarquistas, y en sus pr\u00e1cticas, existe el germen que destruir\u00e1 todo atisbo de poder. Que mientras exista el Estado o cualquier tipo de autoridad habr\u00e1 ideas anti-autoritarias e individuos\/as an\u00e1rquicos\/as dispuestos\/as a acabar con dicha autoridad.<\/em><\/p>\n<p style=\"text-align: justify\" align=\"JUSTIFY\"><em>Mientras quede un\/a solo\/a anarquista la lucha continuar\u00e1. Ya puede el Estado acusar a quien quiera de lo que quiera y se\u00f1alar o intentar amedrentar a nuestro movimiento, a nuestras estructuras y a nuestras compa\u00f1eras, que de poco le va a servir. Hace ya tiempo que lo viene intentando hacer. Especialmente pesado ha sido el Estado en esta tarea en el a\u00f1o que reci\u00e9n ha terminado. Especialmente insistente la prensa con el peligro anarquista, con los atentados, con los\/as violentos\/as antisistema que se infiltran en las manifestaciones. El descontento est\u00e1 sembrado. El germen de la rebeld\u00eda existe y nosotras, anarquistas, seguiremos difundiendo nuestras ideas, nuestras formas de relacionarnos (en las que la autoridad no tiene cabida), nuestras pr\u00e1cticas y seguiremos buscando complicidades con todos\/as aquellos\/as oprimidos\/as que quieran librarse de sus cadenas o que simplemente intenten luchar contra lo que les explota cada d\u00eda.<\/em><\/p>\n<p style=\"text-align: justify\" align=\"JUSTIFY\"><em>Toda nuestra solidaridad con Francisco, M\u00f3nica y el resto de procesadas de Barcelona.<\/em><\/p>\n<p style=\"text-align: justify\" align=\"JUSTIFY\"><em>Toda nuestra solidaridad con los compa\u00f1eros anarquistas de Galicia detenidos el mes de Enero, acusados de atacar una sede de la patronal.<\/em><\/p>\n<p style=\"text-align: justify\" align=\"JUSTIFY\"><em>Toda nuestra solidaridad con las compas detenidas en las diversas manifestaciones y revueltas a lo largo y ancho del Estado espa\u00f1ol y del resto del mundo.<\/em><\/p>\n<p style=\"text-align: justify\" align=\"JUSTIFY\"><em>\u00a1Toda nuestra solidaridad con nuestros\/as presos\/as y con todas las encarceladas rebeldes que pelean por su dignidad!<\/em><\/p>\n<p style=\"text-align: justify\" align=\"JUSTIFY\"><em>Respeto y honor para el compa\u00f1ero Sebasti\u00e1n Oversluij, muerto en Chile, y para todos\/as los\/as ca\u00eddos\/as en la lucha contra la autoridad a lo largo y ancho del globo, a lo largo y ancho de la historia.<\/em><\/p>\n<p style=\"text-align: justify\" align=\"JUSTIFY\"><em>Siempre firmes, siempre anarquistas. Contra toda autoridad, como dijeron otras compa\u00f1eras antes que nosotros, la anarqu\u00eda es inevitable.<\/em><\/p>\n<p style=\"text-align: justify\" align=\"JUSTIFY\"><em>Grupos Anarquistas Coordinados<br \/>\n<\/em><em>Marzo 2014<\/em><\/p>\n","protected":false},"excerpt":{"rendered":"<p>Dejo el siguiente texto, recogido de Contrainfo, y que vuelve a hablarnos sobre la escalada represiva que el anarquismo ib\u00e9rico (y no s\u00f3lo) est\u00e1 experimentando, en paralelo a un incremento del potencial que estas ideas tienen para radicalizar los movimientos &hellip; <a href=\"https:\/\/vozcomoarma.noblogs.org\/?p=3789\">Sigue leyendo <span class=\"meta-nav\">&rarr;<\/span><\/a><\/p>\n","protected":false},"author":7045,"featured_media":0,"comment_status":"closed","ping_status":"open","sticky":false,"template":"","format":"standard","meta":{"footnotes":""},"categories":[132,61,9,27,4,20],"tags":[107,78,16,42,24,19,11],"class_list":["post-3789","post","type-post","status-publish","format-standard","hentry","category-acusadxs-comando-mateo-morral","category-noticias","category-noticias-y-comunicados","category-panfletos","category-publicaciones","category-textos","tag-barcelona","tag-chile","tag-guerra-social","tag-movimientos-sociales","tag-reflexion","tag-represion","tag-solidaridad"],"_links":{"self":[{"href":"https:\/\/vozcomoarma.noblogs.org\/index.php?rest_route=\/wp\/v2\/posts\/3789","targetHints":{"allow":["GET"]}}],"collection":[{"href":"https:\/\/vozcomoarma.noblogs.org\/index.php?rest_route=\/wp\/v2\/posts"}],"about":[{"href":"https:\/\/vozcomoarma.noblogs.org\/index.php?rest_route=\/wp\/v2\/types\/post"}],"author":[{"embeddable":true,"href":"https:\/\/vozcomoarma.noblogs.org\/index.php?rest_route=\/wp\/v2\/users\/7045"}],"replies":[{"embeddable":true,"href":"https:\/\/vozcomoarma.noblogs.org\/index.php?rest_route=%2Fwp%2Fv2%2Fcomments&post=3789"}],"version-history":[{"count":1,"href":"https:\/\/vozcomoarma.noblogs.org\/index.php?rest_route=\/wp\/v2\/posts\/3789\/revisions"}],"predecessor-version":[{"id":3790,"href":"https:\/\/vozcomoarma.noblogs.org\/index.php?rest_route=\/wp\/v2\/posts\/3789\/revisions\/3790"}],"wp:attachment":[{"href":"https:\/\/vozcomoarma.noblogs.org\/index.php?rest_route=%2Fwp%2Fv2%2Fmedia&parent=3789"}],"wp:term":[{"taxonomy":"category","embeddable":true,"href":"https:\/\/vozcomoarma.noblogs.org\/index.php?rest_route=%2Fwp%2Fv2%2Fcategories&post=3789"},{"taxonomy":"post_tag","embeddable":true,"href":"https:\/\/vozcomoarma.noblogs.org\/index.php?rest_route=%2Fwp%2Fv2%2Ftags&post=3789"}],"curies":[{"name":"wp","href":"https:\/\/api.w.org\/{rel}","templated":true}]}}