{"id":3800,"date":"2014-04-30T18:25:48","date_gmt":"2014-04-30T16:25:48","guid":{"rendered":"http:\/\/vozcomoarma.noblogs.org\/?p=3800"},"modified":"2014-05-02T17:32:30","modified_gmt":"2014-05-02T15:32:30","slug":"texto-la-guerra-social","status":"publish","type":"post","link":"https:\/\/vozcomoarma.noblogs.org\/?p=3800","title":{"rendered":"Texto &#8211; La guerra social"},"content":{"rendered":"<p style=\"text-align: justify\">Recojo del blog <em>\u00ab<a href=\"http:\/\/karenhermosilla.blogspot.com.es\/2011\/09\/la-guerra-social.html\">Lo Ferdydurke es mi copiloto<\/a>\u00bb <\/em>el siguiente texto, ya que aunque se trata de una reflexi\u00f3n bastante com\u00fan en cualquier persona que quiera replantearse un m\u00ednimo la clase de hipocres\u00eda que rodea a la criminalizaci\u00f3n de la figura del\/de la encapuchadx, me ha parecido interesante:<\/p>\n<p style=\"text-align: justify\">&#8212;&#8212;&#8212;&#8212;&#8212;&#8212;&#8211;<\/p>\n<p style=\"text-align: justify\" align=\"JUSTIFY\"><em>El Zorro, el Hombre Ara\u00f1a, Linterna Verde, Batman, Hong Kong Fui, y la mayor\u00eda de los superh\u00e9roes, claro, menos el mam\u00f3n extraterrestre proveniente de Kript\u00f3n con complejo de s\u00faperhumano, Superman, cubren su rostro como lo hace un in\u00fatilsubversivoviolentistaantisocial. <\/em><\/p>\n<p style=\"text-align: justify\"><em>Las razones de resguardar la identidad pueden deberse a la necesidad de conseguir una dicotom\u00eda en la personalidad, para as\u00ed disfrutar tanto del arrojo como de la timidez. Esto, sin embargo, parecemos vivirlo de todos modos, aunque no seamos superh\u00e9roes, gracias a la estructura aristot\u00e9lica de el afuera y el adentro. <\/em><\/p>\n<p style=\"text-align: justify\"><em>Desde potrillos nos ense\u00f1an que para que el Viejito Pascuero se acuerde de nosotrxs, debemos portarnos bien en la casa y tambi\u00e9n en el jard\u00edn. Esto se olvida con el descubrimiento de esta mentira blanca y comercial, y la violencia indoor puede llegar a ser pan de cada d\u00eda, mientras muchas veces con el jefe somos unxs vasallxs chupamedias. <\/em><\/p>\n<p style=\"text-align: justify\"><em>Y esto, a cara descubierta. <\/em><\/p>\n<p style=\"text-align: justify\"><em>Todxs nos vemos sometidxs a la hipocres\u00eda social que hace que en la \u201cplaza\u201d nos comportemos distinto de c\u00f3mo lo hacemos con la familia. Porque justamente en extramuros es donde mejor nos debemos comportar. Debemos utilizar una m\u00e1scara sin el\u00e1sticos para asumir roles sociales que el sistema econ\u00f3mico y cultural ha creado para que nosotrxs vivamos seg\u00fan arquetipos perfectos en su intrascendencia y mediocridad. <\/em><\/p>\n<p style=\"text-align: justify\"><em>Es ah\u00ed, en la rebeld\u00eda de esa condici\u00f3n, que surgen las ganas de ser otro. De calzarse un antifaz, un pa\u00f1uelo o un cambucho, neg\u00e1ndonos por verg\u00fcenza y dignidad a ese papel de reparto en una comparsa inconsciente y ab\u00falica, lenta y por lo mismo reaccionaria, idiota en su sordera conseguida en el cotidiano rumor del tr\u00e1fico indolente, o el grito de la misma mujer en cada estaci\u00f3n del metro amenazando con el cierre de puertas. <\/em><\/p>\n<p style=\"text-align: justify\"><em>El rostro humano, sometido a c\u00e1nones y estereotipos de la moda, quiere borrarse a la manera de runa vac\u00eda, pre\u00f1ada de significados que se inventan con la acci\u00f3n. Supeditados a la imagen, los medios reflejan lo evidente. La belleza, la fealdad, la vejez, la lozan\u00eda. Es cuando la farsa desatada es capaz de hablar del \u201crostro endemoniado\u201d de Camila, o el bigote stalinista de Gajardo. <\/em><\/p>\n<p style=\"text-align: justify\"><em>La acci\u00f3n directa es la forma de recrear un nuevo rostro social, ese al que no le importa la apariencia de una sociedad Palumbo, con su pobreza vestida a la moda en Patronato y el mall chino. <\/em><\/p>\n<p style=\"text-align: justify\"><em>Indignadxs, pero de verdad, no s\u00f3lo para componer la mueca del ce\u00f1o fruncido o la arrisc\u00e1 de nariz. Indignadxs como para que el cuerpo obre de rostro, de mirada vitalista y destructora de un sistema ataviado de las postizas pesta\u00f1as del desarrollo econ\u00f3mico, el botox del sue\u00f1o de la casa propia y de la educaci\u00f3n superior, la rinoplastia de la movilidad social y la superaci\u00f3n de la pobreza. <\/em><\/p>\n<p style=\"text-align: justify\"><em>Quieren como queremos, borrar el horror travestido de sofisticaci\u00f3n, el Michael Jackson obligado por el mercado a destruir su naturaleza para el agrado de un consumidor insaciable y mezquino. <\/em><\/p>\n<p style=\"text-align: justify\"><em>La intenci\u00f3n es volver a la batalla pura, a la verdad escondida tras tanta base de maquillaje, para lograr lo primero y m\u00e1s importante: la libertad, el respeto, la desaparici\u00f3n de la usura. <\/em><\/p>\n<p style=\"text-align: justify\"><em>Porque la lucha de clases existe y seguir\u00e1 existiendo, ya no ser\u00e1 m\u00e1s sublimada con la cobard\u00eda del gana pan. La guerra social ha llegado para quedarse.<\/em><\/p>\n<p align=\"JUSTIFY\"><a href=\"https:\/\/vozcomoarma.noblogs.org\/files\/2014\/04\/sabotaje1.jpg\"><img loading=\"lazy\" decoding=\"async\" class=\"aligncenter  wp-image-3801\" alt=\"sabotaje\" src=\"https:\/\/vozcomoarma.noblogs.org\/files\/2014\/04\/sabotaje1.jpg\" width=\"376\" height=\"310\" srcset=\"https:\/\/vozcomoarma.noblogs.org\/files\/2014\/04\/sabotaje1.jpg 497w, https:\/\/vozcomoarma.noblogs.org\/files\/2014\/04\/sabotaje1-300x248.jpg 300w\" sizes=\"auto, (max-width: 376px) 100vw, 376px\" \/><\/a><\/p>\n","protected":false},"excerpt":{"rendered":"<p>Recojo del blog \u00abLo Ferdydurke es mi copiloto\u00bb el siguiente texto, ya que aunque se trata de una reflexi\u00f3n bastante com\u00fan en cualquier persona que quiera replantearse un m\u00ednimo la clase de hipocres\u00eda que rodea a la criminalizaci\u00f3n de la &hellip; <a href=\"https:\/\/vozcomoarma.noblogs.org\/?p=3800\">Sigue leyendo <span class=\"meta-nav\">&rarr;<\/span><\/a><\/p>\n","protected":false},"author":7045,"featured_media":0,"comment_status":"closed","ping_status":"open","sticky":false,"template":"","format":"standard","meta":{"footnotes":""},"categories":[20],"tags":[16,24,19],"class_list":["post-3800","post","type-post","status-publish","format-standard","hentry","category-textos","tag-guerra-social","tag-reflexion","tag-represion"],"_links":{"self":[{"href":"https:\/\/vozcomoarma.noblogs.org\/index.php?rest_route=\/wp\/v2\/posts\/3800","targetHints":{"allow":["GET"]}}],"collection":[{"href":"https:\/\/vozcomoarma.noblogs.org\/index.php?rest_route=\/wp\/v2\/posts"}],"about":[{"href":"https:\/\/vozcomoarma.noblogs.org\/index.php?rest_route=\/wp\/v2\/types\/post"}],"author":[{"embeddable":true,"href":"https:\/\/vozcomoarma.noblogs.org\/index.php?rest_route=\/wp\/v2\/users\/7045"}],"replies":[{"embeddable":true,"href":"https:\/\/vozcomoarma.noblogs.org\/index.php?rest_route=%2Fwp%2Fv2%2Fcomments&post=3800"}],"version-history":[{"count":4,"href":"https:\/\/vozcomoarma.noblogs.org\/index.php?rest_route=\/wp\/v2\/posts\/3800\/revisions"}],"predecessor-version":[{"id":3828,"href":"https:\/\/vozcomoarma.noblogs.org\/index.php?rest_route=\/wp\/v2\/posts\/3800\/revisions\/3828"}],"wp:attachment":[{"href":"https:\/\/vozcomoarma.noblogs.org\/index.php?rest_route=%2Fwp%2Fv2%2Fmedia&parent=3800"}],"wp:term":[{"taxonomy":"category","embeddable":true,"href":"https:\/\/vozcomoarma.noblogs.org\/index.php?rest_route=%2Fwp%2Fv2%2Fcategories&post=3800"},{"taxonomy":"post_tag","embeddable":true,"href":"https:\/\/vozcomoarma.noblogs.org\/index.php?rest_route=%2Fwp%2Fv2%2Ftags&post=3800"}],"curies":[{"name":"wp","href":"https:\/\/api.w.org\/{rel}","templated":true}]}}