{"id":3870,"date":"2014-05-08T19:50:19","date_gmt":"2014-05-08T17:50:19","guid":{"rendered":"http:\/\/vozcomoarma.noblogs.org\/?p=3870"},"modified":"2014-05-08T21:03:20","modified_gmt":"2014-05-08T19:03:20","slug":"francia-cronica-de-la-manifestacion-libertaria-del-1-de-mayo-en-paris","status":"publish","type":"post","link":"https:\/\/vozcomoarma.noblogs.org\/?p=3870","title":{"rendered":"Francia &#8211; Cr\u00f3nica de la manifestaci\u00f3n libertaria del 1 de mayo en Par\u00eds"},"content":{"rendered":"<p align=\"JUSTIFY\"><em><span style=\"font-style: normal\">Esta cr\u00f3nica, recogida de <a href=\"http:\/\/es.contrainfo.espiv.net\/2014\/05\/06\/paris-cronica-del-primero-de-mayo\/\">Contrainfo<\/a>, relata los hechos sucedidos durante la manifestaci\u00f3n libertaria del 1 de mayo en Par\u00eds, Francia, donde sindicatos proclamados \u00abanarquistas\u00bb (m\u00e1s quisieran) como CNT* y otros intentaron proteger los s\u00edmbolos de la miseria y explotaci\u00f3n cotidiana de la rabia de aquellxs que a pesar de las llamadas a la calma de lxs anarcosindicalistas tomaron la iniciativa y reventaron los cristales y oficinas de los explotadores, adem\u00e1s de mantener enfrentamientos con la polic\u00eda que proteg\u00eda dichas estructuras.<\/span><\/em><\/p>\n<p style=\"font-style: normal\" align=\"JUSTIFY\">Porque vuestros inofensivos paseos con pancartas no van a cambiar nada.<br \/>\nPorque la libertad y la dignidad no se negocian.<br \/>\nPorque violencia es cada d\u00eda en este mundo de mierda.<\/p>\n<p style=\"font-style: normal\" align=\"JUSTIFY\">* Antes de nada, conviene aclarar que el sindicato CNT al que hace referencia el texto NO forma parte de la misma organizaci\u00f3n que lleva sus siglas en el Estado espa\u00f1ol. Me explico. La CNT francesa (Conf\u00e9d\u00e9ration Nationale du Travail), a pesar de que las siglas significan lo mismo que las de la CNT ib\u00e9rica (de la que tom\u00f3 el nombre como referencia), fue fundada en 1946 en Francia y ser\u00eda una escisi\u00f3n espec\u00edficamente anarcosindical de CGT (que estaba integrada tanto por algunos anarquistas como por marxistas).\u00a0 A esta escisi\u00f3n se unieron tras la Segunda Guerra Mundial algunxs activistas de la CNT espa\u00f1ola que permanec\u00edan en el exilio en Francia, as\u00ed como buena parte de j\u00f3venes francesxs de la \u00e9poca que hab\u00edan participado en los movimientos de resistencia contra la ocupaci\u00f3n nazi. Tras varias nuevas escisiones, que fueron edulcorando y miserabilizando progresivamente el perfil de su militancia, el sindicato que hoy lleva las siglas CNT se asemejar\u00eda m\u00e1s a la CGT espa\u00f1ola, con la que mantendr\u00eda v\u00ednculos asociativos, mientras que la CNT-AIT (Conf\u00e9d\u00e9ration Nationale du Travail &#8211; Association Internationale des Travailleurs) ser\u00eda la hom\u00f3loga real a la CNT espa\u00f1ola. Todo este l\u00edo de siglas, t\u00edpico de las\u00a0 sectas (perd\u00f3n, organizaciones) que se empe\u00f1an en seguir con el fallido modelo formal, lo aclaro para que las cr\u00edticas, m\u00e1s que merecidas, contra la CNT francesa no salpiquen a la CNT espa\u00f1ola, la cual, aunque tampoco es santo de mi devoci\u00f3n ni mucho menos, no es en este caso responsable de lo que hayan hecho sus imitadores gavachos. En cualquier caso, tampoco s\u00e9 cu\u00e1l fue la posici\u00f3n espec\u00edfica de la CNT-AIT francesa al respecto de las acciones de sabotaje y los disturbios que se dieron dentro de su manifestaci\u00f3n por parte de diferentes colectivos y grupos aut\u00f3nomos (tampoco ser\u00eda la primera vez que la CNT-AIT act\u00faa de forma similar a c\u00f3mo actu\u00f3 la CNT francesa en los hechos relatados a continuaci\u00f3n).<\/p>\n<p style=\"font-style: normal\" align=\"JUSTIFY\">&#8212;&#8212;&#8212;&#8212;&#8212;&#8212;&#8212;&#8212;&#8212;&#8212;&#8212;<\/p>\n<p style=\"text-align: justify\"><em>\u00abO, sino, \u00a1va a explotar!\u00bb sobre la manifestaci\u00f3n libertaria del 1\u00ba de mayo en Par\u00eds.<\/em><\/p>\n<p><em>La tradicional mani libertaria del 1\u00ba de mayo (convocada por la FA, CNT, CNT-AIT y AL) se desarroll\u00f3 este a\u00f1o bajo la lluvia y trozos de escaparates.<\/em><\/p>\n<p style=\"text-align: justify\"><em>Algunos cientos de personas participaron y no todo se desarroll\u00f3 con la tranquilidad de las siglas de los camiones-altavoces. Al llegar a la tienda Franprix (de alimentos) de la calle de Belleville, varias personas entraron para una expropiaci\u00f3n. El vigilante se interpuso y algunos empleados intentaron bajar la persiana de metal. Como respuesta, varios golpes de palos terminaron reventando las cristaleras. Poco despu\u00e9s, en la misma calle, dos bancos fueron atacados. Mientras un RG (miembro de los servicios de informaci\u00f3n), el coordinador habitual de los maderos en las manifestaciones, se acercaba demasiado, fue rechazado y golpeado. El SO (Servicio de Orden, los que llevan la seguridad de cada organizaci\u00f3n y con pegatinas de la CNT, la mayor\u00eda) que ya hab\u00eda intervenido para calmar las cosas cerca de un banco, se interpuso para proteger al madero y que no se liara. Sigui\u00f3 una agarrada en la que los organizadores, rabiosos por no poder controlar todo lo que ocurr\u00eda, exigieron que lxs que la romp\u00edan se fueran de \u00absu\u00bb manifestaci\u00f3n.<\/em><\/p>\n<p style=\"text-align: justify\"><em>M\u00e1s all\u00e1, cae todo el escaparate de un Monoprix (supermercado) y se destroza un cajero autom\u00e1tico del banco Cr\u00e9dit Lyonnais. En la esquina siguiente los antidisturbios est\u00e1n amontonados protegiendo otro banco y reciben botellas y piedras.<\/em><\/p>\n<p style=\"text-align: justify\"><em>En los altavoces, un bur\u00f3crata de la CNT anuncia que su organizaci\u00f3n no quiere seguir manifest\u00e1ndose en un ambiente de extrema violencia no decidida colectivamente (\u00a1sic!)\u2026 A partir de este momento, la marcha sigue por el boulevard Beaumarchais escoltada por los polic\u00edas de uniformes de antidisturbios y de civil. Mientras se siente la presi\u00f3n policial aumentando, la mani toma la calle estrecha del Chemin Vert y se encuentra bloqueada, tal y como pod\u00edamos esperar. Minutos despu\u00e9s, los maderos dejan la mani continuar y dejar a algunas personas pasar por un recorrido y el embudo se cierra sobre algunas personas. Otros se interponen y los maderos gasean, aporrean y a lxs arrestadxs lxs aplastan contra el suelo y lxs sacan del cord\u00f3n policial. La escena se repite, al menos, otras tres veces mientras la CNT se preocupa solamente de sus veh\u00edculos.<\/em><\/p>\n<p style=\"text-align: justify\"><em>Al menos, dos personas fueron arrestadas y se encuentran actualmente bajo detenci\u00f3n, no sabemos a\u00fan por qu\u00e9.<\/em><\/p>\n<p style=\"text-align: justify\"><em>Hoy, por la respetabilidad de su organizaci\u00f3n, algunos libertarios se han disociado por unas ventanas rotas de bancos y de supermercados. El SO trabaj\u00f3 mano en mano con los secretas para mantener la \u00abcompostura\u00bb de la manifestaci\u00f3n.<\/em><\/p>\n<p style=\"text-align: justify\"><em>Nos solidarizamos con las personas arrestadas. Lo que puede romper con el ambiente de monoton\u00eda nos alegra y la rabia contra este mundo no se puede contener en el recorrido de una manifestaci\u00f3n congestionada entre los maderos y el servicio de orden de los sindicatos.<\/em><\/p>\n<p style=\"text-align: justify\"><em>\u00a1Solidaridad con lxs arrestadxs!<\/em><br \/>\n<em> \u00a1Pillaje, saqueo, sabotaje!<\/em><br \/>\n<em> \u00a1Libertad para todxs!<\/em><\/p>\n<p style=\"margin-bottom: 0cm;text-align: justify\" align=\"JUSTIFY\"><a href=\"https:\/\/vozcomoarma.noblogs.org\/files\/2014\/05\/monopgoncort.jpg\"><img loading=\"lazy\" decoding=\"async\" class=\"aligncenter size-full wp-image-3871\" src=\"https:\/\/vozcomoarma.noblogs.org\/files\/2014\/05\/monopgoncort.jpg\" alt=\"Escaparate reventado Par\u00eds\" width=\"546\" height=\"784\" srcset=\"https:\/\/vozcomoarma.noblogs.org\/files\/2014\/05\/monopgoncort.jpg 546w, https:\/\/vozcomoarma.noblogs.org\/files\/2014\/05\/monopgoncort-208x300.jpg 208w\" sizes=\"auto, (max-width: 546px) 100vw, 546px\" \/><\/a><\/p>\n<p style=\"margin-bottom: 0cm;text-align: justify\" align=\"JUSTIFY\">\n","protected":false},"excerpt":{"rendered":"<p>Esta cr\u00f3nica, recogida de Contrainfo, relata los hechos sucedidos durante la manifestaci\u00f3n libertaria del 1 de mayo en Par\u00eds, Francia, donde sindicatos proclamados \u00abanarquistas\u00bb (m\u00e1s quisieran) como CNT* y otros intentaron proteger los s\u00edmbolos de la miseria y explotaci\u00f3n cotidiana &hellip; <a href=\"https:\/\/vozcomoarma.noblogs.org\/?p=3870\">Sigue leyendo <span class=\"meta-nav\">&rarr;<\/span><\/a><\/p>\n","protected":false},"author":7045,"featured_media":0,"comment_status":"closed","ping_status":"open","sticky":false,"template":"","format":"standard","meta":{"footnotes":""},"categories":[58,61,9],"tags":[21,54,16,26,42,24,19,10,11],"class_list":["post-3870","post","type-post","status-publish","format-standard","hentry","category-acciones","category-noticias","category-noticias-y-comunicados","tag-disturbios","tag-francia","tag-guerra-social","tag-insurreccionalismo","tag-movimientos-sociales","tag-reflexion","tag-represion","tag-sabotaje","tag-solidaridad"],"_links":{"self":[{"href":"https:\/\/vozcomoarma.noblogs.org\/index.php?rest_route=\/wp\/v2\/posts\/3870","targetHints":{"allow":["GET"]}}],"collection":[{"href":"https:\/\/vozcomoarma.noblogs.org\/index.php?rest_route=\/wp\/v2\/posts"}],"about":[{"href":"https:\/\/vozcomoarma.noblogs.org\/index.php?rest_route=\/wp\/v2\/types\/post"}],"author":[{"embeddable":true,"href":"https:\/\/vozcomoarma.noblogs.org\/index.php?rest_route=\/wp\/v2\/users\/7045"}],"replies":[{"embeddable":true,"href":"https:\/\/vozcomoarma.noblogs.org\/index.php?rest_route=%2Fwp%2Fv2%2Fcomments&post=3870"}],"version-history":[{"count":5,"href":"https:\/\/vozcomoarma.noblogs.org\/index.php?rest_route=\/wp\/v2\/posts\/3870\/revisions"}],"predecessor-version":[{"id":3898,"href":"https:\/\/vozcomoarma.noblogs.org\/index.php?rest_route=\/wp\/v2\/posts\/3870\/revisions\/3898"}],"wp:attachment":[{"href":"https:\/\/vozcomoarma.noblogs.org\/index.php?rest_route=%2Fwp%2Fv2%2Fmedia&parent=3870"}],"wp:term":[{"taxonomy":"category","embeddable":true,"href":"https:\/\/vozcomoarma.noblogs.org\/index.php?rest_route=%2Fwp%2Fv2%2Fcategories&post=3870"},{"taxonomy":"post_tag","embeddable":true,"href":"https:\/\/vozcomoarma.noblogs.org\/index.php?rest_route=%2Fwp%2Fv2%2Ftags&post=3870"}],"curies":[{"name":"wp","href":"https:\/\/api.w.org\/{rel}","templated":true}]}}