{"id":3990,"date":"2014-05-12T17:12:04","date_gmt":"2014-05-12T15:12:04","guid":{"rendered":"http:\/\/vozcomoarma.noblogs.org\/?p=3990"},"modified":"2014-05-12T17:21:54","modified_gmt":"2014-05-12T15:21:54","slug":"adif-vuestras-manos-estan-manchadas-de-sangre","status":"publish","type":"post","link":"https:\/\/vozcomoarma.noblogs.org\/?p=3990","title":{"rendered":"[Panfleto] ADIF \u00a1Vuestras manos est\u00e1n manchadas de sangre!"},"content":{"rendered":"<p style=\"text-align: justify\">Os dejo este escrito, correspondiente a un panfleto que se ha estado repartiendo en los \u00faltimos d\u00edas en la estaci\u00f3n de tren de esta ciudad, dejado dentro de los propios trenes etc.<\/p>\n<p><em>&#8212;&#8212;&#8212;&#8212;&#8212;&#8212;&#8212;&#8211;<\/em><\/p>\n<p><em><strong>ADIF \u00a1Vuestras manos est\u00e1n manchadas de sangre!<\/strong><\/em><\/p>\n<p style=\"text-align: justify\"><em>El juez Alaez acaba de imputar a varios altos cargos de la empresa ADIF (Administraci\u00f3n de Infraestructuras Ferroviarias) por delitos de corrupci\u00f3n. Estas personas son responsables de sobornos, prevaricaci\u00f3n\u00a0 y robo de varios millones de euros destinados en un primer momento a las obras del AVE, inflando presupuestos y alterando datos de las obras para desviar el dinero invertido a mayores.<\/em><\/p>\n<p style=\"text-align: justify\"><em>Hace unos meses una tragedia oscurec\u00eda nuestras miradas llenando de l\u00e1grimas los ojos de muchas familias. Un tren a toda velocidad descarrilaba a su paso por el barrio de Angrois, en Santiago de Compostela, matando a muchos\/as pasajeros\/as e hiriendo gravemente a los\/as dem\u00e1s, tanto a nivel psicol\u00f3gico como f\u00edsico. Son muchos\/as los y las ciudadanos\/as galegos\/as o no que perdieron familiares o amigos\/as en aquella tragedia, una tragedia que se podr\u00eda haber evitado de contar las v\u00edas con las correspondientes medidas de seguridad, que ya fueron propuestas al comienzo de las obras pero que, por diferentes razones (corruptelas de unos y de otros) no fueron debidamente instaladas, dando lugar a una serie de irregularidades ignoradas hasta que fue demasiado tarde y la sangre salpic\u00f3 a quienes menos merecian pagar las consecuencias.<\/em><\/p>\n<p style=\"text-align: justify\"><em>Esos que amasan montones de dinero robado mientras se parten de risa con las desgracias que causan sus chanchullos son los que luego pretenden darnos lecciones de moralidad y justicia, llen\u00e1ndose la boca con discursos que hablan de respeto a la propiedad privada, de trabajo duro y esfuerzo. Nosotrxs decimos que ya basta de tomaduras de pelo.<\/em><\/p>\n<p style=\"text-align: justify\"><em>Esto no es m\u00e1s que otro ejemplo de c\u00f3mo en esta sociedad asquerosa no hay fortuna honesta, y que los aut\u00e9nticos ladrones, criminales y terroristas visten traje y corbata, y casi nunca pisan la c\u00e1rcel.<\/em><\/p>\n<p style=\"text-align: justify\"><em>Os invitamos a todas a tomar la iniciativa contra RENFE-ADIF. Extendamos la informaci\u00f3n que se nos oculta desde los principales medios de comunicaci\u00f3n, que pagados por estos empresarios sirven a sus intereses. Ataquemos sus obras de todas las formas posibles. Seamos creativas&#8230;<\/em><\/p>\n<p style=\"text-align: justify\"><em>Si ante esta situaci\u00f3n decides no hacer nada, piensa que t\u00fa tambi\u00e9n podr\u00edas haber sido una v\u00edctima en el accidente de Angrois. Las muertes no fueron casualidad, tienen culpables y todas sabemos qui\u00e9nes son. Hag\u00e1mosles pagar.<\/em><\/p>\n<p style=\"text-align: justify\"><em>No fue un accidente. Fue una matanza&#8230;<\/em><\/p>\n<p style=\"margin-bottom: 0cm\" align=\"JUSTIFY\"><a href=\"https:\/\/vozcomoarma.noblogs.org\/files\/2014\/05\/Vi\u00f1eta-Quino.jpg\"><img loading=\"lazy\" decoding=\"async\" class=\"aligncenter size-full wp-image-3991\" src=\"https:\/\/vozcomoarma.noblogs.org\/files\/2014\/05\/Vi\u00f1eta-Quino.jpg\" alt=\"Vi\u00f1eta Quino\" width=\"450\" height=\"590\" srcset=\"https:\/\/vozcomoarma.noblogs.org\/files\/2014\/05\/Vi\u00f1eta-Quino.jpg 450w, https:\/\/vozcomoarma.noblogs.org\/files\/2014\/05\/Vi\u00f1eta-Quino-228x300.jpg 228w\" sizes=\"auto, (max-width: 450px) 100vw, 450px\" \/><\/a><\/p>\n","protected":false},"excerpt":{"rendered":"<p>Os dejo este escrito, correspondiente a un panfleto que se ha estado repartiendo en los \u00faltimos d\u00edas en la estaci\u00f3n de tren de esta ciudad, dejado dentro de los propios trenes etc. &#8212;&#8212;&#8212;&#8212;&#8212;&#8212;&#8212;&#8211; ADIF \u00a1Vuestras manos est\u00e1n manchadas de sangre! &hellip; <a href=\"https:\/\/vozcomoarma.noblogs.org\/?p=3990\">Sigue leyendo <span class=\"meta-nav\">&rarr;<\/span><\/a><\/p>\n","protected":false},"author":7045,"featured_media":0,"comment_status":"closed","ping_status":"open","sticky":false,"template":"","format":"standard","meta":{"footnotes":""},"categories":[27,4,20],"tags":[35,40,18,24,11],"class_list":["post-3990","post","type-post","status-publish","format-standard","hentry","category-panfletos","category-publicaciones","category-textos","tag-asesinato-de-estado","tag-especulacion","tag-galicia","tag-reflexion","tag-solidaridad"],"_links":{"self":[{"href":"https:\/\/vozcomoarma.noblogs.org\/index.php?rest_route=\/wp\/v2\/posts\/3990","targetHints":{"allow":["GET"]}}],"collection":[{"href":"https:\/\/vozcomoarma.noblogs.org\/index.php?rest_route=\/wp\/v2\/posts"}],"about":[{"href":"https:\/\/vozcomoarma.noblogs.org\/index.php?rest_route=\/wp\/v2\/types\/post"}],"author":[{"embeddable":true,"href":"https:\/\/vozcomoarma.noblogs.org\/index.php?rest_route=\/wp\/v2\/users\/7045"}],"replies":[{"embeddable":true,"href":"https:\/\/vozcomoarma.noblogs.org\/index.php?rest_route=%2Fwp%2Fv2%2Fcomments&post=3990"}],"version-history":[{"count":7,"href":"https:\/\/vozcomoarma.noblogs.org\/index.php?rest_route=\/wp\/v2\/posts\/3990\/revisions"}],"predecessor-version":[{"id":4002,"href":"https:\/\/vozcomoarma.noblogs.org\/index.php?rest_route=\/wp\/v2\/posts\/3990\/revisions\/4002"}],"wp:attachment":[{"href":"https:\/\/vozcomoarma.noblogs.org\/index.php?rest_route=%2Fwp%2Fv2%2Fmedia&parent=3990"}],"wp:term":[{"taxonomy":"category","embeddable":true,"href":"https:\/\/vozcomoarma.noblogs.org\/index.php?rest_route=%2Fwp%2Fv2%2Fcategories&post=3990"},{"taxonomy":"post_tag","embeddable":true,"href":"https:\/\/vozcomoarma.noblogs.org\/index.php?rest_route=%2Fwp%2Fv2%2Ftags&post=3990"}],"curies":[{"name":"wp","href":"https:\/\/api.w.org\/{rel}","templated":true}]}}