{"id":4063,"date":"2014-05-18T14:32:39","date_gmt":"2014-05-18T12:32:39","guid":{"rendered":"http:\/\/vozcomoarma.noblogs.org\/?p=4063"},"modified":"2014-05-19T20:55:09","modified_gmt":"2014-05-19T18:55:09","slug":"ii-marcha-al-talego-de-tarragona","status":"publish","type":"post","link":"https:\/\/vozcomoarma.noblogs.org\/?p=4063","title":{"rendered":"II Marcha al talego de Tarragona"},"content":{"rendered":"<p style=\"text-align: justify\">Un buen compa que anda por tierras catalanas me env\u00eda esta convocatoria para un a\u00f1o m\u00e1s participar en la marcha a la prisi\u00f3n de Tarragona, con el objetivo de romper el silencio y acercar a las personas all\u00ed confinadas un pedazo de solidaridad y cari\u00f1o, contra el aislamiento, el silencio y la apat\u00eda que los muros crean a su alrededor, apartando as\u00ed la miseria de la vista de una sociedad desmembrada y enferma.<\/p>\n<p style=\"text-align: justify\">La marcha tendr\u00e1 lugar el pr\u00f3ximo domingo 1 de junio y el programa previsto ser\u00e1 el siguiente:<\/p>\n<p style=\"text-align: justify\">12:00 &#8211; Salida desde el Balc\u00f3 del Mediterrani en direcci\u00f3n a la prisi\u00f3n.<br \/>\n14:30 &#8211; Comedor en el parque de Sant Rafael (el dinero recaudado ir\u00e1 destinado a compa\u00f1erxs anarquistas encarceladxs).<br \/>\n17:00 &#8211; Presentaci\u00f3n del libro <em>\u00abC\u00e1rceles en llamas: El movimiento de presxs sociales en la transici\u00f3n\u00bb <\/em>a cargo de su autor C\u00e9sar Lorenzo Rubio (ver el v\u00eddeo que a\u00f1ado a continuaci\u00f3n para m\u00e1s informaci\u00f3n).<\/p>\n<p style=\"text-align: center\">[vsw id=\u00bb79797954&#8243; source=\u00bbvimeo\u00bb width=\u00bb425&#8243; height=\u00bb344&#8243; autoplay=\u00bbno\u00bb]<\/p>\n<p style=\"text-align: center\"><a href=\"https:\/\/vozcomoarma.noblogs.org\/files\/2014\/05\/cartell-marxa.jpg\"><img loading=\"lazy\" decoding=\"async\" class=\"aligncenter size-full wp-image-4064\" src=\"https:\/\/vozcomoarma.noblogs.org\/files\/2014\/05\/cartell-marxa.jpg\" alt=\"cartell marxa\" width=\"3508\" height=\"2480\" srcset=\"https:\/\/vozcomoarma.noblogs.org\/files\/2014\/05\/cartell-marxa.jpg 3508w, https:\/\/vozcomoarma.noblogs.org\/files\/2014\/05\/cartell-marxa-300x212.jpg 300w, https:\/\/vozcomoarma.noblogs.org\/files\/2014\/05\/cartell-marxa-1024x723.jpg 1024w\" sizes=\"auto, (max-width: 3508px) 100vw, 3508px\" \/><\/a><\/p>\n","protected":false},"excerpt":{"rendered":"<p>Un buen compa que anda por tierras catalanas me env\u00eda esta convocatoria para un a\u00f1o m\u00e1s participar en la marcha a la prisi\u00f3n de Tarragona, con el objetivo de romper el silencio y acercar a las personas all\u00ed confinadas un &hellip; <a href=\"https:\/\/vozcomoarma.noblogs.org\/?p=4063\">Sigue leyendo <span class=\"meta-nav\">&rarr;<\/span><\/a><\/p>\n","protected":false},"author":7045,"featured_media":0,"comment_status":"closed","ping_status":"open","sticky":false,"template":"","format":"standard","meta":{"footnotes":""},"categories":[59,61,9,7],"tags":[17,48,16,42,19,11,71],"class_list":["post-4063","post","type-post","status-publish","format-standard","hentry","category-convocatorias","category-noticias","category-noticias-y-comunicados","category-presxs","tag-carcel","tag-cataluna","tag-guerra-social","tag-movimientos-sociales","tag-represion","tag-solidaridad","tag-tortura"],"_links":{"self":[{"href":"https:\/\/vozcomoarma.noblogs.org\/index.php?rest_route=\/wp\/v2\/posts\/4063","targetHints":{"allow":["GET"]}}],"collection":[{"href":"https:\/\/vozcomoarma.noblogs.org\/index.php?rest_route=\/wp\/v2\/posts"}],"about":[{"href":"https:\/\/vozcomoarma.noblogs.org\/index.php?rest_route=\/wp\/v2\/types\/post"}],"author":[{"embeddable":true,"href":"https:\/\/vozcomoarma.noblogs.org\/index.php?rest_route=\/wp\/v2\/users\/7045"}],"replies":[{"embeddable":true,"href":"https:\/\/vozcomoarma.noblogs.org\/index.php?rest_route=%2Fwp%2Fv2%2Fcomments&post=4063"}],"version-history":[{"count":5,"href":"https:\/\/vozcomoarma.noblogs.org\/index.php?rest_route=\/wp\/v2\/posts\/4063\/revisions"}],"predecessor-version":[{"id":4123,"href":"https:\/\/vozcomoarma.noblogs.org\/index.php?rest_route=\/wp\/v2\/posts\/4063\/revisions\/4123"}],"wp:attachment":[{"href":"https:\/\/vozcomoarma.noblogs.org\/index.php?rest_route=%2Fwp%2Fv2%2Fmedia&parent=4063"}],"wp:term":[{"taxonomy":"category","embeddable":true,"href":"https:\/\/vozcomoarma.noblogs.org\/index.php?rest_route=%2Fwp%2Fv2%2Fcategories&post=4063"},{"taxonomy":"post_tag","embeddable":true,"href":"https:\/\/vozcomoarma.noblogs.org\/index.php?rest_route=%2Fwp%2Fv2%2Ftags&post=4063"}],"curies":[{"name":"wp","href":"https:\/\/api.w.org\/{rel}","templated":true}]}}