{"id":4067,"date":"2014-05-18T14:57:29","date_gmt":"2014-05-18T12:57:29","guid":{"rendered":"http:\/\/vozcomoarma.noblogs.org\/?p=4067"},"modified":"2014-05-19T00:13:00","modified_gmt":"2014-05-18T22:13:00","slug":"vuelve-anarquia-als-carrers","status":"publish","type":"post","link":"https:\/\/vozcomoarma.noblogs.org\/?p=4067","title":{"rendered":"Vuelve \u00abAnarqu\u00eda als carrers\u00bb"},"content":{"rendered":"<p style=\"text-align: justify\">Unx de lxs \u00abcorresponsales\u00bb del blog en tierras catalanas env\u00eda esta convocatoria para su difusi\u00f3n. Llega un a\u00f1o m\u00e1s <em>\u00abAnarqu\u00eda als carrers\u00bb <\/em>(Anarqu\u00eda en las calles), un espacio aut\u00f3nomo de encuentro para intercambiar materiales, deseos y perspectivas, pero sobre todo donde recuperar la calle como un espacio para la creaci\u00f3n, refuerzo y cuidado de las comunidades humanas, hoy casi extintas entre muchedumbres masificadas sin rostro que caminan como fantasmas por calles videovigiladas con ambos lados cubiertos de escaparate, imagen y est\u00edmulos artificiales que funcionan para impedir que nos demos cuenta de que, mientras nos regocijamos de los \u00abplaceres\u00bb de su suced\u00e1neo de existencia a pagar en inc\u00f3modos plazos, nos est\u00e1n robando la vida.<\/p>\n<p>Contra la sociedad-c\u00e1rcel del aislamiento masificado, okupemos las calles sin permiso.<\/p>\n<p>&#8212;&#8212;&#8212;&#8212;&#8212;&#8212;<\/p>\n<p style=\"text-align: justify\"><em>Anarqu\u00eda Als Carrers \/ Anarqu\u00eda en las calles<\/em><\/p>\n<p style=\"text-align: justify\"><em>7 de junio de 2014 en Poble Sec<\/em><\/p>\n<p style=\"text-align: justify\"><em>11:00 \u2013 Encuentro de distris y propaganda (plaza Navas)<\/em><br \/>\n<em> 13:00 \u2013 Ruta: Las c\u00e1maras de videovigilancia en las calles.<\/em><br \/>\n<em> Y despu\u00e9s&#8230; Comedor en el Ateneo Anarquista de Poble Sec<\/em><\/p>\n<p style=\"text-align: justify\"><em>\u201cLas calles han sido hist\u00f3ricamente espacios de confluencia, de socializaci\u00f3n, de intercambio entre personas. La configuraci\u00f3n urban\u00edstica y la gesti\u00f3n del tiempo tienden cada vez m\u00e1s a la parcelaci\u00f3n de todos los \u00e1mbitos de nuestras vidas (\u00e1mbito p\u00fablico\/privado, lugar de trabajo, centros de ocio y consumo&#8230;) de manera que el espacio p\u00fablico como espacio de encuentro, de conspiraci\u00f3n cotidiana, est\u00e1 dejando de existir para convertirse en lugar de paso entre estas parcelas. A las instancias del poder siempre les ha interesado recuperar estos espacios y momentos, sea a trav\u00e9s de la mediaci\u00f3n, de la regulaci\u00f3n o en el peor de los casos de la eliminaci\u00f3n o la conversi\u00f3n en espacios inh\u00f3spitos y des\u00e9rticos, sin vida. Por si eso no fuese suficiente, graban y controlan nuestros movimientos con c\u00e1maras de v\u00eddeo-vigilancia. Si abandonamos las calles estaremos negando as\u00ed toda posibilidad de existencia en momentos de complicidad, de espontaneidad, que escapen al control estatal, que no pasen por la cesi\u00f3n, la permisividad y la demanda. Por eso, las calles, las plazas, han sido siempre n\u00facleos ciertamente importantes de agitaci\u00f3n, de propaganda y de difusi\u00f3n de las ideas por los y las anarquistas. Reuniones, m\u00edtines, brotes de conflictos y enfrentamientos con la autoridad forman parte de la historia de las calles de los barrios que habitamos.<\/em><\/p>\n<p style=\"text-align: justify\"><em>La represi\u00f3n y la propaganda del poder con sus mecanismos (transici\u00f3n democr\u00e1tica, creaci\u00f3n de un enemigo interno, dispositivos de alienaci\u00f3n como la tecnolog\u00eda, el control, la pacificaci\u00f3n&#8230;) as\u00ed como nuestros propios l\u00edmites y carencias, han desencadenado que el anarquismo en los \u00fatimos a\u00f1os muchas veces haya quedado replegado, perdiendo visibilidad y perdiendo en parte la calle como lugar de actuaci\u00f3n de las luchas e incluso de la m\u00e1s simple cotidianidad, tan necesaria para generar afinidades. Esta iniciativa precisamente es una contribuci\u00f3n a romper con esta invisibilidad con una \u00fanica voluntad: El placer de encontrarnos, de generar espacios de intercambio y complicidad con autonom\u00eda, de tejer v\u00ednculos basados en el deseo de revuelta.<\/em><\/p>\n<p style=\"text-align: justify\"><em>\u00a1\u00a1HAGAMOS QUE VIVA LA ANARQU\u00cdA!!<\/em><\/p>\n<p style=\"margin-bottom: 0cm;text-align: justify\"><a href=\"https:\/\/vozcomoarma.noblogs.org\/files\/2014\/05\/a_carrers_web.jpg\"><img loading=\"lazy\" decoding=\"async\" class=\"aligncenter size-full wp-image-4070\" src=\"https:\/\/vozcomoarma.noblogs.org\/files\/2014\/05\/a_carrers_web.jpg\" alt=\"Anarqu\u00eda als carrers\" width=\"841\" height=\"1190\" srcset=\"https:\/\/vozcomoarma.noblogs.org\/files\/2014\/05\/a_carrers_web.jpg 841w, https:\/\/vozcomoarma.noblogs.org\/files\/2014\/05\/a_carrers_web-212x300.jpg 212w, https:\/\/vozcomoarma.noblogs.org\/files\/2014\/05\/a_carrers_web-723x1024.jpg 723w\" sizes=\"auto, (max-width: 841px) 100vw, 841px\" \/><\/a><\/p>\n","protected":false},"excerpt":{"rendered":"<p>Unx de lxs \u00abcorresponsales\u00bb del blog en tierras catalanas env\u00eda esta convocatoria para su difusi\u00f3n. Llega un a\u00f1o m\u00e1s \u00abAnarqu\u00eda als carrers\u00bb (Anarqu\u00eda en las calles), un espacio aut\u00f3nomo de encuentro para intercambiar materiales, deseos y perspectivas, pero sobre todo &hellip; <a href=\"https:\/\/vozcomoarma.noblogs.org\/?p=4067\">Sigue leyendo <span class=\"meta-nav\">&rarr;<\/span><\/a><\/p>\n","protected":false},"author":7045,"featured_media":0,"comment_status":"closed","ping_status":"open","sticky":false,"template":"","format":"standard","meta":{"footnotes":""},"categories":[59,61,9],"tags":[107,48,16,42,24,19,29],"class_list":["post-4067","post","type-post","status-publish","format-standard","hentry","category-convocatorias","category-noticias","category-noticias-y-comunicados","tag-barcelona","tag-cataluna","tag-guerra-social","tag-movimientos-sociales","tag-reflexion","tag-represion","tag-urbanismo"],"_links":{"self":[{"href":"https:\/\/vozcomoarma.noblogs.org\/index.php?rest_route=\/wp\/v2\/posts\/4067","targetHints":{"allow":["GET"]}}],"collection":[{"href":"https:\/\/vozcomoarma.noblogs.org\/index.php?rest_route=\/wp\/v2\/posts"}],"about":[{"href":"https:\/\/vozcomoarma.noblogs.org\/index.php?rest_route=\/wp\/v2\/types\/post"}],"author":[{"embeddable":true,"href":"https:\/\/vozcomoarma.noblogs.org\/index.php?rest_route=\/wp\/v2\/users\/7045"}],"replies":[{"embeddable":true,"href":"https:\/\/vozcomoarma.noblogs.org\/index.php?rest_route=%2Fwp%2Fv2%2Fcomments&post=4067"}],"version-history":[{"count":4,"href":"https:\/\/vozcomoarma.noblogs.org\/index.php?rest_route=\/wp\/v2\/posts\/4067\/revisions"}],"predecessor-version":[{"id":4094,"href":"https:\/\/vozcomoarma.noblogs.org\/index.php?rest_route=\/wp\/v2\/posts\/4067\/revisions\/4094"}],"wp:attachment":[{"href":"https:\/\/vozcomoarma.noblogs.org\/index.php?rest_route=%2Fwp%2Fv2%2Fmedia&parent=4067"}],"wp:term":[{"taxonomy":"category","embeddable":true,"href":"https:\/\/vozcomoarma.noblogs.org\/index.php?rest_route=%2Fwp%2Fv2%2Fcategories&post=4067"},{"taxonomy":"post_tag","embeddable":true,"href":"https:\/\/vozcomoarma.noblogs.org\/index.php?rest_route=%2Fwp%2Fv2%2Ftags&post=4067"}],"curies":[{"name":"wp","href":"https:\/\/api.w.org\/{rel}","templated":true}]}}