{"id":4075,"date":"2014-05-18T14:15:00","date_gmt":"2014-05-18T12:15:00","guid":{"rendered":"http:\/\/vozcomoarma.noblogs.org\/?p=4075"},"modified":"2014-05-19T00:13:06","modified_gmt":"2014-05-18T22:13:06","slug":"grecia-sabotajes-en-veria-al-coche-particular-de-un-candidato-del-partido-neonazi-amanecer-dorado","status":"publish","type":"post","link":"https:\/\/vozcomoarma.noblogs.org\/?p=4075","title":{"rendered":"Grecia &#8211; Sabotajes en Veria al coche particular de un candidato del partido neonazi Amanecer Dorado"},"content":{"rendered":"<p style=\"text-align: justify\">Y contin\u00faa incesante la lucha antifascista en Grecia, con nuevos reportes de acciones.<\/p>\n<p style=\"text-align: justify\">Desde <a href=\"http:\/\/es.contrainfo.espiv.net\/2014\/05\/18\/grecia-accion-directa-antifascista-en-veria\/\">Contrainfo<\/a> recojo el siguiente comunicado por el que un grupo autodenominado \u00abPatrulla antifascista\u00bb reivindica los destrozos causados en dos ocasiones en el veh\u00edculo personal de Stefanos Vafeidis, candidato del partido neonazi Amanecer Dorado, al que env\u00edan de esta forma una amenaza: Si contin\u00faas formando parte del grup\u00fasculo fascista, no te va a llegar el sueldo para arreglar el coche.<\/p>\n<p><em>&#8212;&#8212;&#8212;&#8212;&#8212;&#8212;&#8212;&#8212;<\/em><\/p>\n<p style=\"text-align: justify\"><em>Durante el per\u00edodo pre-electoral reventamos dos veces el coche de Stefanos Vafeidis, candidato de los fachas de Amanecer Dorado en la regi\u00f3n de Emacia (norte de Grecia).<\/em><\/p>\n<p style=\"text-align: justify\"><em>El fascista particular es el \u00fanico que insiste en propagar sus ideas neonazis en la ciudad, a pesar del ambiente hostil. Este tipo pens\u00f3 que le dejar\u00edamos en paz porque es mayor de edad y poco ingenuo.<\/em><\/p>\n<p style=\"text-align: justify\"><em>Si no cambia su mente, continuaremos.<\/em><\/p>\n<p style=\"text-align: justify\"><em>Patrulla antifascista<\/em><\/p>\n<p style=\"margin-bottom: 0cm;text-align: justify\" align=\"JUSTIFY\"><a href=\"https:\/\/vozcomoarma.noblogs.org\/files\/2014\/05\/8444675335_a055b4407b_o.jpg\"><img loading=\"lazy\" decoding=\"async\" class=\"aligncenter  wp-image-4076\" src=\"https:\/\/vozcomoarma.noblogs.org\/files\/2014\/05\/8444675335_a055b4407b_o.jpg\" alt=\"Destroy Cars\" width=\"397\" height=\"529\" srcset=\"https:\/\/vozcomoarma.noblogs.org\/files\/2014\/05\/8444675335_a055b4407b_o.jpg 2736w, https:\/\/vozcomoarma.noblogs.org\/files\/2014\/05\/8444675335_a055b4407b_o-225x300.jpg 225w, https:\/\/vozcomoarma.noblogs.org\/files\/2014\/05\/8444675335_a055b4407b_o-768x1024.jpg 768w\" sizes=\"auto, (max-width: 397px) 100vw, 397px\" \/><\/a><\/p>\n","protected":false},"excerpt":{"rendered":"<p>Y contin\u00faa incesante la lucha antifascista en Grecia, con nuevos reportes de acciones. Desde Contrainfo recojo el siguiente comunicado por el que un grupo autodenominado \u00abPatrulla antifascista\u00bb reivindica los destrozos causados en dos ocasiones en el veh\u00edculo personal de Stefanos &hellip; <a href=\"https:\/\/vozcomoarma.noblogs.org\/?p=4075\">Sigue leyendo <span class=\"meta-nav\">&rarr;<\/span><\/a><\/p>\n","protected":false},"author":7045,"featured_media":0,"comment_status":"closed","ping_status":"open","sticky":false,"template":"","format":"standard","meta":{"footnotes":""},"categories":[58,61,9],"tags":[14,15,16,24,19,10],"class_list":["post-4075","post","type-post","status-publish","format-standard","hentry","category-acciones","category-noticias","category-noticias-y-comunicados","tag-anti-fascismo","tag-grecia","tag-guerra-social","tag-reflexion","tag-represion","tag-sabotaje"],"_links":{"self":[{"href":"https:\/\/vozcomoarma.noblogs.org\/index.php?rest_route=\/wp\/v2\/posts\/4075","targetHints":{"allow":["GET"]}}],"collection":[{"href":"https:\/\/vozcomoarma.noblogs.org\/index.php?rest_route=\/wp\/v2\/posts"}],"about":[{"href":"https:\/\/vozcomoarma.noblogs.org\/index.php?rest_route=\/wp\/v2\/types\/post"}],"author":[{"embeddable":true,"href":"https:\/\/vozcomoarma.noblogs.org\/index.php?rest_route=\/wp\/v2\/users\/7045"}],"replies":[{"embeddable":true,"href":"https:\/\/vozcomoarma.noblogs.org\/index.php?rest_route=%2Fwp%2Fv2%2Fcomments&post=4075"}],"version-history":[{"count":5,"href":"https:\/\/vozcomoarma.noblogs.org\/index.php?rest_route=\/wp\/v2\/posts\/4075\/revisions"}],"predecessor-version":[{"id":4095,"href":"https:\/\/vozcomoarma.noblogs.org\/index.php?rest_route=\/wp\/v2\/posts\/4075\/revisions\/4095"}],"wp:attachment":[{"href":"https:\/\/vozcomoarma.noblogs.org\/index.php?rest_route=%2Fwp%2Fv2%2Fmedia&parent=4075"}],"wp:term":[{"taxonomy":"category","embeddable":true,"href":"https:\/\/vozcomoarma.noblogs.org\/index.php?rest_route=%2Fwp%2Fv2%2Fcategories&post=4075"},{"taxonomy":"post_tag","embeddable":true,"href":"https:\/\/vozcomoarma.noblogs.org\/index.php?rest_route=%2Fwp%2Fv2%2Ftags&post=4075"}],"curies":[{"name":"wp","href":"https:\/\/api.w.org\/{rel}","templated":true}]}}