{"id":4142,"date":"2014-05-21T05:51:10","date_gmt":"2014-05-21T03:51:10","guid":{"rendered":"http:\/\/vozcomoarma.noblogs.org\/?p=4142"},"modified":"2014-05-21T05:56:57","modified_gmt":"2014-05-21T03:56:57","slug":"kronstadt-agresiones","status":"publish","type":"post","link":"https:\/\/vozcomoarma.noblogs.org\/?p=4142","title":{"rendered":"Kronstadt &#8211; Agresiones"},"content":{"rendered":"<p style=\"text-align: justify\">Posiblemente muchxs ya conocer\u00e9is esta canci\u00f3n, pues tiene su tiempo y supongo que yo no soy el \u00fanico al que marc\u00f3 en su momento. En cualquier caso, sucesos recientes que devuelven al primer plano ciertos rencores personales (y en gran medida tambi\u00e9n colectivos, afortunadamente) me han hecho querer dejarla por aqu\u00ed, para as\u00ed intentar ayudar a algunxs a recordar esos discursos con los que tan a menudo se llenan la boca para luego pasarse por las partes nobles tantos compromisos prometidos y luego rotos sin pudor ni disculpa, y sin que parezca importarles herir los sentimientos de muchas personas, cuando, como anarquistas, es eso lo primero que deber\u00eda preocuparnos, el c\u00f3mo hacen sentir a lxs dem\u00e1s nuestras acciones. Porque lo peor es que muchxs ni siquiera parecen ser conscientes del da\u00f1o que pueden llegar a hacer, pero tampoco se preocupan en comprenderlo, y eso si que es repugnante y doloroso.<\/p>\n<p style=\"text-align: justify\">S\u00f3lo dir\u00e9 que la actitud de algunxs ante ciertas situaciones y conflictos me produce verg\u00fcenza ajena.<\/p>\n<p style=\"text-align: justify\">Nadie es perfectx, todxs nos equivocamos y no conviene pasar demasiado tiempo fij\u00e1ndose en la paja del ojo ajeno olvidando la necesaria autocr\u00edtica y el trabajo con unx mismx, especialmente en cuestiones de g\u00e9nero, pero hay ciertas cosas que en mi opini\u00f3n escapan a cualquier comprensi\u00f3n o pretexto y tan s\u00f3lo demuestran que a menudo damos demasiadas cosas por sentadas, interpretando como asumidos planteamientos que no lo est\u00e1n todavia pese a lo que muchxs creen o pretenden creer, ni forman parte de verdad de la pr\u00e1ctica de su d\u00eda a d\u00eda.<\/p>\n<p style=\"text-align: justify\">No me explico ciertos posicionamientos, ciertas miserias que contin\u00fao encontrando a mi alrededor, en los espacios y entornos que presumen de antiautoritarios y de libres de opresi\u00f3n. Veo c\u00f3mo poco a poco se pudre todo lo que amo, los pocos lugares donde aun puedo sentirme vivo y construir otro tipo de relaciones, m\u00e1s horizontales y s\u00f3lidas, m\u00e1s reales, sinceras y c\u00f3modas para todxs, y veo c\u00f3mo mis sue\u00f1os se deshacen por culpa de tanto ego, de tanto miedo pero sobre todo, por culpa de la sombra de la autoridad, ese fantasma que se pasea entre nosotrxs con mil m\u00e1scaras y rostros diferentes pero que encarna una misma cosa en todos ellos: Al enemigo, a todo lo que odiamos y aspiramos a destruir para siempre. Veo \u00e9sto y me entran ganas de llorar, no s\u00e9 si de tristeza o de rabia, y me pregunto por qu\u00e9 tantas zancadillas y pu\u00f1aladas por la espalda, tanta falsedad e hipocres\u00eda, y no encuentro respuesta, las preguntas se acumulan y se atropellan unas a otras atascando todo canal de di\u00e1logo y bloqueando la b\u00fasqueda de cualquier conclusi\u00f3n o razonamiento positivo, y me saturo y me frustro, y otra vez vuelta a empezar.<\/p>\n<p style=\"text-align: justify\">Quedan muchas cosas sin contestaci\u00f3n pero una cosa est\u00e1 clara: En esta vida, tarde o temprano, todo tiene consecuencias.<\/p>\n<p style=\"text-align: justify\">Me gustaria dejar tambi\u00e9n algunas frases de la letra de la canci\u00f3n, especialmente seleccionadas por su incandescencia y su hiriente a la par que cierto contenido. Con raz\u00f3n este tio es de mis raperos favoritos:<\/p>\n<p style=\"text-align: justify\"><em>\u00abLa frustraci\u00f3n y el odio que me carcomen por dentro<br \/>\nno me lo puedo callar, lo grito a los cuatro vientos<br \/>\nlo que m\u00e1s odio en el mundo ocurre en mi movimiento\u00bb<\/em><\/p>\n<p><em>\u00abY basta ya de obviar estos actos despreciables<\/em><br \/>\n<em>suavizarlos diciendo que son cosas personales<br \/>\nmirar hacia otro lado es una actitud cobarde<br \/>\nque dentro de los corazones libertarios arde\u00bb<\/em><\/p>\n<p><em>\u00abSi la agresi\u00f3n viniese de un nazi o de un polic\u00eda<br \/>\ntodas tenemos claro qu\u00e9 respuesta se dar\u00eda<br \/>\npues var\u00eda si el cabr\u00f3n un d\u00eda fue un hermano<br \/>\nponemos mil excusas y nos lavamos las manos\u00bb<\/em><\/p>\n<p style=\"text-align: justify\">BASTA DE AGRESIONES. BASTA DE MACHIRULOS. BASTA DE BUENROLLISMO.<\/p>\n<p style=\"text-align: center\">[vsw id=\u00bb7IiJJ1NKQAs\u00bb source=\u00bbyoutube\u00bb width=\u00bb425&#8243; height=\u00bb344&#8243; autoplay=0]<\/p>\n","protected":false},"excerpt":{"rendered":"<p>Posiblemente muchxs ya conocer\u00e9is esta canci\u00f3n, pues tiene su tiempo y supongo que yo no soy el \u00fanico al que marc\u00f3 en su momento. En cualquier caso, sucesos recientes que devuelven al primer plano ciertos rencores personales (y en gran &hellip; <a href=\"https:\/\/vozcomoarma.noblogs.org\/?p=4142\">Sigue leyendo <span class=\"meta-nav\">&rarr;<\/span><\/a><\/p>\n","protected":false},"author":7045,"featured_media":0,"comment_status":"closed","ping_status":"open","sticky":false,"template":"","format":"standard","meta":{"footnotes":""},"categories":[108],"tags":[49,82,42,24],"class_list":["post-4142","post","type-post","status-publish","format-standard","hentry","category-musica","tag-anti-sexismo","tag-machirulismo-abusos-de-genero","tag-movimientos-sociales","tag-reflexion"],"_links":{"self":[{"href":"https:\/\/vozcomoarma.noblogs.org\/index.php?rest_route=\/wp\/v2\/posts\/4142","targetHints":{"allow":["GET"]}}],"collection":[{"href":"https:\/\/vozcomoarma.noblogs.org\/index.php?rest_route=\/wp\/v2\/posts"}],"about":[{"href":"https:\/\/vozcomoarma.noblogs.org\/index.php?rest_route=\/wp\/v2\/types\/post"}],"author":[{"embeddable":true,"href":"https:\/\/vozcomoarma.noblogs.org\/index.php?rest_route=\/wp\/v2\/users\/7045"}],"replies":[{"embeddable":true,"href":"https:\/\/vozcomoarma.noblogs.org\/index.php?rest_route=%2Fwp%2Fv2%2Fcomments&post=4142"}],"version-history":[{"count":5,"href":"https:\/\/vozcomoarma.noblogs.org\/index.php?rest_route=\/wp\/v2\/posts\/4142\/revisions"}],"predecessor-version":[{"id":4147,"href":"https:\/\/vozcomoarma.noblogs.org\/index.php?rest_route=\/wp\/v2\/posts\/4142\/revisions\/4147"}],"wp:attachment":[{"href":"https:\/\/vozcomoarma.noblogs.org\/index.php?rest_route=%2Fwp%2Fv2%2Fmedia&parent=4142"}],"wp:term":[{"taxonomy":"category","embeddable":true,"href":"https:\/\/vozcomoarma.noblogs.org\/index.php?rest_route=%2Fwp%2Fv2%2Fcategories&post=4142"},{"taxonomy":"post_tag","embeddable":true,"href":"https:\/\/vozcomoarma.noblogs.org\/index.php?rest_route=%2Fwp%2Fv2%2Ftags&post=4142"}],"curies":[{"name":"wp","href":"https:\/\/api.w.org\/{rel}","templated":true}]}}