{"id":4153,"date":"2014-05-21T19:38:29","date_gmt":"2014-05-21T17:38:29","guid":{"rendered":"http:\/\/vozcomoarma.noblogs.org\/?p=4153"},"modified":"2014-05-21T19:56:12","modified_gmt":"2014-05-21T17:56:12","slug":"chile-palabras-de-marcelo-villarroel-a-dias-de-finalizar-el-juicio-inquisitorial","status":"publish","type":"post","link":"https:\/\/vozcomoarma.noblogs.org\/?p=4153","title":{"rendered":"Chile &#8211; Palabras de Marcelo Villarroel a d\u00edas de finalizar el juicio inquisitorial"},"content":{"rendered":"<p style=\"text-align: justify\">De cara al inminente final del juicio por el llamado Caso Security, recibo estas palabras del compa\u00f1ero Marcelo Villarroel, a las que doy merecida difusi\u00f3n.<\/p>\n<p style=\"text-align: justify\">&#8212;&#8212;&#8212;&#8212;&#8212;&#8212;&#8212;&#8212;&#8212;<\/p>\n<p style=\"text-align: justify\"><em>A trav\u00e9s de estas letras quisiera saludar a todxs quienes hoy transitan por las pr\u00e1cticas cotidianas de solidaridad anticarcelaria organizando, activando y multiplicando iniciativas tendientes a visibilizar todo aquello que ocurre en la resistencia a la sociedad carcelaria como expresi\u00f3n integral de lucha contra el Estado-C\u00e1rcel-Capital.<\/em><\/p>\n<p style=\"text-align: justify\"><em>Desde la C\u00e1rcel de Alta Seguridad de Santiago les escribo mientras nos enfrentamos, en el marco del llamado \u201cCaso Security\u201d a la jornada 36, en la \u00fatima semana del juicio comenzado hace ya 1 mes y medio, y que encuentra por estos d\u00edas el momento en que se acerca la condena que la justicia de la inquisici\u00f3n democr\u00e1tica nos pretende imponer para perpetuar nuestra estad\u00eda en prisi\u00f3n y con ello sepultar nuestra posibilidad de volver a pisar las calles.<\/em><\/p>\n<p style=\"text-align: justify\"><em>Para muchxs nuestra situaci\u00f3n les resulta desconocida, tal vez poco cercana, sin embargo es importante se\u00f1alar que somos el resultado natural del desarrollo de una conciencia que se niega a vivir bajo los designios del gran Dios-Capital, de la dominaci\u00f3n y todo su entramado autoritario que busca anular los sue\u00f1os, deseos y necesidades de liberaci\u00f3n total; as\u00ed como tambi\u00e9n nos reivindicamos en continuidad permanente, como subversivos aut\u00f3nomos que transitamos en lucha continua hacia la destrucci\u00f3n del \u00faltimo basti\u00f3n de la sociedad carcelaria. La conciencia nos llama, la lucha es nuestra vida\u2026 por ello nuestro destino posible es y ha sido la prisi\u00f3n, por negarnos a los acomodos y a las conveniencias, por negarnos a vivir como el poder quiere que lo hagamos.<\/em><\/p>\n<p style=\"text-align: justify\"><em>Un abrazo c\u00f3mplice revolucionario libertario.<\/em><br \/>\n<em>Con todo el cari\u00f1o para lxs que luchan.<\/em><br \/>\n<em>Con todo el desprecio para los aborregados por el miedo.<\/em><br \/>\n<em>\u00a1Mientras exista miseria habr\u00e1 rebeli\u00f3n!<\/em><br \/>\n<em>\u00a1Presxs a la calle: Calles para la insurrecci\u00f3n!<\/em><\/p>\n<p style=\"margin-bottom: 0cm\" align=\"JUSTIFY\"><a href=\"https:\/\/vozcomoarma.noblogs.org\/files\/2014\/05\/Cartel-\u00faltima-semana-Caso-Security.jpg\"><img loading=\"lazy\" decoding=\"async\" class=\"aligncenter size-full wp-image-4154\" src=\"https:\/\/vozcomoarma.noblogs.org\/files\/2014\/05\/Cartel-\u00faltima-semana-Caso-Security.jpg\" alt=\"Cartel \u00faltima semana Caso Security\" width=\"791\" height=\"1024\" srcset=\"https:\/\/vozcomoarma.noblogs.org\/files\/2014\/05\/Cartel-\u00faltima-semana-Caso-Security.jpg 791w, https:\/\/vozcomoarma.noblogs.org\/files\/2014\/05\/Cartel-\u00faltima-semana-Caso-Security-231x300.jpg 231w\" sizes=\"auto, (max-width: 791px) 100vw, 791px\" \/><\/a><\/p>\n","protected":false},"excerpt":{"rendered":"<p>De cara al inminente final del juicio por el llamado Caso Security, recibo estas palabras del compa\u00f1ero Marcelo Villarroel, a las que doy merecida difusi\u00f3n. &#8212;&#8212;&#8212;&#8212;&#8212;&#8212;&#8212;&#8212;&#8212; A trav\u00e9s de estas letras quisiera saludar a todxs quienes hoy transitan por las &hellip; <a href=\"https:\/\/vozcomoarma.noblogs.org\/?p=4153\">Sigue leyendo <span class=\"meta-nav\">&rarr;<\/span><\/a><\/p>\n","protected":false},"author":7045,"featured_media":0,"comment_status":"closed","ping_status":"open","sticky":false,"template":"","format":"standard","meta":{"footnotes":""},"categories":[103,59,61,9,7],"tags":[17,78,16,26,24,19,11],"class_list":["post-4153","post","type-post","status-publish","format-standard","hentry","category-caso-security","category-convocatorias","category-noticias","category-noticias-y-comunicados","category-presxs","tag-carcel","tag-chile","tag-guerra-social","tag-insurreccionalismo","tag-reflexion","tag-represion","tag-solidaridad"],"_links":{"self":[{"href":"https:\/\/vozcomoarma.noblogs.org\/index.php?rest_route=\/wp\/v2\/posts\/4153","targetHints":{"allow":["GET"]}}],"collection":[{"href":"https:\/\/vozcomoarma.noblogs.org\/index.php?rest_route=\/wp\/v2\/posts"}],"about":[{"href":"https:\/\/vozcomoarma.noblogs.org\/index.php?rest_route=\/wp\/v2\/types\/post"}],"author":[{"embeddable":true,"href":"https:\/\/vozcomoarma.noblogs.org\/index.php?rest_route=\/wp\/v2\/users\/7045"}],"replies":[{"embeddable":true,"href":"https:\/\/vozcomoarma.noblogs.org\/index.php?rest_route=%2Fwp%2Fv2%2Fcomments&post=4153"}],"version-history":[{"count":4,"href":"https:\/\/vozcomoarma.noblogs.org\/index.php?rest_route=\/wp\/v2\/posts\/4153\/revisions"}],"predecessor-version":[{"id":4160,"href":"https:\/\/vozcomoarma.noblogs.org\/index.php?rest_route=\/wp\/v2\/posts\/4153\/revisions\/4160"}],"wp:attachment":[{"href":"https:\/\/vozcomoarma.noblogs.org\/index.php?rest_route=%2Fwp%2Fv2%2Fmedia&parent=4153"}],"wp:term":[{"taxonomy":"category","embeddable":true,"href":"https:\/\/vozcomoarma.noblogs.org\/index.php?rest_route=%2Fwp%2Fv2%2Fcategories&post=4153"},{"taxonomy":"post_tag","embeddable":true,"href":"https:\/\/vozcomoarma.noblogs.org\/index.php?rest_route=%2Fwp%2Fv2%2Ftags&post=4153"}],"curies":[{"name":"wp","href":"https:\/\/api.w.org\/{rel}","templated":true}]}}