{"id":4325,"date":"2014-06-01T09:39:26","date_gmt":"2014-06-01T07:39:26","guid":{"rendered":"http:\/\/vozcomoarma.noblogs.org\/?p=4325"},"modified":"2014-06-01T09:45:08","modified_gmt":"2014-06-01T07:45:08","slug":"sobre-el-comunicado-de-acusacion-dirigido-contra-tamara","status":"publish","type":"post","link":"https:\/\/vozcomoarma.noblogs.org\/?p=4325","title":{"rendered":"Sobre el comunicado de acusaci\u00f3n dirigido contra Tamara."},"content":{"rendered":"<p style=\"text-align: justify\"><em>\u201cEse gueto ya enfermizo<br \/>\n<span lang=\"es\">con delirios de grandeza<br \/>\nese fanatismo absurdo<br \/>\nda dolores de cabeza.<\/span><\/p>\n<p>Para m\u00ed no es anarquista<\/em><br \/>\n<em> quien tom\u00f3 su traves\u00eda<\/em><br \/>\n<em> sin pararse a cuestionarse<\/em><br \/>\n<em> por completo la anarqu\u00eda.<\/em><\/p>\n<p style=\"text-align: justify\"><em>Eres un conservador,<\/em><br \/>\n<em> <span lang=\"es\">s\u00edmbolo del conformismo,<br \/>\nun fan\u00e1tico inconsciente<br \/>\nque se aleja de s\u00ed mismo.\u201d<\/span><\/em><\/p>\n<p style=\"text-align: justify\">&#8211; Muerte a la anarqu\u00eda, Paradoxus Luporum<\/p>\n<p style=\"text-align: justify\">A la luz de los hechos recientes, veo necesario elaborar el siguiente posicionamiento a ra\u00edz de la publicaci\u00f3n del comunicado donde se acusa a Tamara de chivata (ver <a href=\"http:\/\/es.contrainfo.espiv.net\/2014\/05\/30\/estado-espanol-acerca-del-indulto-de-tamara-hernandez\/\">aqu\u00ed<\/a>). Aunque soy miembro de Contra Info, lo que expreso aqu\u00ed no ha pasado por el resto de personas de la red ya que me representa a mi y s\u00f3lo a m\u00ed, no siendo mi intenci\u00f3n en ning\u00fan caso hablar por el resto de compa\u00f1erxs que comparten el colectivo ni por otra persona que no sea yo mismo, asumiendo por lo tanto todas las posibles consecuencias que se puedan derivar de ello.<\/p>\n<p style=\"text-align: justify\">En mi opini\u00f3n, en primer lugar, Contra Info no merece ser objeto de algunas cr\u00edticas que llueven contra el colectivo, ya que el comunicado fue recibido v\u00eda e-mail, y no fue escrito por ning\u00fan\/a miembrx. Ademas, dentro de Contra Info existen diferentes posturas al respecto de la publicaci\u00f3n del dichoso comunicado, la cual es responsabilidad de un miembro concreto que asume la responsabilidad por ello. Desde Contra Info, en mi opini\u00f3n, se lleva a cabo una importante labor de difusi\u00f3n y traducci\u00f3n de noticias y comunicados de diferente tipo, y a pesar de que el comunicado fue publicado, creo que no es justo que dicho esfuerzo, del que participamos varias personas, tanto aquellas que no estamos de acuerdo con la publicaci\u00f3n del escrito como el compa\u00f1ero que lo public\u00f3, se vea enturbiado por este hecho espec\u00edfico, sobre el cual expresar\u00e9 mi opini\u00f3n, ya que considero que el silencio es complicidad y dado mi desacuerdo en este caso, me parece necesario pronunciarme sobre este asunto a t\u00edtulo individual. No haci\u00e9ndolo, estar\u00eda dando mi benepl\u00e1cito pasivo al comunicado y su publicaci\u00f3n, y eso es algo que no har\u00e9 ni por activa ni por pasiva. Por mi parte, no estoy de acuerdo en absoluto con la publicaci\u00f3n del comunicado, por dos razones principales que a su vez se ampl\u00edan a otras cuestiones secundarias:<\/p>\n<p style=\"text-align: justify\">1 \u2013 No se dan fuentes que confirmen o ayuden a esclarecer las acusaciones que se vierten contra la compa\u00f1era, deduci\u00e9ndose todo a partir del hecho de que le hayan concedido un indulto y ella lo haya aceptado, lo cual es m\u00e1s o menos criticable seg\u00fan el criterio de cada unx pero en ning\u00fan caso prueba suficiente para acusar a Tamara de ser una chivata. Aceptar un indulto que te ofrecen (cabr\u00eda investigar tal vez el por qu\u00e9, aunque no creo que eso nos corresponda a quienes formamos parte de Contra Info) no implica directamente el haber delatado a otras personas o haber dado al Estado informaci\u00f3n sobre otras personas o sus actividades. Hay por lo tanto que demostrar y ofrecer evidencias de que Tamara se ha chivado, decir de qui\u00e9n y ante qui\u00e9n, en qu\u00e9 t\u00e9rminos etc, y si no se contase con dicha informaci\u00f3n, al menos aclarar de d\u00f3nde salen esas sospechas y qu\u00e9 las fundamenta, y no lanzar la piedra y esconder la mano, actitud cobarde donde las haya, y desde luego, en absoluto acorde con cualquier \u00e9tica anarquista.<\/p>\n<p style=\"text-align: justify\">2 \u2013 Cuando crees estar segurx de que alguien es un\/a chivatx o un\/a delator\/a, lo que cualquier compa\u00f1erx que se precie har\u00eda, en mi opini\u00f3n, es hablar directamente con la persona implicada, o al menos con su entorno cercano, a fin de confirmar las sospechas y advertir a las personas que, por estar cerca del\/de la presuntx chivatx, corren mayor riesgo de ser sus v\u00edctimas. Sin embargo, yo no conozco a Tamara personalmente, pero personas cercanas a ella me han comunicado que nadie hab\u00eda o\u00eddo nada acerca de estas acusaciones antes de leer el comunicado, y que ella tampoco habr\u00eda recibido noticia alguna de que existiesen este tipo de sospechas contra su persona. Por lo tanto, no se ha tratado el tema con ella o con sus cercanxs antes de nada, como se deber\u00eda hacer, sino que desde el c\u00f3modo y sobre todo seguro anonimato de Internet (\u00a1qu\u00e9 valiente eres, colega!, \u00a1ya tienes tu minuto de gloria!, \u00a1venga, va, corre, escribe un fanzine para que todxs sepan lo imprescindible que ha sido tu aportaci\u00f3n!), se escribe un texto cargado de resentimiento hacia la compa\u00f1era, donde sin fuentes, referencias ni pruebas de ninguna clase a excepci\u00f3n de sospechas, repito, sin confirmar (m\u00e1s o menos argumentadas, me da exactamente igual) se la acusa de chivata, una acusaci\u00f3n muy grave ya que puede conducir no s\u00f3lo a un rechazo generalizado hacia ella sino tambi\u00e9n, en \u00faltima instancia, a que alguien tome represalias contra su persona o entorno en forma de amenazas, agresiones f\u00edsicas etc. Esto vulnera en mi opini\u00f3n cualquier principio de acci\u00f3n directa (resolver los conflictos sin mediadorxs y dando la cara unx mismx en la calle) y nos hace caer en vicios, chismorreos y salsas rosas pat\u00e9ticas cuanto menos, y de las que por unas razones u otras todas acabamos vi\u00e9ndonos obligadas a formar parte, cosa que a m\u00ed, por lo menos, me cabrea y mucho, dado que no se saca nada positivo de ellas y al mismo tiempo se arriesgan lazos muy valiosos, se crean rencores y se envenenan y pudren afinidades.<\/p>\n<p style=\"text-align: justify\">Para terminar, me gustar\u00eda dejar una canci\u00f3n del cantautor Liberando el coraz\u00f3n y titulada \u201cJueces dentro del movimiento\u201d, dedicada con especial \u201ccari\u00f1o\u201d a quien\/es ha\/n escrito ese comunicado. Muchas gracias, gracias por la pol\u00e9mica est\u00e9ril, por los descr\u00e9ditos y las rupturas, gracias por llenarme los ojos de l\u00e1grimas y el coraz\u00f3n de decepci\u00f3n otra vez, por hacerme sentir que no merece la pena, gracias por demostrarme otra vez que nuestras bocas llenas de discursitos memorizadxs, de soluciones f\u00e1ciles y de autocomplacientes pretextos con empacho de optimismo, al final, no dicen nada, porque las llamadas relaciones horizontales que se dan entre compa\u00f1erxs muchas veces est\u00e1n tan podridas como las dem\u00e1s, y hay personas que, cegadas por su torpeza (ups, quer\u00eda decir pureza&#8230;) militante y sus r\u00edgidos manuales de comportamiento, parecen olvidar la importancia de una mirada c\u00f3mplice, de un abrazo, de una actitud comprensiva y cercana, de un \u201c\u00bfqu\u00e9 ha pasado?\u201d, de un \u201c\u00bfpor qu\u00e9?\u201d, de un \u201coye, ha pasado algo y creo que tenemos que vernos cuanto antes y hablar\u201d. El valor de la sinceridad y de decirnos las cosas a la cara, en lo bueno y en lo malo. Me da mucha pena ver a qu\u00e9 se ha reducido todo, c\u00f3mo el morbo de Internet nos ha absorbido tambi\u00e9n, c\u00f3mo no hemos sabido huir y la vida real se nos ha escapado otra vez. Desde los chismes en redes sociales hasta \u00e9sto, renunci\u00e1is a la posibilidad de solucionar este tipo de cuestiones de forma constructiva y positiva, y satisfac\u00e9is vuestra patol\u00f3gica necesidad de ser el centro de atenci\u00f3n mediante este tipo de comunicados an\u00f3nimos, utilizando las p\u00e1ginas de contrainformaci\u00f3n como lanzadera desde la que proyectaros. Pues conmigo no cont\u00e9is. Ni tan siquiera s\u00e9 si todo \u00e9sto que estoy soltando aqu\u00ed es en realidad lo que siento, aunque s\u00ed s\u00e9 que es lo que siento en este momento. No os mentir\u00e9, no conozco a Tamara, ni s\u00e9 por qu\u00e9 acept\u00f3 el indulto, ni por qu\u00e9 se lo ofrecieron, pero creo que t\u00fa no tienes pruebas para acusarla de delaci\u00f3n, y que si las tienes en tu comunicado no figuran, y ya est\u00e1n tardando en aparecer. Ten el mismo valor que has tenido para difundir tu comunicado (o mejor, ten algo m\u00e1s, para no ir tan escaso\/a) y demuestra que lo que dices es cierto. Si no, de mi parte, puedes saludar a los bastardos de tus amigos en la Brigada de Informaci\u00f3n&#8230;<\/p>\n<p style=\"text-align: justify\">Muerte al espect\u00e1culo y al \u00abradio-patio\u00bb del anarquismo.<br \/>\nLas cosas a la cara y en la calle. Lo que pasa en el gueto se queda en el gueto&#8230;<\/p>\n<p style=\"margin-bottom: 0cm;text-align: center\" align=\"JUSTIFY\">[vsw id=\u00bbzpL1_-Kbm2A\u00bb source=\u00bbyoutube\u00bb width=\u00bb425&#8243; height=\u00bb344&#8243; autoplay=\u00bbno\u00bb]<\/p>\n","protected":false},"excerpt":{"rendered":"<p>\u201cEse gueto ya enfermizo con delirios de grandeza ese fanatismo absurdo da dolores de cabeza. Para m\u00ed no es anarquista quien tom\u00f3 su traves\u00eda sin pararse a cuestionarse por completo la anarqu\u00eda. Eres un conservador, s\u00edmbolo del conformismo, un fan\u00e1tico &hellip; <a href=\"https:\/\/vozcomoarma.noblogs.org\/?p=4325\">Sigue leyendo <span class=\"meta-nav\">&rarr;<\/span><\/a><\/p>\n","protected":false},"author":7045,"featured_media":0,"comment_status":"closed","ping_status":"open","sticky":false,"template":"","format":"standard","meta":{"footnotes":""},"categories":[61,9],"tags":[67,42,24,19,11],"class_list":["post-4325","post","type-post","status-publish","format-standard","hentry","category-noticias","category-noticias-y-comunicados","tag-madrid","tag-movimientos-sociales","tag-reflexion","tag-represion","tag-solidaridad"],"_links":{"self":[{"href":"https:\/\/vozcomoarma.noblogs.org\/index.php?rest_route=\/wp\/v2\/posts\/4325","targetHints":{"allow":["GET"]}}],"collection":[{"href":"https:\/\/vozcomoarma.noblogs.org\/index.php?rest_route=\/wp\/v2\/posts"}],"about":[{"href":"https:\/\/vozcomoarma.noblogs.org\/index.php?rest_route=\/wp\/v2\/types\/post"}],"author":[{"embeddable":true,"href":"https:\/\/vozcomoarma.noblogs.org\/index.php?rest_route=\/wp\/v2\/users\/7045"}],"replies":[{"embeddable":true,"href":"https:\/\/vozcomoarma.noblogs.org\/index.php?rest_route=%2Fwp%2Fv2%2Fcomments&post=4325"}],"version-history":[{"count":5,"href":"https:\/\/vozcomoarma.noblogs.org\/index.php?rest_route=\/wp\/v2\/posts\/4325\/revisions"}],"predecessor-version":[{"id":4330,"href":"https:\/\/vozcomoarma.noblogs.org\/index.php?rest_route=\/wp\/v2\/posts\/4325\/revisions\/4330"}],"wp:attachment":[{"href":"https:\/\/vozcomoarma.noblogs.org\/index.php?rest_route=%2Fwp%2Fv2%2Fmedia&parent=4325"}],"wp:term":[{"taxonomy":"category","embeddable":true,"href":"https:\/\/vozcomoarma.noblogs.org\/index.php?rest_route=%2Fwp%2Fv2%2Fcategories&post=4325"},{"taxonomy":"post_tag","embeddable":true,"href":"https:\/\/vozcomoarma.noblogs.org\/index.php?rest_route=%2Fwp%2Fv2%2Ftags&post=4325"}],"curies":[{"name":"wp","href":"https:\/\/api.w.org\/{rel}","templated":true}]}}