{"id":4465,"date":"2014-06-06T02:44:05","date_gmt":"2014-06-06T00:44:05","guid":{"rendered":"http:\/\/vozcomoarma.noblogs.org\/?p=4465"},"modified":"2014-06-06T03:47:15","modified_gmt":"2014-06-06T01:47:15","slug":"argentina-vuelve-la-web-semilla-de-liberacion-no-1-de-su-revista","status":"publish","type":"post","link":"https:\/\/vozcomoarma.noblogs.org\/?p=4465","title":{"rendered":"Argentina &#8211; Vuelve la web Semilla de Liberaci\u00f3n + N\u00ba 1 de su revista"},"content":{"rendered":"<p style=\"text-align: justify\">Tras una temporada parada (antes estaba en semilladeliberacion.com), la web Semilla de Liberaci\u00f3n ha vuelto, y se puede visitar en la siguiente direcci\u00f3n: <a href=\"https:\/\/semilladeliberacion.wordpress.com\">https:\/\/semilladeliberacion.wordpress.com<\/a> o pinchando en el banner que he puesto en la columna de la derecha del blog (secci\u00f3n Contrainformaci\u00f3n).<\/p>\n<p style=\"text-align: justify\">Adem\u00e1s, lxs compas han publicado en su blog el primer n\u00famero de su revista, que pod\u00e9is leer online o descargar en PDF <a href=\"https:\/\/semilladeliberacion.files.wordpress.com\/2014\/02\/revista-semilla-de-liberacion-1.pdf\">aqu\u00ed<\/a>, y del que dejo la portada a continuaci\u00f3n:<\/p>\n<p style=\"text-align: justify\"><a href=\"https:\/\/vozcomoarma.noblogs.org\/files\/2014\/06\/tapa-semilla.jpg\"><img loading=\"lazy\" decoding=\"async\" class=\"aligncenter size-full wp-image-4466\" src=\"https:\/\/vozcomoarma.noblogs.org\/files\/2014\/06\/tapa-semilla.jpg\" alt=\"Semilla Liberaci\u00f3n n\u00ba 1\" width=\"230\" height=\"299\" \/><\/a><\/p>\n","protected":false},"excerpt":{"rendered":"<p>Tras una temporada parada (antes estaba en semilladeliberacion.com), la web Semilla de Liberaci\u00f3n ha vuelto, y se puede visitar en la siguiente direcci\u00f3n: https:\/\/semilladeliberacion.wordpress.com o pinchando en el banner que he puesto en la columna de la derecha del blog &hellip; <a href=\"https:\/\/vozcomoarma.noblogs.org\/?p=4465\">Sigue leyendo <span class=\"meta-nav\">&rarr;<\/span><\/a><\/p>\n","protected":false},"author":7045,"featured_media":0,"comment_status":"closed","ping_status":"open","sticky":false,"template":"","format":"standard","meta":{"footnotes":""},"categories":[60,61,9,4],"tags":[47,39,13,30,16,24],"class_list":["post-4465","post","type-post","status-publish","format-standard","hentry","category-fanzines-y-revistas","category-noticias","category-noticias-y-comunicados","category-publicaciones","tag-anti-desarrollismo","tag-anti-especismo","tag-argentina","tag-critica-anti-industrial","tag-guerra-social","tag-reflexion"],"_links":{"self":[{"href":"https:\/\/vozcomoarma.noblogs.org\/index.php?rest_route=\/wp\/v2\/posts\/4465","targetHints":{"allow":["GET"]}}],"collection":[{"href":"https:\/\/vozcomoarma.noblogs.org\/index.php?rest_route=\/wp\/v2\/posts"}],"about":[{"href":"https:\/\/vozcomoarma.noblogs.org\/index.php?rest_route=\/wp\/v2\/types\/post"}],"author":[{"embeddable":true,"href":"https:\/\/vozcomoarma.noblogs.org\/index.php?rest_route=\/wp\/v2\/users\/7045"}],"replies":[{"embeddable":true,"href":"https:\/\/vozcomoarma.noblogs.org\/index.php?rest_route=%2Fwp%2Fv2%2Fcomments&post=4465"}],"version-history":[{"count":2,"href":"https:\/\/vozcomoarma.noblogs.org\/index.php?rest_route=\/wp\/v2\/posts\/4465\/revisions"}],"predecessor-version":[{"id":4478,"href":"https:\/\/vozcomoarma.noblogs.org\/index.php?rest_route=\/wp\/v2\/posts\/4465\/revisions\/4478"}],"wp:attachment":[{"href":"https:\/\/vozcomoarma.noblogs.org\/index.php?rest_route=%2Fwp%2Fv2%2Fmedia&parent=4465"}],"wp:term":[{"taxonomy":"category","embeddable":true,"href":"https:\/\/vozcomoarma.noblogs.org\/index.php?rest_route=%2Fwp%2Fv2%2Fcategories&post=4465"},{"taxonomy":"post_tag","embeddable":true,"href":"https:\/\/vozcomoarma.noblogs.org\/index.php?rest_route=%2Fwp%2Fv2%2Ftags&post=4465"}],"curies":[{"name":"wp","href":"https:\/\/api.w.org\/{rel}","templated":true}]}}