{"id":4485,"date":"2014-06-07T18:10:02","date_gmt":"2014-06-07T16:10:02","guid":{"rendered":"http:\/\/vozcomoarma.noblogs.org\/?p=4485"},"modified":"2014-06-07T18:10:02","modified_gmt":"2014-06-07T16:10:02","slug":"enfrentamientos-con-policias-y-neonazis-se-saldan-con-2-compas-detenidxs-en-valladolid","status":"publish","type":"post","link":"https:\/\/vozcomoarma.noblogs.org\/?p=4485","title":{"rendered":"Enfrentamientos con polic\u00edas y neonazis se saldan con 2 compas detenidxs en Valladolid"},"content":{"rendered":"<p style=\"text-align: justify\">Seg\u00fan informaron varios medios de la prensa burguesa, as\u00ed como comunicaron a este blog fuentes afines, la urbe vallisoletana fue escenario el pasado 31 de mayo de altercados y enfrentamientos cuando Fundaci\u00f3n Reconquista, conglomerado de partidos, organizaciones y grupos neonazis y\/o de extrema derecha, llev\u00f3 a cabo la manifestaci\u00f3n que hab\u00edan convocado con el benepl\u00e1cito y consentimiento, c\u00f3mo no, de sus amigos de las instituciones gubernamentales del PP, bajo el lema <em>\u00abOtra Europa es posible\u00bb<\/em>.<\/p>\n<p style=\"text-align: justify\">La provocaci\u00f3n no pas\u00f3 desapercibida para los movimientos sociales y antagonistas de la ciudad, que llamaron a una respuesta (no autorizada) para frenar y expulsar a lxs fascistas de las calles.<\/p>\n<p style=\"text-align: justify\">Cuando ratos despu\u00e9s, la manifestaci\u00f3n neonazi cruzaba la calle Muros hacia 2 de mayo, un grupo de encapuchadxs se acerc\u00f3 por la zona de Panaderos gritando consignas antifascistas y arrojando piedras, petardos, botellas y otros objetos contra el bloque nazi, que fue protegido por la polic\u00eda antidisturbios cargando contra lxs antifascistas, que en su hu\u00edda volcaron contenedores y habr\u00edan continuado lanzando objetos para retrasar el avance de los maderos.<\/p>\n<p style=\"text-align: justify\">Finalmente, a eso de las 21:00, un furg\u00f3n de maderos se par\u00f3 junto a 2 personas, un chico y una chica, que se encontraban en la calle Labradores, y les habr\u00edan detenido por su presunta participaci\u00f3n en los incidentes descritos, y fueron trasladadas a la comisar\u00eda de la calle Gerona, en el barrio de Delicias. A lxs compas se les imputar\u00eda un delito de atentado a la autoridad con lesiones (cometido presuntamente cuando se resist\u00edan a la detenci\u00f3n, seg\u00fan la versi\u00f3n policial) y otro contra los derechos fundamentales (al ser acusadxs de atacar una manifestaci\u00f3n autorizada y legal). Lxs detenidxs salieron en libertad con cargos a primera hora de la madrugada del domingo.<\/p>\n<p style=\"text-align: justify\">M\u00e1s informaci\u00f3n <a href=\"http:\/\/valladolorentodaspartes.blogspot.com.es\/2014\/05\/valladolid-alerta-alerta-alerta.html\">aqu\u00ed<\/a>, en Valladolor.<\/p>\n<p style=\"text-align: justify\">No deja de ser curioso el juego de palabras y la pirueta legal que legitima y refuerza todos los mecanismos de exaltaci\u00f3n fascista. Se considera un delito contra los derechos fundamentales actuar sin permiso para evitar que representantes de una de las ideolog\u00edas m\u00e1s crueles y genocidas de todos los tiempos hagan apolog\u00eda libremente de la xenofobia, el odio racial, las diferencias de clase, el sexismo, la homofobia y el totalitarismo, pero no se aplica lo mismo ante el hecho de que ese grupo que se manifest\u00f3 de forma autorizada y legal hubiese enaltecido durante el recorrido a figuras como Hitler, cuyas atrocidades no necesitan menci\u00f3n ya que son conocidas por todxs (incluso por la escoria neonazi que se esfuerza por intentar negarlas), y Franco, cuyas v\u00edctimas todav\u00eda gritan en las cunetas ante el chiste progre de la \u00abAmnesia Hist\u00f3rica\u00bb.<\/p>\n<p style=\"text-align: justify\">Atentado contra los derechos fundamentales es perseguir, acosar y maltratar a personas s\u00f3lo por ser migrantes y no tener papeles, en un mundo mutilado por las fronteras donde buscar comida en otro pa\u00eds lejos de la miseria y las guerras provocadas por la globalizaci\u00f3n de Occidente te convierte en ilegal.<\/p>\n<p style=\"text-align: justify\">Atentado contra los derechos fundamentales son las m\u00faltiples agresiones ocurridas recientemente en Valladolid y en otras ciudades, y protagonizadas por militantes de grupos de ultraderecha.<\/p>\n<p style=\"text-align: justify\">Atentado contra los derechos fundamentales es devolver los derechos de la mujer a tiempos medievales, someti\u00e9ndola al yugo heteropatriarcal, y la represi\u00f3n sistem\u00e1tica a cualquier identidad de g\u00e9nero que no encaje en el dualismo reaccionario.<\/p>\n<p style=\"text-align: justify\">Atentado contra los derechos fundamentales es que el fascismo siga matando impunemente, resultado de que tras d\u00e9cadas de masacres sin castigo, se nos vendiese una falsa democracia perpetuadora y continu\u00edsta que institucionaliz\u00f3 la guerra y la silenci\u00f3, encarcelando y machacando con sus cuerpos policiales a quien opuso resistencia a los procesos de consolidaci\u00f3n del marco global donde hoy se mueve la econom\u00eda que nos asfixia (l\u00e9anse, sucesos de Vitoria, Bah\u00eda de Pasaia, el GAL, asesinatos y torturas en las prisiones&#8230;).<\/p>\n<p style=\"text-align: justify\">Atacar frontalmente, sin mediadores y sin pediros permiso, al fascismo y a sus defensores policiales, no es un atentado contra los derechos fundamentales, sino una defensa f\u00e9rrea de los mismos, para cualquier ser humano (y para algunxs de nosotrxs, tambi\u00e9n no-humano) que sea objeto de las discriminaciones arbitrarias del fascismo y la clase dominante.<\/p>\n<p style=\"text-align: justify\">No podemos hacer llamadas a la tolerancia sin enfrentarnos de manera contundente y seria a aquellxs que terminan con ella al limitarla seg\u00fan sus criterios. En las \u00faltimas elecciones europeas asistimos no sin cierta estupefacci\u00f3n y rabia a c\u00f3mo el fascismo crec\u00eda preocupantemente en Europa. Grecia, Francia, el este de Europa, e incluso a menor escala en el Estado espa\u00f1ol (donde la derecha neoliberal todav\u00eda absorbe buena parte de los votos de la extrema derecha m\u00e1s cateta y rancia, algo que no sucede en otros territorios europeos), son algunos ejemplos de los lugares donde este c\u00e1ncer en plena met\u00e1stasis contin\u00faa creciendo, amparado y financiado por las oligarqu\u00edas capitalistas internacionales que invierten el dinero que ganan sembrando miseria y desolaci\u00f3n por todo el mundo en el que el d\u00eda de ma\u00f1ana ser\u00e1 su principal ej\u00e9rcito de reserva y su principal herramienta de maniobra y guerra sucia (la historia se repite). Estas circunstancias deber\u00edan darnos qu\u00e9 pensar acerca de la problem\u00e1tica del fascismo y c\u00f3mo atajarla de una vez por todas, m\u00e1s all\u00e1 de est\u00e9riles culturas triburbanistas y actitudes macarras que aunque resultan muy \u00fatiles para mantenerles a raya en ciertos barrios, es necesario organizar, ampliar y llevar a otros niveles de conflicto.<\/p>\n<p style=\"text-align: justify\">Por Cl\u00e9ment (hoy se cumple un a\u00f1o de su asesinato, que la tierra te sea leve hermano), por Carlos, por Roger, por todas y todos lxs asesinadxs por el fascismo desde el inicio de la democracia burguesa. Contra el fascismo, ni un paso atr\u00e1s.<\/p>\n<p>\u00a1Solidaridad con las personas detenidas en Valladolid!<\/p>\n","protected":false},"excerpt":{"rendered":"<p>Seg\u00fan informaron varios medios de la prensa burguesa, as\u00ed como comunicaron a este blog fuentes afines, la urbe vallisoletana fue escenario el pasado 31 de mayo de altercados y enfrentamientos cuando Fundaci\u00f3n Reconquista, conglomerado de partidos, organizaciones y grupos neonazis &hellip; <a href=\"https:\/\/vozcomoarma.noblogs.org\/?p=4485\">Sigue leyendo <span class=\"meta-nav\">&rarr;<\/span><\/a><\/p>\n","protected":false},"author":7045,"featured_media":0,"comment_status":"closed","ping_status":"open","sticky":false,"template":"","format":"standard","meta":{"footnotes":""},"categories":[58,61,9],"tags":[14,36,21,16,42,34,24,19,163],"class_list":["post-4485","post","type-post","status-publish","format-standard","hentry","category-acciones","category-noticias","category-noticias-y-comunicados","tag-anti-fascismo","tag-ataque-fascista","tag-disturbios","tag-guerra-social","tag-movimientos-sociales","tag-racismo","tag-reflexion","tag-represion","tag-valladolid"],"_links":{"self":[{"href":"https:\/\/vozcomoarma.noblogs.org\/index.php?rest_route=\/wp\/v2\/posts\/4485","targetHints":{"allow":["GET"]}}],"collection":[{"href":"https:\/\/vozcomoarma.noblogs.org\/index.php?rest_route=\/wp\/v2\/posts"}],"about":[{"href":"https:\/\/vozcomoarma.noblogs.org\/index.php?rest_route=\/wp\/v2\/types\/post"}],"author":[{"embeddable":true,"href":"https:\/\/vozcomoarma.noblogs.org\/index.php?rest_route=\/wp\/v2\/users\/7045"}],"replies":[{"embeddable":true,"href":"https:\/\/vozcomoarma.noblogs.org\/index.php?rest_route=%2Fwp%2Fv2%2Fcomments&post=4485"}],"version-history":[{"count":1,"href":"https:\/\/vozcomoarma.noblogs.org\/index.php?rest_route=\/wp\/v2\/posts\/4485\/revisions"}],"predecessor-version":[{"id":4486,"href":"https:\/\/vozcomoarma.noblogs.org\/index.php?rest_route=\/wp\/v2\/posts\/4485\/revisions\/4486"}],"wp:attachment":[{"href":"https:\/\/vozcomoarma.noblogs.org\/index.php?rest_route=%2Fwp%2Fv2%2Fmedia&parent=4485"}],"wp:term":[{"taxonomy":"category","embeddable":true,"href":"https:\/\/vozcomoarma.noblogs.org\/index.php?rest_route=%2Fwp%2Fv2%2Fcategories&post=4485"},{"taxonomy":"post_tag","embeddable":true,"href":"https:\/\/vozcomoarma.noblogs.org\/index.php?rest_route=%2Fwp%2Fv2%2Ftags&post=4485"}],"curies":[{"name":"wp","href":"https:\/\/api.w.org\/{rel}","templated":true}]}}