{"id":4611,"date":"2014-06-15T16:27:12","date_gmt":"2014-06-15T14:27:12","guid":{"rendered":"http:\/\/vozcomoarma.noblogs.org\/?p=4611"},"modified":"2014-06-15T16:30:45","modified_gmt":"2014-06-15T14:30:45","slug":"acciones-en-argentina-y-uruguay-en-contra-de-la-copa-del-mundo-de-la-fifa","status":"publish","type":"post","link":"https:\/\/vozcomoarma.noblogs.org\/?p=4611","title":{"rendered":"Acciones en Argentina y Uruguay en contra de la Copa del Mundo de la FIFA."},"content":{"rendered":"<p style=\"text-align: justify\">Adem\u00e1s de las numerosas movilizaciones que se est\u00e1n dando en Brasil contra la celebraci\u00f3n de este evento deportivo, posible gracias a la inversi\u00f3n del gobierno brasile\u00f1o, que prefiere gastar miles de millones de euros en llevar a cabo el torneo mientras la poblaci\u00f3n muere de hambre, se consume en la oscuridad de las favelas entre drogas y tiroteos (auspiciados por un gobierno y una polic\u00eda corruptos y al servicio de los aut\u00e9nticos criminales) y carece de los servicios sociales m\u00e1s b\u00e1sicos, como educaci\u00f3n, sanidad o una vivienda digna, en otros pa\u00edses tambi\u00e9n se han llevado a cabo acciones.<\/p>\n<p style=\"text-align: justify\">En la capital argentina de Malos Aires, anarquistas realizaron pintadas contra el mundial en la fachada del edificio de la AFA (Asociaci\u00f3n de F\u00fatbol Argentina), pero fueron interceptadxs m\u00e1s tarde por la polic\u00eda, que les detuvo y traslad\u00f3 al juzgado, donde tras negarse a declarar fueron puestxs en libertad con cargos, en principio por un delito de da\u00f1os.<\/p>\n<p style=\"text-align: justify\">Dejo el comunicado donde se explican los hechos:<\/p>\n<p style=\"text-align: justify\">&#8212;&#8212;&#8212;&#8212;&#8212;&#8212;&#8212;&#8212;&#8212;-<\/p>\n<p style=\"text-align: justify\"><em>En la noche del 29 al 30 de mayo se realizaron en el centro de la ciudad de Buenos Aires una serie de pintadas con consignas contra el pr\u00f3ximo mundial de f\u00fatbol a realizarse en Brasil (\u201cNo habr\u00e1 copa\u201d, \u201cContra la miseria del mundial\u201d, \u201cFuego al mundial\u201d, etc.) y en solidaridad con la compa\u00f1era Sol Vergara, detenida en Chile acusada de disparar contra un guardia bancario.<\/em><\/p>\n<p style=\"text-align: justify\"><em>Tras pintar la fachada de la AFA (Asociaci\u00f3n de F\u00fatbol Argentino), lxs compa\u00f1erxs fueron interceptadxs por la polic\u00eda federal y la metropolitana, trasladadxs a la comisaria 3\u00aa y luego de 14 horas en los calabozos, llevadxs al juzgado, en donde fueron soltadxs tras negarse a declarar para actualmente encontrarse procesadxs bajo el delito de \u201cda\u00f1os\u201d a esperas de novedades judiciales\u2026<\/em><\/p>\n<p style=\"text-align: justify\"><em>Si se elige el compartir este gesto en particular y no otros, no es para pedir ni la solidaridad ni la aprobaci\u00f3n de nadie, sino para justamente comunicar a lxs compa\u00f1erxs que activan con diversos medios aqu\u00ed o en cualquier regi\u00f3n, que hay compa\u00f1erxs difundiendo y agitando contra este asqueroso torneo, e invitarlxs a sumarse a la lucha contra el mismo.<\/em><\/p>\n<p style=\"text-align: justify\"><em>Y claro, con la intenci\u00f3n de enviar nuestra fuerza a lxs que en las calles de Brasil resisten y se organizan contra la embestida estatal que en pos de organizar este evento millonario, desaloja, humilla, encarcela, tortura y asesina sobre todo a la gente de los barrios marginales.<\/em><\/p>\n<p style=\"text-align: justify\"><em>Tambi\u00e9n nuestra fuerza siempre a lxs compa\u00f1erxs en prisi\u00f3n no arrepentidxs.<\/em><\/p>\n<p><em>\u00a1NO HABR\u00c1 COPA!<\/em><\/p>\n<p>&#8212;&#8212;&#8212;&#8212;&#8212;&#8212;&#8212;&#8212;&#8212;-<\/p>\n<p style=\"text-align: justify\">Mientras tanto, en Uruguay, d\u00edas despu\u00e9s, anarquistas de Montevideo arrojaron varios c\u00f3cteles molotov contra la sede de la AUF (Asociaci\u00f3n Uruguaya de F\u00fatbol), en la calle Guayabo y V\u00e1zquez. El ataque incendiario quem\u00f3 parte del edificio, y fue dedicado a lxs que luchan en Brasil pero tambi\u00e9n a lxs procesadxs por las pintadas realizadas en Buenos Aires.<\/p>\n<p style=\"text-align: justify\">El comunicado a continuaci\u00f3n:<\/p>\n<p style=\"text-align: justify\">&#8212;&#8212;&#8212;&#8212;&#8212;&#8212;&#8212;&#8212;&#8212;-<\/p>\n<p style=\"text-align: justify\"><em>Montevideo, Junio 2014.<\/em><\/p>\n<p style=\"text-align: justify\"><em>En la madrugada del lunes 9 de junio, atacamos la sede de la AUF (Asociaci\u00f3n Uruguaya de Futbol) dispuesta en la calle Guayabo y V\u00e1zquez con tres molotovs, destruyendo y quemando parte del edificio.<\/em><\/p>\n<p style=\"text-align: justify\"><em>Esta acci\u00f3n es una respuesta a toda la mierda que conlleva el festejo del Mundial.<\/em><\/p>\n<p style=\"text-align: justify\"><em>Mandamos cari\u00f1o y fuerza a lxs compa\u00f1erxs que luchan en el mundo y un abrazo grande a lxs compas procesadxs en Bs.As.<\/em><\/p>\n<p style=\"text-align: justify\"><em>\u00a1NO VA A HABER COPA!<\/em><\/p>\n<p style=\"text-align: justify\">&#8212;&#8212;&#8212;&#8212;&#8212;&#8212;&#8212;&#8212;&#8212;-<\/p>\n<p style=\"text-align: justify\">M\u00e1s all\u00e1 de los espect\u00e1culos televisivos y los decorados que tratan de ocultar la barbarie de esta sociedad enferma, el sue\u00f1o de violenta paz social del capitalismo se desvanece en la oscuridad de las favelas del mundo, los m\u00e1rgenes salvajes donde una generaci\u00f3n invisible arde en un incendio de intenci\u00f3n, cansada del silencio y de la pobreza.<\/p>\n<p style=\"text-align: justify\">El Mundial ni en Brasil ni en ninguna otra parte.<br \/>\n\u00a1Ataquemos a los estandartes futbol\u00edsticos!<\/p>\n<p><a href=\"https:\/\/vozcomoarma.noblogs.org\/files\/2014\/06\/BpoRewGIYAA_nwM.jpg\"><img loading=\"lazy\" decoding=\"async\" class=\"aligncenter size-full wp-image-4612\" src=\"https:\/\/vozcomoarma.noblogs.org\/files\/2014\/06\/BpoRewGIYAA_nwM.jpg\" alt=\"Favelas \" width=\"600\" height=\"373\" srcset=\"https:\/\/vozcomoarma.noblogs.org\/files\/2014\/06\/BpoRewGIYAA_nwM.jpg 600w, https:\/\/vozcomoarma.noblogs.org\/files\/2014\/06\/BpoRewGIYAA_nwM-300x186.jpg 300w\" sizes=\"auto, (max-width: 600px) 100vw, 600px\" \/><\/a><\/p>\n","protected":false},"excerpt":{"rendered":"<p>Adem\u00e1s de las numerosas movilizaciones que se est\u00e1n dando en Brasil contra la celebraci\u00f3n de este evento deportivo, posible gracias a la inversi\u00f3n del gobierno brasile\u00f1o, que prefiere gastar miles de millones de euros en llevar a cabo el torneo &hellip; <a href=\"https:\/\/vozcomoarma.noblogs.org\/?p=4611\">Sigue leyendo <span class=\"meta-nav\">&rarr;<\/span><\/a><\/p>\n","protected":false},"author":7045,"featured_media":0,"comment_status":"closed","ping_status":"open","sticky":false,"template":"","format":"standard","meta":{"footnotes":""},"categories":[58,61,9],"tags":[12,40,16,26,24,19,10,11],"class_list":["post-4611","post","type-post","status-publish","format-standard","hentry","category-acciones","category-noticias","category-noticias-y-comunicados","tag-brasil","tag-especulacion","tag-guerra-social","tag-insurreccionalismo","tag-reflexion","tag-represion","tag-sabotaje","tag-solidaridad"],"_links":{"self":[{"href":"https:\/\/vozcomoarma.noblogs.org\/index.php?rest_route=\/wp\/v2\/posts\/4611","targetHints":{"allow":["GET"]}}],"collection":[{"href":"https:\/\/vozcomoarma.noblogs.org\/index.php?rest_route=\/wp\/v2\/posts"}],"about":[{"href":"https:\/\/vozcomoarma.noblogs.org\/index.php?rest_route=\/wp\/v2\/types\/post"}],"author":[{"embeddable":true,"href":"https:\/\/vozcomoarma.noblogs.org\/index.php?rest_route=\/wp\/v2\/users\/7045"}],"replies":[{"embeddable":true,"href":"https:\/\/vozcomoarma.noblogs.org\/index.php?rest_route=%2Fwp%2Fv2%2Fcomments&post=4611"}],"version-history":[{"count":5,"href":"https:\/\/vozcomoarma.noblogs.org\/index.php?rest_route=\/wp\/v2\/posts\/4611\/revisions"}],"predecessor-version":[{"id":4617,"href":"https:\/\/vozcomoarma.noblogs.org\/index.php?rest_route=\/wp\/v2\/posts\/4611\/revisions\/4617"}],"wp:attachment":[{"href":"https:\/\/vozcomoarma.noblogs.org\/index.php?rest_route=%2Fwp%2Fv2%2Fmedia&parent=4611"}],"wp:term":[{"taxonomy":"category","embeddable":true,"href":"https:\/\/vozcomoarma.noblogs.org\/index.php?rest_route=%2Fwp%2Fv2%2Fcategories&post=4611"},{"taxonomy":"post_tag","embeddable":true,"href":"https:\/\/vozcomoarma.noblogs.org\/index.php?rest_route=%2Fwp%2Fv2%2Ftags&post=4611"}],"curies":[{"name":"wp","href":"https:\/\/api.w.org\/{rel}","templated":true}]}}