{"id":4638,"date":"2014-06-17T17:54:54","date_gmt":"2014-06-17T15:54:54","guid":{"rendered":"http:\/\/vozcomoarma.noblogs.org\/?p=4638"},"modified":"2016-02-21T06:17:49","modified_gmt":"2016-02-21T05:17:49","slug":"chile-los-compas-hermes-gonzalez-y-alfonso-alvial-condenados-en-procedimiento-abreviado-a-5-anos-de-libertad-vigilada","status":"publish","type":"post","link":"https:\/\/vozcomoarma.noblogs.org\/?p=4638","title":{"rendered":"Chile &#8211; Los compas Hermes Gonz\u00e1lez y Alfonso Alvial, condenados en procedimiento abreviado a 5 a\u00f1os de libertad vigilada"},"content":{"rendered":"<p style=\"text-align: justify\">Los anarquistas Alfonso Alvial y Hermes Gonz\u00e1lez, como sab\u00e9is, fueron detenidos el pasado 11 de septiembre de 2013 en la comuna de Pudahuel (Santiago de Chile). Fueron arrestadxs en las proximidades de una sucursal de BancoEstado donde ratos antes otro compa\u00f1ero, Sebastian Oversluij, hab\u00eda intentado llevar a cabo una expropiaci\u00f3n, muriendo asesinado por el bastardo guardia de seguridad, que le acribill\u00f3 a tiros.<\/p>\n<p style=\"text-align: justify\">Ahora, tras m\u00e1s de 6 meses de prisi\u00f3n preventiva, y seg\u00fan comunica una noticia publicada en el blog de lxs compa\u00f1erxs de <a href=\"https:\/\/publicacionrefractario.wordpress.com\/2014\/06\/16\/alfonso-y-hermes-condenados-a-5-anos-de-libertad-vigilada-por-procedimiento-abreviado\/\">Publicaci\u00f3n Refractario<\/a>, el pasado 13 de junio los dos compa\u00f1eros habr\u00edan aceptado un procedimiento abreviado con la Fiscal\u00eda Occidente, en el cual los dos habr\u00edan quedado condenados a 5 a\u00f1os de libertad vigilada por cargos de robo con intimidaci\u00f3n en grado de tentativa y porte ilegal de armas de fuego, saliendo ese mismo d\u00eda de la c\u00e1rcel. As\u00ed, ahora los compas pueden volver a rodearse de lxs suyxs, aunque con vigilancia constante y medidas cautelares. En cualquier caso, es mejor que la c\u00e1rcel&#8230;<\/p>\n<p style=\"text-align: justify\">\u00a1Solidaridad y fuerza para quienes siguen tras las rejas!<br \/>\n\u00a1Solidaridad y fuerza para Tamara Sol, que se encuentra encarcelada por vengar la muerte de Sebastian, disparando &#8211; no fatalmente por desgracia &#8211; contra otro guardia de seguridad de una sucursal del mismo banco!<\/p>\n<p style=\"text-align: justify\"><a href=\"https:\/\/vozcomoarma.noblogs.org\/files\/2014\/06\/911779829.jpg\"><img loading=\"lazy\" decoding=\"async\" class=\"aligncenter size-full wp-image-4640\" src=\"https:\/\/vozcomoarma.noblogs.org\/files\/2014\/06\/911779829.jpg\" alt=\"Talego\" width=\"628\" height=\"445\" srcset=\"https:\/\/vozcomoarma.noblogs.org\/files\/2014\/06\/911779829.jpg 628w, https:\/\/vozcomoarma.noblogs.org\/files\/2014\/06\/911779829-300x212.jpg 300w\" sizes=\"auto, (max-width: 628px) 100vw, 628px\" \/><\/a><\/p>\n","protected":false},"excerpt":{"rendered":"<p>Los anarquistas Alfonso Alvial y Hermes Gonz\u00e1lez, como sab\u00e9is, fueron detenidos el pasado 11 de septiembre de 2013 en la comuna de Pudahuel (Santiago de Chile). Fueron arrestadxs en las proximidades de una sucursal de BancoEstado donde ratos antes otro &hellip; <a href=\"https:\/\/vozcomoarma.noblogs.org\/?p=4638\">Sigue leyendo <span class=\"meta-nav\">&rarr;<\/span><\/a><\/p>\n","protected":false},"author":7045,"featured_media":0,"comment_status":"closed","ping_status":"open","sticky":false,"template":"","format":"standard","meta":{"footnotes":""},"categories":[1,61,9,143,7],"tags":[35,78,16,19,11],"class_list":["post-4638","post","type-post","status-publish","format-standard","hentry","category-general","category-noticias","category-noticias-y-comunicados","category-presos-por-el-atraco-frustrado-del-11-de-diciembre-chile","category-presxs","tag-asesinato-de-estado","tag-chile","tag-guerra-social","tag-represion","tag-solidaridad"],"_links":{"self":[{"href":"https:\/\/vozcomoarma.noblogs.org\/index.php?rest_route=\/wp\/v2\/posts\/4638","targetHints":{"allow":["GET"]}}],"collection":[{"href":"https:\/\/vozcomoarma.noblogs.org\/index.php?rest_route=\/wp\/v2\/posts"}],"about":[{"href":"https:\/\/vozcomoarma.noblogs.org\/index.php?rest_route=\/wp\/v2\/types\/post"}],"author":[{"embeddable":true,"href":"https:\/\/vozcomoarma.noblogs.org\/index.php?rest_route=\/wp\/v2\/users\/7045"}],"replies":[{"embeddable":true,"href":"https:\/\/vozcomoarma.noblogs.org\/index.php?rest_route=%2Fwp%2Fv2%2Fcomments&post=4638"}],"version-history":[{"count":2,"href":"https:\/\/vozcomoarma.noblogs.org\/index.php?rest_route=\/wp\/v2\/posts\/4638\/revisions"}],"predecessor-version":[{"id":10663,"href":"https:\/\/vozcomoarma.noblogs.org\/index.php?rest_route=\/wp\/v2\/posts\/4638\/revisions\/10663"}],"wp:attachment":[{"href":"https:\/\/vozcomoarma.noblogs.org\/index.php?rest_route=%2Fwp%2Fv2%2Fmedia&parent=4638"}],"wp:term":[{"taxonomy":"category","embeddable":true,"href":"https:\/\/vozcomoarma.noblogs.org\/index.php?rest_route=%2Fwp%2Fv2%2Fcategories&post=4638"},{"taxonomy":"post_tag","embeddable":true,"href":"https:\/\/vozcomoarma.noblogs.org\/index.php?rest_route=%2Fwp%2Fv2%2Ftags&post=4638"}],"curies":[{"name":"wp","href":"https:\/\/api.w.org\/{rel}","templated":true}]}}