{"id":4742,"date":"2014-07-02T19:17:25","date_gmt":"2014-07-02T17:17:25","guid":{"rendered":"http:\/\/vozcomoarma.noblogs.org\/?p=4742"},"modified":"2014-07-02T19:39:02","modified_gmt":"2014-07-02T17:39:02","slug":"chile-a-proposito-de-celebraciones-y-conmemoraciones-escrito-de-mario-pedraza","status":"publish","type":"post","link":"https:\/\/vozcomoarma.noblogs.org\/?p=4742","title":{"rendered":"Chile &#8211; \u00abA prop\u00f3sito de celebraciones y conmemoraciones\u00bb, escrito de Mario Pedraza"},"content":{"rendered":"<p style=\"text-align: justify\">Recibo en el correo electr\u00f3nico un nuevo escrito del compa Mario Pedraza, titulado <em>\u00abA prop\u00f3sito de celebraciones y conmemoraciones<\/em><em>\u00ab<\/em> y donde reflexiona acerca de la celebraci\u00f3n anual del golpe de Estado de Pinochet en Chile y la vergonzosa aceptaci\u00f3n social de la farsa democr\u00e1tica que sigui\u00f3 a la dictadura oficial.<\/p>\n<p style=\"text-align: justify\">&#8212;&#8212;&#8212;&#8212;&#8212;&#8212;&#8212;&#8212;&#8212;&#8212;<\/p>\n<p style=\"text-align: justify\"><em><strong>Nota de solidarixs: El siguiente escrito fue hecho por Mario Pedraza al conmemorarse 40 a\u00f1os del Golpe de Estado en Chile. Si bien a\u00fan quedan casi 3 meses para la conmemoraci\u00f3n de los 41 a\u00f1os de aquel Golpe, el escrito abarca algunos aspectos m\u00e1s contingentes, como la enajenaci\u00f3n, los motivos de celebrar y tambi\u00e9n el rescate de la memoria hist\u00f3rica.<\/strong><\/em><\/p>\n<p style=\"text-align: justify\"><em>Con pena y con tristeza he visto c\u00f3mo los placebos fines de semana largos(*) tratan de ocultar las grotescas manchas de sangre de aquellxs que en su momento gritaron libertad, y que hoy son s\u00f3lo recordadxs por esas bicolores fotograf\u00edas. La raz\u00f3n de este efecto placebo, \u00bfla celebraci\u00f3n de los 40 a\u00f1os de la dictadura militar o las celebraciones de la patria, la misma que esclaviza y abusa de sus patriotas? \u00bfO las desapariciones y el coste humano del primero?<\/em><\/p>\n<p style=\"text-align: justify\"><em>Hoy, reconocernos en democracia es legitimar a lxs verdugxs que se mimetizan a rostro descubierto y con corbata, sentadxs en sus sillones piramidales llamados \u00abgobiernos\u00bb, a sabiendas que el \u00faltimo castigo a recibir es que no voten por ellxs, ya que la democracia es nominativa y, peor aun, que el pueblo al cual estropean, golpean, abusan y esclavizan, tiene una fr\u00e1gil memoria.<\/em><\/p>\n<p style=\"text-align: justify\"><em>Reconocerse en democracia es reconocerse en dictadura con otro nombre, m\u00e1s suave.<\/em><\/p>\n<p style=\"text-align: justify\"><em>Hoy, tambi\u00e9n est\u00e1n asesinando a nuestrxs ni\u00f1xs. Hoy, est\u00e1n mutilando a nuestrxs padres. Hoy, han creado campos de concentraci\u00f3n y los llaman \u00abc\u00e1rceles concesionadas\u00bb. Hoy, est\u00e1n parapetadxs tras las leyes que s\u00f3lo les sirven a ellxs. Hoy estamos inmersxs en esta ilusionesca democracia como nunca, que es la peor dictadura de siempre. Hoy, contin\u00faan sedando, anestesiando y muchas veces aniquilando a todx aquel\/la que sue\u00f1a con algo distinto.<\/em><\/p>\n<p style=\"text-align: justify\"><em>Amigxs, compa\u00f1erxs, hermanxs de corazones salvajes y libertades: en sus acciones empapen a otrxs con estas inquietudes, contagien al entorno con el sentimiento m\u00e1s puro del amor, el mismo que impulsa a obrar y a llevar al hecho a aquellxs que creemos, ya que amando, podremos sentir la naturaleza de la verdadera libertad. No guarden la historia en un ba\u00fal, no mientan a la memoria, no permitan que conduzcan sus vidas, levanten esos rostros y recon\u00f3zcanse \u00fanicxs. Somos y pertenecemos al reino animal, somos salvajes de origen, nuestrxs ancestrxs vivieron libres en este mundo y murieron siendo libres. Y, si hay algo por lo que celebrar, que sea por sentirnos amadxs, siendo la mejor ofrenda vivir en libertad, tal cual como lo hicieron nustrxs abor\u00edgenes.<\/em><\/p>\n<p style=\"text-align: justify\"><em>O, al menos, no tener una fr\u00e1gil memoria.<\/em><\/p>\n<p style=\"text-align: justify\"><em>El hilo cronol\u00f3gico nos muestra que lo \u00fanico distinto, es el tiempo transcurrido. La dictadura, la democracia, el casino-sociedad, contin\u00faan siendo los mismos. No sean parte c\u00ednica de lxs cobardes que se reconocen democr\u00e1ticxs y que rasgan sus vestiduras al ver una prostituta, y que son los mismos que se hacen los hueones(**) cuando violan a nuestrxs ni\u00f1xs.<\/em><\/p>\n<p style=\"text-align: justify\"><em>Si quieren levantar sus vasos para brindar, h\u00e1ganlo. Pero brinden por el abandonado, por el errante, por la prostituta, por el cautivo, por la fotograf\u00eda de nuestros recuerdos, por el callejero, por las l\u00e1grimas de aquella madre, por el insomnio de este padre. Brinden porque nuestrxs cachorrxs sonr\u00eden, brinden por el retorno al hogar, brinden por el beso regalado, brinden por haber aprendido a robar un beso, brinden por haberse reconocido libres y sin miedos. Y si no, brinden porque hoy levantar\u00e1n sus pu\u00f1os para luchar hasta que tenga sentido brindar.<\/em><\/p>\n<p style=\"text-align: justify\"><em>La memoria crea identidad.<\/em><\/p>\n<p style=\"text-align: justify\"><em>Pronta libertad a todxs lxs presxs, mil fraternidad y abrazos.<\/em><\/p>\n<p style=\"text-align: justify\"><em>Mario Pedraza Eyzaguirre(***)<\/em><br \/>\n<em> C\u00e1rcel de Alta Seguridad,<\/em><br \/>\n<em> Septiembre de 2013.<\/em><\/p>\n<p style=\"text-align: justify\"><em>(*): En Chile, los fines de semana largos son aquellos fines de semana que se ven extendidos porque existe un viernes y\/o lunes festivo, teniendo as\u00ed el fin de semana tres o cuatro d\u00edas en lugar de dos.<\/em><\/p>\n<p style=\"text-align: justify\"><em>(**): \u00abHacerse el hue\u00f3n\u00bb: hacerse el desentendido.<\/em><\/p>\n<p style=\"text-align: justify\"><em>(***): Nacido en Bolivia, en 1978, Mario fue detenido junto a otras cuatro personas el 9 de noviembre de 2006, luego de un seguimiento de la Brigada del Crimen Organizado (Brico). Mientras circulaban en dos autom\u00f3viles en el Barrio Matta, la polic\u00eda esper\u00f3 a que cargaran combustible y realizaron una redada, encontrando una peluca, una pistola Taurus 9 mm, un rev\u00f3lver Smith &amp; Wesson .32 y dos chaquetas falsas de la Polic\u00eda de Investigaciones (PDI).<\/em><\/p>\n<p style=\"text-align: justify\"><em>En mayo de 2007 se inici\u00f3 el juicio en su contra, en donde la persecutora Mitzy Henr\u00edquez ped\u00eda una pena de 30 a\u00f1os contra Mario por infracci\u00f3n a la Ley Org\u00e1nica de Investigaciones por la falsificaci\u00f3n de las chaquetas de la PDI, y los delitos de \u201crobo con intimidaci\u00f3n\u201d y \u201crobo con violencia\u201d, por supuestamente haber participado en tres millonarios robos a camiones transportadores de multitiendas (abarrotes, perfumes, ropa, art\u00edculos electr\u00f3nicos, etc). Seg\u00fan la persecutora, la banda realizaba las expropiaciones simulando ser detectives de un operativo anti-narc\u00f3ticos. Mario fue condenado a 12 a\u00f1os y dos meses de prisi\u00f3n. Desde enero de 2012 que ha solicitado el beneficio de salida dominical -al haber cumplido la mitad de su condena- neg\u00e1ndosele constantemente por no contar con la aprobaci\u00f3n del Consejo T\u00e9cnico. De no conced\u00e9rsele beneficios, Mario ser\u00eda excarcelado el 29 de enero de 2019.<\/em><\/p>\n<p style=\"text-align: justify\"><em>Actualmente se encuentra en la C\u00e1rcel Colina II, luego de haber pasado varios a\u00f1os en la C\u00e1rcel de Alta Seguridad.<\/em><\/p>\n<p style=\"margin-bottom: 0cm\" align=\"JUSTIFY\"><a href=\"https:\/\/vozcomoarma.noblogs.org\/files\/2014\/07\/20120509171536-de39d341.jpg\"><img loading=\"lazy\" decoding=\"async\" class=\"aligncenter  wp-image-4743\" src=\"https:\/\/vozcomoarma.noblogs.org\/files\/2014\/07\/20120509171536-de39d341.jpg\" alt=\"Ni dictadura ni dictablanda\" width=\"551\" height=\"332\" srcset=\"https:\/\/vozcomoarma.noblogs.org\/files\/2014\/07\/20120509171536-de39d341.jpg 500w, https:\/\/vozcomoarma.noblogs.org\/files\/2014\/07\/20120509171536-de39d341-300x180.jpg 300w\" sizes=\"auto, (max-width: 551px) 100vw, 551px\" \/><\/a><\/p>\n","protected":false},"excerpt":{"rendered":"<p>Recibo en el correo electr\u00f3nico un nuevo escrito del compa Mario Pedraza, titulado \u00abA prop\u00f3sito de celebraciones y conmemoraciones\u00ab y donde reflexiona acerca de la celebraci\u00f3n anual del golpe de Estado de Pinochet en Chile y la vergonzosa aceptaci\u00f3n social &hellip; <a href=\"https:\/\/vozcomoarma.noblogs.org\/?p=4742\">Sigue leyendo <span class=\"meta-nav\">&rarr;<\/span><\/a><\/p>\n","protected":false},"author":7045,"featured_media":0,"comment_status":"closed","ping_status":"open","sticky":false,"template":"","format":"standard","meta":{"footnotes":""},"categories":[176,61,9,7],"tags":[78,30,16,24,19,11],"class_list":["post-4742","post","type-post","status-publish","format-standard","hentry","category-mario-pedraza","category-noticias","category-noticias-y-comunicados","category-presxs","tag-chile","tag-critica-anti-industrial","tag-guerra-social","tag-reflexion","tag-represion","tag-solidaridad"],"_links":{"self":[{"href":"https:\/\/vozcomoarma.noblogs.org\/index.php?rest_route=\/wp\/v2\/posts\/4742","targetHints":{"allow":["GET"]}}],"collection":[{"href":"https:\/\/vozcomoarma.noblogs.org\/index.php?rest_route=\/wp\/v2\/posts"}],"about":[{"href":"https:\/\/vozcomoarma.noblogs.org\/index.php?rest_route=\/wp\/v2\/types\/post"}],"author":[{"embeddable":true,"href":"https:\/\/vozcomoarma.noblogs.org\/index.php?rest_route=\/wp\/v2\/users\/7045"}],"replies":[{"embeddable":true,"href":"https:\/\/vozcomoarma.noblogs.org\/index.php?rest_route=%2Fwp%2Fv2%2Fcomments&post=4742"}],"version-history":[{"count":4,"href":"https:\/\/vozcomoarma.noblogs.org\/index.php?rest_route=\/wp\/v2\/posts\/4742\/revisions"}],"predecessor-version":[{"id":4751,"href":"https:\/\/vozcomoarma.noblogs.org\/index.php?rest_route=\/wp\/v2\/posts\/4742\/revisions\/4751"}],"wp:attachment":[{"href":"https:\/\/vozcomoarma.noblogs.org\/index.php?rest_route=%2Fwp%2Fv2%2Fmedia&parent=4742"}],"wp:term":[{"taxonomy":"category","embeddable":true,"href":"https:\/\/vozcomoarma.noblogs.org\/index.php?rest_route=%2Fwp%2Fv2%2Fcategories&post=4742"},{"taxonomy":"post_tag","embeddable":true,"href":"https:\/\/vozcomoarma.noblogs.org\/index.php?rest_route=%2Fwp%2Fv2%2Ftags&post=4742"}],"curies":[{"name":"wp","href":"https:\/\/api.w.org\/{rel}","templated":true}]}}