{"id":4757,"date":"2014-07-05T03:01:07","date_gmt":"2014-07-05T01:01:07","guid":{"rendered":"http:\/\/vozcomoarma.noblogs.org\/?p=4757"},"modified":"2014-07-05T04:00:19","modified_gmt":"2014-07-05T02:00:19","slug":"italia-romper-el-aislamiento-por-alfredo-cospito-acerca-del-proyecto-de-la-croce-nera-anarchica","status":"publish","type":"post","link":"https:\/\/vozcomoarma.noblogs.org\/?p=4757","title":{"rendered":"Italia &#8211; \u00abRomper el aislamiento\u00bb, por Alfredo Cospito, acerca del proyecto de la Croce Nera Anarchica"},"content":{"rendered":"<p style=\"text-align: justify\">Pese a mis diferencias con algunas de sus posturas, y buscando ampliar el arsenal para el debate, dejo el siguiente escrito de Nicola Gai con su valoraci\u00f3n acerca del proyecto reciente de la Cruz Negra Anarquista de Roma (m\u00e1s informaci\u00f3n en este blog, <a href=\"https:\/\/vozcomoarma.noblogs.org\/?p=3846\">aqu\u00ed<\/a>) y de la lucha antiautoritaria contra las prisiones y la sociedad actual.<\/p>\n<p style=\"text-align: justify\">&#8212;&#8212;&#8212;&#8212;&#8212;&#8212;&#8212;&#8212;&#8212;&#8212;-<\/p>\n<p style=\"text-align: justify\"><em>Con dificultad, nuestras palabras salen sin censura de las cuatro paredes de esta prisi\u00f3n. Aun as\u00ed, a veces, se consigue romper el aislamiento. Aprovechamos esta ocasi\u00f3n para dar nuestra opini\u00f3n sobre el proyecto de la nueva Cruz Negra, proyecto que nace aqu\u00ed, entre una hora de patio y otra.<\/em><\/p>\n<p style=\"text-align: justify\"><em>Muchas veces, en los \u00faltimos a\u00f1os, se ha cedido al lloriqueo, al victimismo hijo de la espera; espera por la concentraci\u00f3n de turno, de la consigna coreada, todos suced\u00e1neos insuficientes de la acci\u00f3n destructiva. Por el contrario, desde los primeros d\u00edas de nuestro encarcelamiento, nosotros estamos llenos de optimismo, un sentimiento, no s\u00f3lo nuestro, sino compartido con algunos de nuestros compa\u00f1eros de prisi\u00f3n. Optimismo concreto, hecho de diferentes perspectivas que juntas, en la diversidad conseguir\u00e1n derrotar ese \u201crealismo\u201d, esa constante, insoportable, est\u00e9ril, tendencia a lo \u201csocial\u201d, que tantas ha debilitado. El miedo obsesivo a hacer una acci\u00f3n demasiado \u201cviolenta\u201d por temor a que el reba\u00f1o escape. Estoy seguro de que el nuevo proyecto editorial de la Cruz Negra tendr\u00e1 \u00e9xito entre lxs distintxs compa\u00f1erxs dedicadxs a la acci\u00f3n, al ataque destructivo.<\/em><\/p>\n<p style=\"text-align: justify\"><em>Hace varios a\u00f1os que algunos de nosotros sentimos la necesidad de un lugar, un espacio f\u00edsico, un peri\u00f3dico donde las diferentes perspectivas y visiones del anarquismo de acci\u00f3n se puedan comparar, sin dogmas, cada una con sus propias dudas y certezas. Cruz Negra deber\u00eda ser ese lugar. Mi posici\u00f3n y la de Nicola en G\u00e9nova fue Clara. Yo claramente afirm\u00e9 que creo en la eficacia del proyecto informal de la FAI-FRI, que s\u00f3lo es uno de los diversos elementos de la m\u00e1s amplia Internacional Negra. Estoy convencido de que las acciones para comunicar y difundir deben ir acompa\u00f1adas de un mensaje, una reivindicaci\u00f3n y que sea precisamente esta comunicaci\u00f3n entre grupos a trav\u00e9s de las reivindicaciones la as\u00ed llamada organizaci\u00f3n informal con la que muchos se llenan la boca, reduci\u00e9ndola a una abstracci\u00f3n complicada. S\u00f3lo as\u00ed se puede saltar la asamblea decisiva y quitar \u201cpoder\u201d a los distintos l\u00edderes\/apagafuegos anarquistas.<\/em><\/p>\n<p style=\"text-align: justify\"><em>Esta es s\u00f3lo mi convicci\u00f3n, una de las visiones que espero que se pueda contrastar y, por qu\u00e9 no, confrontarse en las p\u00e1ginas de la Cruz Negra. Un gimnasio te\u00f3rico que espero que con el tiempo consiga deshacerse de la carga, ya insostenible, de una visi\u00f3n social y santurrona que est\u00e1 transformando a muchos anarquistas en curas laicos siempre detr\u00e1s del \u00faltimo santo caso. Como peonzas militantes, se rebota de una \u201clucha\u201d a otra, sin ser realmente incisivos, sin nunca ser bastante violentos. En pocas palabras, Nicola y yo querr\u00edamos un peri\u00f3dico hecho por lxs compa\u00f1erxs que, aun teniendo proyectos totalmente diferentes a los nuestros, no se limiten a cortejar a los \u201cperdedores\u201d del momento, ya sean los habituales presos o los inmigrantes, porque tal actitud pol\u00edtica genera paternalismo situ\u00e1ndonos por encima de las \u201ccategor\u00edas\u201d que defendemos y transform\u00e1ndonos, de hecho, en vanguardia, Compa\u00f1erxs con diferentes perspectivas, pero unidos por una certeza que, seg\u00fan nosotros, deber\u00eda ser indispensable para adherir a este proyecto editorial, la certeza de que las palabras est\u00e1n vac\u00edas si no van acompa\u00f1adas de hechos, y los hechos son \u00fanicamente las acciones de ataque destructivo. El resto es pol\u00edtica y nos da asco.<\/em><\/p>\n<p style=\"text-align: justify\"><em>Alfredo Cospito<\/em><\/p>\n<p style=\"text-align: justify\"><em>Cruz Negra Anarquista, peri\u00f3dico anarquista, n\u00ba 0, abril de 2014. p\u00e1g. 1<\/em><\/p>\n<p style=\"margin-bottom: 0cm\" align=\"JUSTIFY\"><a href=\"https:\/\/vozcomoarma.noblogs.org\/files\/2014\/07\/325398_Fai-anarchici.jpg\"><img loading=\"lazy\" decoding=\"async\" class=\"aligncenter size-full wp-image-4759\" src=\"https:\/\/vozcomoarma.noblogs.org\/files\/2014\/07\/325398_Fai-anarchici.jpg\" alt=\"FAI \" width=\"450\" height=\"292\" srcset=\"https:\/\/vozcomoarma.noblogs.org\/files\/2014\/07\/325398_Fai-anarchici.jpg 450w, https:\/\/vozcomoarma.noblogs.org\/files\/2014\/07\/325398_Fai-anarchici-300x194.jpg 300w\" sizes=\"auto, (max-width: 450px) 100vw, 450px\" \/><\/a><\/p>\n","protected":false},"excerpt":{"rendered":"<p>Pese a mis diferencias con algunas de sus posturas, y buscando ampliar el arsenal para el debate, dejo el siguiente escrito de Nicola Gai con su valoraci\u00f3n acerca del proyecto reciente de la Cruz Negra Anarquista de Roma (m\u00e1s informaci\u00f3n &hellip; <a href=\"https:\/\/vozcomoarma.noblogs.org\/?p=4757\">Sigue leyendo <span class=\"meta-nav\">&rarr;<\/span><\/a><\/p>\n","protected":false},"author":7045,"featured_media":0,"comment_status":"closed","ping_status":"open","sticky":false,"template":"","format":"standard","meta":{"footnotes":""},"categories":[84,61,9,7],"tags":[16,26,38,24,19,11],"class_list":["post-4757","post","type-post","status-publish","format-standard","hentry","category-alfredo-cospito","category-noticias","category-noticias-y-comunicados","category-presxs","tag-guerra-social","tag-insurreccionalismo","tag-italia","tag-reflexion","tag-represion","tag-solidaridad"],"_links":{"self":[{"href":"https:\/\/vozcomoarma.noblogs.org\/index.php?rest_route=\/wp\/v2\/posts\/4757","targetHints":{"allow":["GET"]}}],"collection":[{"href":"https:\/\/vozcomoarma.noblogs.org\/index.php?rest_route=\/wp\/v2\/posts"}],"about":[{"href":"https:\/\/vozcomoarma.noblogs.org\/index.php?rest_route=\/wp\/v2\/types\/post"}],"author":[{"embeddable":true,"href":"https:\/\/vozcomoarma.noblogs.org\/index.php?rest_route=\/wp\/v2\/users\/7045"}],"replies":[{"embeddable":true,"href":"https:\/\/vozcomoarma.noblogs.org\/index.php?rest_route=%2Fwp%2Fv2%2Fcomments&post=4757"}],"version-history":[{"count":8,"href":"https:\/\/vozcomoarma.noblogs.org\/index.php?rest_route=\/wp\/v2\/posts\/4757\/revisions"}],"predecessor-version":[{"id":4784,"href":"https:\/\/vozcomoarma.noblogs.org\/index.php?rest_route=\/wp\/v2\/posts\/4757\/revisions\/4784"}],"wp:attachment":[{"href":"https:\/\/vozcomoarma.noblogs.org\/index.php?rest_route=%2Fwp%2Fv2%2Fmedia&parent=4757"}],"wp:term":[{"taxonomy":"category","embeddable":true,"href":"https:\/\/vozcomoarma.noblogs.org\/index.php?rest_route=%2Fwp%2Fv2%2Fcategories&post=4757"},{"taxonomy":"post_tag","embeddable":true,"href":"https:\/\/vozcomoarma.noblogs.org\/index.php?rest_route=%2Fwp%2Fv2%2Ftags&post=4757"}],"curies":[{"name":"wp","href":"https:\/\/api.w.org\/{rel}","templated":true}]}}