{"id":4843,"date":"2014-07-06T23:15:54","date_gmt":"2014-07-06T21:15:54","guid":{"rendered":"http:\/\/vozcomoarma.noblogs.org\/?p=4843"},"modified":"2014-07-06T23:26:58","modified_gmt":"2014-07-06T21:26:58","slug":"la-unidad-que-promoveis-apesta","status":"publish","type":"post","link":"https:\/\/vozcomoarma.noblogs.org\/?p=4843","title":{"rendered":"Esta es la realidad tras vuestras llamadas a la \u00abunidad de acci\u00f3n\u00bb&#8230;"},"content":{"rendered":"<p style=\"text-align: justify\"><em>\u00abHay quienes piensan que luchamos por el mismo fin<br \/>\nremando en el mismo barco, \u00a1basta de fingir!\u00bb<\/em><\/p>\n<p>&#8211; Extracto de la letra de la canci\u00f3n \u00abMentiras en red\u00bb, de la banda de punk-rock Accidente.<\/p>\n<p style=\"text-align: justify\">Hoy un compa me pas\u00f3 la siguiente fotograf\u00eda, realizada recientemente en una calle del barrio madrile\u00f1o de Vallecas, donde como podemos comprobar, algunos elementos marxistas-leninistas, de esos que se llenan la boca hablando de la unidad de acci\u00f3n y de lo malxs que somos lxs anarquistas que rehusamos someternos a las directrices de sus partidos y sus vanguardias dirigistas, decidieron estropear los carteles que anuncian una actividad organizada por compas de un nuevo Centro Social Okupado en la zona, llamado CSO La 13-14.<\/p>\n<p style=\"text-align: justify\">Una vez m\u00e1s comprobamos cu\u00e1l es el concepto que muchxs marxistas-leninistas y stalinistas poseen de la \u00abUnidad\u00bb. Nada m\u00e1s ni nada menos que la sumisi\u00f3n y obediencia a sus vanguardias y a sus m\u00e9todos, rebajando nuestro discurso para pasar a ser simple infanter\u00eda a la que recurrir, u obst\u00e1culos que eliminar sistem\u00e1ticamente en cuanto decidamos que no queremos que sigan controlando nuestras luchas, mientras califican de \u00ablumpen\u00bb, \u00abpeque\u00f1oburgueses\u00bb, \u00abrevisionistas\u00bb, \u00abagentes del sistema\u00bb, \u00abtrotskistas\u00bb y otros calificativos despectivos y est\u00fapidos que colocan a cualquiera que no acepte la autoridad de sus mandos, bajo un nuevo capitalismo de Estado que no tiene nada de revolucionario, tal y como se ha podido comprobar en las distintas experiencias que se han dado en la historia.<\/p>\n<p style=\"text-align: justify\">No sois m\u00e1s que aparatos gestores para una conflictividad que crece, recuperadores, apagafuegos, aspirantes a pol\u00edticos profesionales con intereses propios que defender a toda costa, incluso boicoteando los aut\u00e9nticos procesos revolucionarios que ponen en peligro vuestras amadas posiciones dentro de las jerarqu\u00edas de poder, excus\u00e1ndoos con las \u00abcondiciones inmaduras\u00bb y otros pretextos que ya no os valen.<\/p>\n<p style=\"text-align: justify\">Eso s\u00ed, luego en Grecia arden unas cuantas de vuestras sedes y llor\u00e1is hablando de anarcofascistas y parapoliciales. En fin, un consejo: Quitaos de enmedio, no vaya a ser que por aqu\u00ed empiece a pasar lo mismo y vuestros chiringuitos comiencen a experimentar paranormales fen\u00f3menos de \u00abcombusti\u00f3n espont\u00e1nea\u00bb&#8230;<\/p>\n<p style=\"text-align: justify\">Contra toda Autoridad. \u00a1Viva la anarqu\u00eda!<\/p>\n<p style=\"text-align: justify\"><a href=\"https:\/\/vozcomoarma.noblogs.org\/files\/2014\/07\/Br2-kTMIgAAddq_.jpg\"><img loading=\"lazy\" decoding=\"async\" class=\"aligncenter size-full wp-image-4846\" src=\"https:\/\/vozcomoarma.noblogs.org\/files\/2014\/07\/Br2sXuVIUAAsmKI.jpg\" alt=\"Rojos estorbando\" width=\"600\" height=\"450\" srcset=\"https:\/\/vozcomoarma.noblogs.org\/files\/2014\/07\/Br2sXuVIUAAsmKI.jpg 600w, https:\/\/vozcomoarma.noblogs.org\/files\/2014\/07\/Br2sXuVIUAAsmKI-300x225.jpg 300w\" sizes=\"auto, (max-width: 600px) 100vw, 600px\" \/><img loading=\"lazy\" decoding=\"async\" class=\"aligncenter size-full wp-image-4845\" src=\"https:\/\/vozcomoarma.noblogs.org\/files\/2014\/07\/Br2-kTMIgAAddq_.jpg\" alt=\"Actividad 13-14\" width=\"599\" height=\"776\" srcset=\"https:\/\/vozcomoarma.noblogs.org\/files\/2014\/07\/Br2-kTMIgAAddq_.jpg 599w, https:\/\/vozcomoarma.noblogs.org\/files\/2014\/07\/Br2-kTMIgAAddq_-231x300.jpg 231w\" sizes=\"auto, (max-width: 599px) 100vw, 599px\" \/><\/a><\/p>\n","protected":false},"excerpt":{"rendered":"<p>\u00abHay quienes piensan que luchamos por el mismo fin remando en el mismo barco, \u00a1basta de fingir!\u00bb &#8211; Extracto de la letra de la canci\u00f3n \u00abMentiras en red\u00bb, de la banda de punk-rock Accidente. Hoy un compa me pas\u00f3 la &hellip; <a href=\"https:\/\/vozcomoarma.noblogs.org\/?p=4843\">Sigue leyendo <span class=\"meta-nav\">&rarr;<\/span><\/a><\/p>\n","protected":false},"author":7045,"featured_media":0,"comment_status":"closed","ping_status":"open","sticky":false,"template":"","format":"standard","meta":{"footnotes":""},"categories":[61,9],"tags":[16,67,42,37,24,19],"class_list":["post-4843","post","type-post","status-publish","format-standard","hentry","category-noticias","category-noticias-y-comunicados","tag-guerra-social","tag-madrid","tag-movimientos-sociales","tag-okupacion","tag-reflexion","tag-represion"],"_links":{"self":[{"href":"https:\/\/vozcomoarma.noblogs.org\/index.php?rest_route=\/wp\/v2\/posts\/4843","targetHints":{"allow":["GET"]}}],"collection":[{"href":"https:\/\/vozcomoarma.noblogs.org\/index.php?rest_route=\/wp\/v2\/posts"}],"about":[{"href":"https:\/\/vozcomoarma.noblogs.org\/index.php?rest_route=\/wp\/v2\/types\/post"}],"author":[{"embeddable":true,"href":"https:\/\/vozcomoarma.noblogs.org\/index.php?rest_route=\/wp\/v2\/users\/7045"}],"replies":[{"embeddable":true,"href":"https:\/\/vozcomoarma.noblogs.org\/index.php?rest_route=%2Fwp%2Fv2%2Fcomments&post=4843"}],"version-history":[{"count":5,"href":"https:\/\/vozcomoarma.noblogs.org\/index.php?rest_route=\/wp\/v2\/posts\/4843\/revisions"}],"predecessor-version":[{"id":4852,"href":"https:\/\/vozcomoarma.noblogs.org\/index.php?rest_route=\/wp\/v2\/posts\/4843\/revisions\/4852"}],"wp:attachment":[{"href":"https:\/\/vozcomoarma.noblogs.org\/index.php?rest_route=%2Fwp%2Fv2%2Fmedia&parent=4843"}],"wp:term":[{"taxonomy":"category","embeddable":true,"href":"https:\/\/vozcomoarma.noblogs.org\/index.php?rest_route=%2Fwp%2Fv2%2Fcategories&post=4843"},{"taxonomy":"post_tag","embeddable":true,"href":"https:\/\/vozcomoarma.noblogs.org\/index.php?rest_route=%2Fwp%2Fv2%2Ftags&post=4843"}],"curies":[{"name":"wp","href":"https:\/\/api.w.org\/{rel}","templated":true}]}}