{"id":4853,"date":"2014-07-08T13:31:01","date_gmt":"2014-07-08T11:31:01","guid":{"rendered":"http:\/\/vozcomoarma.noblogs.org\/?p=4853"},"modified":"2014-07-08T13:42:48","modified_gmt":"2014-07-08T11:42:48","slug":"italia-secta-nihilista-de-la-libre-muerte-presenta-su-proyecto-y-asume-ataques-incendiarios-en-roma","status":"publish","type":"post","link":"https:\/\/vozcomoarma.noblogs.org\/?p=4853","title":{"rendered":"Italia &#8211; Secta nihilista de la libre muerte presenta su proyecto y asume ataques incendiarios en Roma"},"content":{"rendered":"<p style=\"text-align: justify\">Recibo en el correo electr\u00f3nico en su versi\u00f3n en italiano el siguiente comunicado, donde un grupo denominado \u00abSetta nichilista della libera morte\u00bb (Secta nihilista de la libre muerte) presenta sus puntos b\u00e1sicos y reivindica adem\u00e1s una primera serie de ataques incendiarios contra objetivos m\u00f3viles no especificados dentro de la ciudad de Roma.<\/p>\n<p style=\"text-align: justify\">Tras traducirlo como he podido (tirando de traductor y con ayuda de una colaboradora con dotes de italiano), difundo a continuaci\u00f3n, consider\u00e1ndolo de inter\u00e9s informativo:<\/p>\n<p style=\"text-align: justify\"><em>&#8212;&#8212;&#8212;&#8212;&#8212;&#8212;&#8212;&#8212;&#8212;&#8212;-<\/em><\/p>\n<p style=\"text-align: justify\"><em>\u00abY aqu\u00ed, yo os ense\u00f1o al superhombre: \u00e9l es este mar, y en \u00e9l puede hundirse vuestro gran desprecio\u00bb<\/em><\/p>\n<p style=\"text-align: justify\"><em>La Secta nihilista de la libre muerte es fundada y se delinea a trav\u00e9s de los puntos precisos del proyecto y la experimentaci\u00f3n:<\/em><\/p>\n<p style=\"text-align: justify\"><em>1 \u2013 El ataque a la sociedad y sus valores fundamentales, como la moral, la igualdad, la democracia, la legalidad, el derecho etc&#8230;<\/em><\/p>\n<p style=\"text-align: justify\"><em>2 \u2013 El rechazo de todo tr\u00e1mite legal y jur\u00eddico.<\/em><\/p>\n<p style=\"text-align: justify\"><em>3 \u2013 La Secta nihilista de la libre muerte es \u00fanica, y niega todo pacto federativo o asociativo con otros grupos, aunque fuesen \u00abafines\u00bb al proyecto.<\/em><\/p>\n<p style=\"text-align: justify\"><em>4 \u2013 La Secta nihilista de la libre muerte no utiliza se\u00f1ales de advertencia o \u00abllamadas de tel\u00e9fono\u00bb de aviso, pero todo atentado llevado a cabo o intentado, ser\u00e1 cifrado bajo c\u00f3digos espec\u00edficos, para evitar la \u00abconfusi\u00f3n\u00bb con todos los \u00f3rganoss jur\u00eddicos y \u00e9ticos de la sociedad y\/o cualquier asunto que quiera utilizarlo para sus propios \u00abfines\u00bb.<\/em><\/p>\n<p style=\"text-align: justify\"><em>5 \u2013 Contra la supuesta solidaridad \u00abheterog\u00e9nea\u00bb o generalista, que afectar\u00e1 a la especificidad del proyecto.<\/em><\/p>\n<p style=\"text-align: justify\"><em>6 \u2013 La reivindicaci\u00f3n \u00abpropia\u00bb de la Secta nihilista de la libre muerte, en un caso espec\u00edfico, en el caso por el cual, un\/a individux no siendo parte del pacto asociativo, est\u00e9 involucradx indirectamente en alguna forma de detenci\u00f3n.<\/em><\/p>\n<p style=\"text-align: justify\"><em>La suerte est\u00e1 echada&#8230;<\/em><\/p>\n<p style=\"text-align: justify\"><em>PD: Por un inicio de experimentaci\u00f3n, varios ataques incendiarios fueron llevados a cabo contra objetivos m\u00f3viles en el enclave de la metr\u00f3polis denominada \u00abRoma\u00bb.<\/em><\/p>\n<p style=\"text-align: justify\"><em>Secta nihilista de la libre muerte.<\/em><\/p>\n<p style=\"margin-bottom: 0cm\" align=\"JUSTIFY\"><a href=\"https:\/\/vozcomoarma.noblogs.org\/files\/2014\/07\/tumblr_n19gggfi1n1qdg6sho1_500.jpg\"><img loading=\"lazy\" decoding=\"async\" class=\"aligncenter size-full wp-image-4832\" src=\"https:\/\/vozcomoarma.noblogs.org\/files\/2014\/07\/tumblr_n19gggfi1n1qdg6sho1_500.jpg\" alt=\"Vac\u00edo\" width=\"500\" height=\"697\" srcset=\"https:\/\/vozcomoarma.noblogs.org\/files\/2014\/07\/tumblr_n19gggfi1n1qdg6sho1_500.jpg 500w, https:\/\/vozcomoarma.noblogs.org\/files\/2014\/07\/tumblr_n19gggfi1n1qdg6sho1_500-215x300.jpg 215w\" sizes=\"auto, (max-width: 500px) 100vw, 500px\" \/><\/a><\/p>\n","protected":false},"excerpt":{"rendered":"<p>Recibo en el correo electr\u00f3nico en su versi\u00f3n en italiano el siguiente comunicado, donde un grupo denominado \u00abSetta nichilista della libera morte\u00bb (Secta nihilista de la libre muerte) presenta sus puntos b\u00e1sicos y reivindica adem\u00e1s una primera serie de ataques &hellip; <a href=\"https:\/\/vozcomoarma.noblogs.org\/?p=4853\">Sigue leyendo <span class=\"meta-nav\">&rarr;<\/span><\/a><\/p>\n","protected":false},"author":7045,"featured_media":0,"comment_status":"closed","ping_status":"open","sticky":false,"template":"","format":"standard","meta":{"footnotes":""},"categories":[58,61,9],"tags":[16,26,24],"class_list":["post-4853","post","type-post","status-publish","format-standard","hentry","category-acciones","category-noticias","category-noticias-y-comunicados","tag-guerra-social","tag-insurreccionalismo","tag-reflexion"],"_links":{"self":[{"href":"https:\/\/vozcomoarma.noblogs.org\/index.php?rest_route=\/wp\/v2\/posts\/4853","targetHints":{"allow":["GET"]}}],"collection":[{"href":"https:\/\/vozcomoarma.noblogs.org\/index.php?rest_route=\/wp\/v2\/posts"}],"about":[{"href":"https:\/\/vozcomoarma.noblogs.org\/index.php?rest_route=\/wp\/v2\/types\/post"}],"author":[{"embeddable":true,"href":"https:\/\/vozcomoarma.noblogs.org\/index.php?rest_route=\/wp\/v2\/users\/7045"}],"replies":[{"embeddable":true,"href":"https:\/\/vozcomoarma.noblogs.org\/index.php?rest_route=%2Fwp%2Fv2%2Fcomments&post=4853"}],"version-history":[{"count":4,"href":"https:\/\/vozcomoarma.noblogs.org\/index.php?rest_route=\/wp\/v2\/posts\/4853\/revisions"}],"predecessor-version":[{"id":4859,"href":"https:\/\/vozcomoarma.noblogs.org\/index.php?rest_route=\/wp\/v2\/posts\/4853\/revisions\/4859"}],"wp:attachment":[{"href":"https:\/\/vozcomoarma.noblogs.org\/index.php?rest_route=%2Fwp%2Fv2%2Fmedia&parent=4853"}],"wp:term":[{"taxonomy":"category","embeddable":true,"href":"https:\/\/vozcomoarma.noblogs.org\/index.php?rest_route=%2Fwp%2Fv2%2Fcategories&post=4853"},{"taxonomy":"post_tag","embeddable":true,"href":"https:\/\/vozcomoarma.noblogs.org\/index.php?rest_route=%2Fwp%2Fv2%2Ftags&post=4853"}],"curies":[{"name":"wp","href":"https:\/\/api.w.org\/{rel}","templated":true}]}}