{"id":5103,"date":"2014-07-25T03:35:30","date_gmt":"2014-07-25T01:35:30","guid":{"rendered":"http:\/\/vozcomoarma.noblogs.org\/?p=5103"},"modified":"2014-07-25T17:05:43","modified_gmt":"2014-07-25T15:05:43","slug":"chile-disturbios-en-el-ex-pedagogico-en-solidaridad-con-tamara-sol-y-los-presos-del-caso-security","status":"publish","type":"post","link":"https:\/\/vozcomoarma.noblogs.org\/?p=5103","title":{"rendered":"Chile &#8211; Disturbios en el ex-Pedag\u00f3gico en solidaridad con Tamara Sol y los presos del Caso Security"},"content":{"rendered":"<p style=\"text-align: justify\">Compas de Noticias de la Guerra Social me env\u00edan por correo la noticia acerca de una nueva jornada de enfrentamientos con la polic\u00eda como gesto de solidaridad simb\u00f3lica y de difusi\u00f3n informativa para apoyar a la compa\u00f1era Tamara Sol (encarcelada y acusada de ser la mujer que dispar\u00f3 contra un segurata de una sucursal de BancoEstado -sin lograr causarle la muerte- en venganza por el asesinato del compa\u00f1ero Sebastian Oversluij, que hab\u00eda muerto d\u00edas antes tiroteado a su vez por un guardia de seguridad de otra oficina del mismo banco, cuando intentaba realizar una expropiaci\u00f3n) y a los recientemente sentenciados compa\u00f1eros del <a href=\"https:\/\/vozcomoarma.noblogs.org\/?cat=103\">Caso Security<\/a> Marcelo Villarroel, Freddy Fuentevilla y Juan Aliste, que recibieron largas condenas tras se considerados \u00abculpables\u00bb por la justicia de los ricos de haber matado a un cabo de Carabineros en un enfrentamiento armado donde otro agente qued\u00f3 herido grave, y llevado a cabo varias expropiaciones a bancos.<\/p>\n<p style=\"text-align: justify\">Adem\u00e1s, la acci\u00f3n se dedic\u00f3 tambi\u00e9n a la memoria de Marco Cuadra, un hombre que, desesperado por las nefastas condiciones laborales que ten\u00eda que soportar en su trabajo, se suicid\u00f3 quem\u00e1ndose a lo bonzo el pasado 2 de junio.<\/p>\n<p style=\"text-align: justify\">A continuaci\u00f3n, la noticia recibida, acompa\u00f1ada de un v\u00eddeo y fotograf\u00edas de la acci\u00f3n:<\/p>\n<p>&#8212;&#8212;&#8212;&#8212;&#8212;&#8212;&#8212;&#8212;&#8212;&#8212;-<\/p>\n<p style=\"text-align: justify\"><em>El lunes 14 de Julio del 2014, un grupo de encapuchados levantaron barricadas a las afuera del ex-Pedagogico en las cercan\u00edas de la intersecci\u00f3n de las calles Macul con Grecia.<\/em><\/p>\n<p style=\"text-align: justify\"><em>A las 13:30 el fuego, las piedras, la pintura y las bombas molotov cortaron la rutina urbana para traer a la calle a la compa\u00f1era Tamara Sol en prisi\u00f3n preventiva y los compa\u00f1eros recientemente condenados: Juan Aliste, Freddy Fuentevilla y Marcelo Villarroel.<\/em><\/p>\n<p style=\"text-align: justify\"><em>Tambi\u00e9n se record\u00f3 a Marco Cuadra, trabajador que se quemo a lo bonzo el 2 de Junio reclamando por las miserables condiciones de sobrevivencia en su trabajo.<\/em><\/p>\n<p style=\"text-align: justify\"><em>Tras la llegada de la represi\u00f3n, continuaron los enfrentamientos desde adentro de la Universidad, sin resultar ning\u00fan compa\u00f1ero detenido.<\/em><\/p>\n<p style=\"margin-bottom: 0cm;text-align: center\" align=\"JUSTIFY\">[vsw id=\u00bbVhTGFFTMPg8&#8243; source=\u00bbyoutube\u00bb width=\u00bb425&#8243; height=\u00bb344&#8243; autoplay=0]<\/p>\n<p style=\"text-align: justify\"><a href=\"https:\/\/vozcomoarma.noblogs.org\/files\/2014\/07\/peda18.jpg\"><img loading=\"lazy\" decoding=\"async\" class=\"aligncenter size-full wp-image-5120\" src=\"https:\/\/vozcomoarma.noblogs.org\/files\/2014\/07\/peda18.jpg\" alt=\"peda18\" width=\"960\" height=\"639\" srcset=\"https:\/\/vozcomoarma.noblogs.org\/files\/2014\/07\/peda18.jpg 960w, https:\/\/vozcomoarma.noblogs.org\/files\/2014\/07\/peda18-300x199.jpg 300w\" sizes=\"auto, (max-width: 960px) 100vw, 960px\" \/><\/a> <a href=\"https:\/\/vozcomoarma.noblogs.org\/files\/2014\/07\/peda16.jpg\"><img loading=\"lazy\" decoding=\"async\" class=\"aligncenter size-full wp-image-5118\" src=\"https:\/\/vozcomoarma.noblogs.org\/files\/2014\/07\/peda16.jpg\" alt=\"peda16\" width=\"960\" height=\"600\" srcset=\"https:\/\/vozcomoarma.noblogs.org\/files\/2014\/07\/peda16.jpg 960w, https:\/\/vozcomoarma.noblogs.org\/files\/2014\/07\/peda16-300x187.jpg 300w\" sizes=\"auto, (max-width: 960px) 100vw, 960px\" \/><\/a> <a href=\"https:\/\/vozcomoarma.noblogs.org\/files\/2014\/07\/peda15.jpg\"><img loading=\"lazy\" decoding=\"async\" class=\"aligncenter size-full wp-image-5117\" src=\"https:\/\/vozcomoarma.noblogs.org\/files\/2014\/07\/peda15.jpg\" alt=\"peda15\" width=\"960\" height=\"637\" srcset=\"https:\/\/vozcomoarma.noblogs.org\/files\/2014\/07\/peda15.jpg 960w, https:\/\/vozcomoarma.noblogs.org\/files\/2014\/07\/peda15-300x199.jpg 300w\" sizes=\"auto, (max-width: 960px) 100vw, 960px\" \/><\/a> <a href=\"https:\/\/vozcomoarma.noblogs.org\/files\/2014\/07\/peda01.jpg\"><img loading=\"lazy\" decoding=\"async\" class=\"aligncenter size-full wp-image-5104\" src=\"https:\/\/vozcomoarma.noblogs.org\/files\/2014\/07\/peda01.jpg\" alt=\"peda01\" width=\"960\" height=\"637\" srcset=\"https:\/\/vozcomoarma.noblogs.org\/files\/2014\/07\/peda01.jpg 960w, https:\/\/vozcomoarma.noblogs.org\/files\/2014\/07\/peda01-300x199.jpg 300w\" sizes=\"auto, (max-width: 960px) 100vw, 960px\" \/><\/a> <a href=\"https:\/\/vozcomoarma.noblogs.org\/files\/2014\/07\/peda05.jpg\"><img loading=\"lazy\" decoding=\"async\" class=\"aligncenter size-full wp-image-5107\" src=\"https:\/\/vozcomoarma.noblogs.org\/files\/2014\/07\/peda05.jpg\" alt=\"peda05\" width=\"960\" height=\"600\" srcset=\"https:\/\/vozcomoarma.noblogs.org\/files\/2014\/07\/peda05.jpg 960w, https:\/\/vozcomoarma.noblogs.org\/files\/2014\/07\/peda05-300x187.jpg 300w\" sizes=\"auto, (max-width: 960px) 100vw, 960px\" \/><\/a> <a href=\"https:\/\/vozcomoarma.noblogs.org\/files\/2014\/07\/peda11.jpg\"><img loading=\"lazy\" decoding=\"async\" class=\"aligncenter size-full wp-image-5113\" src=\"https:\/\/vozcomoarma.noblogs.org\/files\/2014\/07\/peda11.jpg\" alt=\"peda11\" width=\"960\" height=\"637\" srcset=\"https:\/\/vozcomoarma.noblogs.org\/files\/2014\/07\/peda11.jpg 960w, https:\/\/vozcomoarma.noblogs.org\/files\/2014\/07\/peda11-300x199.jpg 300w\" sizes=\"auto, (max-width: 960px) 100vw, 960px\" \/><\/a> <a href=\"https:\/\/vozcomoarma.noblogs.org\/files\/2014\/07\/peda10.jpg\"><img loading=\"lazy\" decoding=\"async\" class=\"aligncenter size-full wp-image-5112\" src=\"https:\/\/vozcomoarma.noblogs.org\/files\/2014\/07\/peda10.jpg\" alt=\"peda10\" width=\"960\" height=\"637\" srcset=\"https:\/\/vozcomoarma.noblogs.org\/files\/2014\/07\/peda10.jpg 960w, https:\/\/vozcomoarma.noblogs.org\/files\/2014\/07\/peda10-300x199.jpg 300w\" sizes=\"auto, (max-width: 960px) 100vw, 960px\" \/><\/a><\/p>\n","protected":false},"excerpt":{"rendered":"<p>Compas de Noticias de la Guerra Social me env\u00edan por correo la noticia acerca de una nueva jornada de enfrentamientos con la polic\u00eda como gesto de solidaridad simb\u00f3lica y de difusi\u00f3n informativa para apoyar a la compa\u00f1era Tamara Sol (encarcelada &hellip; <a href=\"https:\/\/vozcomoarma.noblogs.org\/?p=5103\">Sigue leyendo <span class=\"meta-nav\">&rarr;<\/span><\/a><\/p>\n","protected":false},"author":7045,"featured_media":0,"comment_status":"closed","ping_status":"open","sticky":false,"template":"","format":"standard","meta":{"footnotes":""},"categories":[58,103,61,9,7,151],"tags":[78,21,16,26,24,19,10,11],"class_list":["post-5103","post","type-post","status-publish","format-standard","hentry","category-acciones","category-caso-security","category-noticias","category-noticias-y-comunicados","category-presxs","category-tamara-sol-farias-vergara","tag-chile","tag-disturbios","tag-guerra-social","tag-insurreccionalismo","tag-reflexion","tag-represion","tag-sabotaje","tag-solidaridad"],"_links":{"self":[{"href":"https:\/\/vozcomoarma.noblogs.org\/index.php?rest_route=\/wp\/v2\/posts\/5103","targetHints":{"allow":["GET"]}}],"collection":[{"href":"https:\/\/vozcomoarma.noblogs.org\/index.php?rest_route=\/wp\/v2\/posts"}],"about":[{"href":"https:\/\/vozcomoarma.noblogs.org\/index.php?rest_route=\/wp\/v2\/types\/post"}],"author":[{"embeddable":true,"href":"https:\/\/vozcomoarma.noblogs.org\/index.php?rest_route=\/wp\/v2\/users\/7045"}],"replies":[{"embeddable":true,"href":"https:\/\/vozcomoarma.noblogs.org\/index.php?rest_route=%2Fwp%2Fv2%2Fcomments&post=5103"}],"version-history":[{"count":8,"href":"https:\/\/vozcomoarma.noblogs.org\/index.php?rest_route=\/wp\/v2\/posts\/5103\/revisions"}],"predecessor-version":[{"id":5144,"href":"https:\/\/vozcomoarma.noblogs.org\/index.php?rest_route=\/wp\/v2\/posts\/5103\/revisions\/5144"}],"wp:attachment":[{"href":"https:\/\/vozcomoarma.noblogs.org\/index.php?rest_route=%2Fwp%2Fv2%2Fmedia&parent=5103"}],"wp:term":[{"taxonomy":"category","embeddable":true,"href":"https:\/\/vozcomoarma.noblogs.org\/index.php?rest_route=%2Fwp%2Fv2%2Fcategories&post=5103"},{"taxonomy":"post_tag","embeddable":true,"href":"https:\/\/vozcomoarma.noblogs.org\/index.php?rest_route=%2Fwp%2Fv2%2Ftags&post=5103"}],"curies":[{"name":"wp","href":"https:\/\/api.w.org\/{rel}","templated":true}]}}