{"id":5220,"date":"2014-07-29T12:23:46","date_gmt":"2014-07-29T10:23:46","guid":{"rendered":"http:\/\/vozcomoarma.noblogs.org\/?p=5220"},"modified":"2014-07-29T12:25:04","modified_gmt":"2014-07-29T10:25:04","slug":"grecia-nucleos-de-nihilistas-atacan-con-una-granada-la-sede-del-medio-burgues-skai-en-atenas","status":"publish","type":"post","link":"https:\/\/vozcomoarma.noblogs.org\/?p=5220","title":{"rendered":"Grecia &#8211; N\u00facleos de Nihilistas atacan con una granada la sede del medio burgu\u00e9s SKAI en Atenas"},"content":{"rendered":"<p style=\"text-align: justify\">Dejo el siguiente comunicado por el cual un grupo de afinidad bajo el nombre de \u00abN\u00facleos de Nihilistas\u00bb reivindica el ataque con una granada contra la sede del medio burgu\u00e9s SKAI, cadena televisiva al servicio de entes represores como la polic\u00eda, los fiscales y los jueces, y reproductor orgulloso de las mentiras de pol\u00edticxs y oligarcas, siendo as\u00ed un pilar b\u00e1sico en la fabricaci\u00f3n y consolidaci\u00f3n de la ideolog\u00eda dominante y su hip\u00f3crita moral ciudadana.<\/p>\n<p>&#8212;&#8212;&#8212;&#8212;&#8212;&#8212;&#8212;-<\/p>\n<p><em>Cabrones \u2013 chivatos \u2013 periodistas<\/em><\/p>\n<p><em>\u201cLos medios de masas son para la democracia lo que son los tanques para la dictadura\u201d<\/em><\/p>\n<p style=\"text-align: justify\"><em>Los \u201cN\u00facleos de Nihilistas\u201d asumimos la responsabilidad por el ataque con granada a la sede central del canal de chivatos SKAI, el s\u00e1bado 12 de julio de madrugada.<\/em><\/p>\n<p style=\"text-align: justify\"><em>En la era del imperio de los mass mierda se escriben muchas cosas para decir s\u00f3lo unas pocas y esconder la mayor\u00eda. Lxs periodistas se presentan como lxs \u00fanicxs propietarixs de la verdad. Lo que no aparece en las c\u00e1maras de televisi\u00f3n simplemente no existe. Se borra\u2026 se silencia\u2026 se acalla\u2026<\/em><\/p>\n<p style=\"text-align: justify\"><em>Tal como pas\u00f3 con la huelga de hambre m\u00e1s grande (4500 presos) que se realiz\u00f3 en las c\u00e1rceles griegas contra la ley por la construcci\u00f3n de prisiones de m\u00e1xima seguridad. La noticia de esta huelga de hambre sin precedentes fue escondida entre las publicidades de m\u00f3viles, detergentes, m\u00e1quinas el\u00e9ctricas y los ritmos festejeros de la Copa del mundo, para que acabe fragmentada, machacada, y finalmente silenciada por completo.<\/em><\/p>\n<p style=\"text-align: justify\"><em>La lucha de lxs presxs para que no se entierren y se olviden como muertxs vivientes dentro de toneladas de cemento y rejas parece que no encaja en la narraci\u00f3n televisiva de la vida. All\u00ed donde la mentira construye sus bastiones ideol\u00f3gicos lo \u00fanico que cabe es el miedo y el atontamiento de la sociedad del espect\u00e1culo. Las im\u00e1genes de las personas que buscan la comida entre la basura se alternan con espectaculares desfiles de moda y galas de caridad, mientras que la noticia del suicidio de miles de neo-desesperadxs ex-peque\u00f1oburguesxs se olvida bajo la resonancia de los chismes del lifestyle, en un negocio televisivo de afasia social sin fin\u2026 Y la vida contin\u00faa fuera de la pantalla, en fondo blanco y negro. Una manera de pensar masiva y sentimientos con instrucciones de uso\u2026 esta es la f\u00e1brica social de los medios de comunicaci\u00f3n masiva.<\/em><\/p>\n<p style=\"text-align: justify\"><em>SKAI con su equipo period\u00edstico de lacayxs y chivatxs est\u00e1 ejerciendo la propaganda del conservadurismo y del miedo. Solteronas sagazes (I. Mandrou), sumisos consejeros (A. Portosalte), agentes de servicios de informaci\u00f3n (Papahelas), asquerosos lamebotas (G. Aftias), reci\u00e9n llegados pretenciosos cobardes (T. Chatzis), banqueros hist\u00e9ricos (M. Papadimitriou), todxs bajo la gu\u00eda del contrabandista Alafouzos (propietario del canal) elogian y santifican las \u00f3rdenes del Poder, enviando a la Inquisici\u00f3n a cualquiera que se atreva a desafiarlo.<\/em><\/p>\n<p style=\"text-align: justify\"><em>Podr\u00edamos gastar miles de palabras para lxs pagadxs tele-fiscales pero ninguna oveja se salv\u00f3 balando. En el combate contra lo existente no vence quien habla \u201cmejor\u201d, sino quien transforma sus palabras en praxis. Por eso a nosotrxs no nos gustan los discursos decorados, los an\u00e1lisis complejos, la ret\u00f3rica social y la aparentemente seria terminolog\u00eda pol\u00edtica para \u201cjustificar\u201d nuestras acciones o para ser agradables a las masas.<\/em><\/p>\n<p style=\"text-align: justify\"><em>Estamos con la minor\u00eda de aquellxs a que no les importan las condiciones objetivas y las etapas intermedias de la \u201crevoluci\u00f3n social\u201d, y llevamos la experiencia directa de la insurrecci\u00f3n anarquista en el aqu\u00ed y el ahora\u2026<\/em><\/p>\n<p style=\"text-align: justify\"><em>Desde el filo de la navaja, donde buscamos la experiencia verdadera del ataque, enviamos nuestros saludos y expresamos nuestra complicidad con lxs compas del N\u00facleo de prisi\u00f3n de la Conspiraci\u00f3n de C\u00e9lulas del Fuego, con Andreas Tsavdaridis y Spyros Mandylas que se encuentran en el m\u00f3dulo A de la prisi\u00f3n de Korydallos, con la compa Olga Ikonomidou de la Conspiraci\u00f3n de las C\u00e9lulas de Fuego, y con todxs aquellxs amigxs dentro de las c\u00e1rceles que no se arrodillan frente a la tiran\u00eda del Poder y el desgaste del tiempo. Solidaridad y fuerza al sector en clandestinidad de la Conspiraci\u00f3n de C\u00e9lulas del Fuego, a lxs compas en Alemania, Italia, Indonesia, Inglaterra, que refuerzan al \u201cProyecto F\u00e9nix\u201d, a la red internacional de FAI\/FRI (Federaci\u00f3n Anarquista Informal \/ Frente Revolucionario Internacional) y al guerrillero urbano Christodoulos Xiros, que est\u00e1 en b\u00fasqueda y captura con una recompensa por su cabeza.<\/em><\/p>\n<p style=\"text-align: justify\"><em>Piensa revolucionariamente, act\u00faa ofensivamente.<\/em><\/p>\n<p style=\"text-align: justify\"><em>\u201cN\u00facleos de Nihilistas\u201d<\/em><\/p>\n<p style=\"text-align: justify\"><em>PD (1). La presencia de algunxs transe\u00fantes que por azar pasaban por el lugar y el peligro que resultasen heridxs nos oblig\u00f3 a no ampliar el ataque como lo hab\u00edamos organizado y limitarnos al arrojo de esta granada. La pr\u00f3xima vez no nos limitaremos a un mero simbolismo de amedramiento\u2026<\/em><\/p>\n<p style=\"text-align: justify\"><em>PD (2). Cada arresto de guerrillerxs urbanxs, como el de Nikos Maziotis, es una raz\u00f3n m\u00e1s para la agudizaci\u00f3n de los ataques. Fuerza y complicidad con lxs compas que asumen la responsabilidad pol\u00edtica de la lucha armada.<\/em><\/p>\n<p style=\"margin-bottom: 0cm\" align=\"JUSTIFY\"><a href=\"https:\/\/vozcomoarma.noblogs.org\/files\/2014\/07\/tv-news.gif\"><img loading=\"lazy\" decoding=\"async\" class=\"aligncenter size-full wp-image-5221\" src=\"https:\/\/vozcomoarma.noblogs.org\/files\/2014\/07\/tv-news.gif\" alt=\"Periozombies\" width=\"480\" height=\"232\" \/><\/a><\/p>\n","protected":false},"excerpt":{"rendered":"<p>Dejo el siguiente comunicado por el cual un grupo de afinidad bajo el nombre de \u00abN\u00facleos de Nihilistas\u00bb reivindica el ataque con una granada contra la sede del medio burgu\u00e9s SKAI, cadena televisiva al servicio de entes represores como la &hellip; <a href=\"https:\/\/vozcomoarma.noblogs.org\/?p=5220\">Sigue leyendo <span class=\"meta-nav\">&rarr;<\/span><\/a><\/p>\n","protected":false},"author":7045,"featured_media":0,"comment_status":"closed","ping_status":"open","sticky":false,"template":"","format":"standard","meta":{"footnotes":""},"categories":[58,31,184,61,9,7,33],"tags":[15,16,26,24,10,11],"class_list":["post-5220","post","type-post","status-publish","format-standard","hentry","category-acciones","category-detenidos-proyecto-fenix","category-nikos-maziotis","category-noticias","category-noticias-y-comunicados","category-presxs","category-presxs-de-la-conspiracion-de-celulas-del-fuego-presxs","tag-grecia","tag-guerra-social","tag-insurreccionalismo","tag-reflexion","tag-sabotaje","tag-solidaridad"],"_links":{"self":[{"href":"https:\/\/vozcomoarma.noblogs.org\/index.php?rest_route=\/wp\/v2\/posts\/5220","targetHints":{"allow":["GET"]}}],"collection":[{"href":"https:\/\/vozcomoarma.noblogs.org\/index.php?rest_route=\/wp\/v2\/posts"}],"about":[{"href":"https:\/\/vozcomoarma.noblogs.org\/index.php?rest_route=\/wp\/v2\/types\/post"}],"author":[{"embeddable":true,"href":"https:\/\/vozcomoarma.noblogs.org\/index.php?rest_route=\/wp\/v2\/users\/7045"}],"replies":[{"embeddable":true,"href":"https:\/\/vozcomoarma.noblogs.org\/index.php?rest_route=%2Fwp%2Fv2%2Fcomments&post=5220"}],"version-history":[{"count":4,"href":"https:\/\/vozcomoarma.noblogs.org\/index.php?rest_route=\/wp\/v2\/posts\/5220\/revisions"}],"predecessor-version":[{"id":5225,"href":"https:\/\/vozcomoarma.noblogs.org\/index.php?rest_route=\/wp\/v2\/posts\/5220\/revisions\/5225"}],"wp:attachment":[{"href":"https:\/\/vozcomoarma.noblogs.org\/index.php?rest_route=%2Fwp%2Fv2%2Fmedia&parent=5220"}],"wp:term":[{"taxonomy":"category","embeddable":true,"href":"https:\/\/vozcomoarma.noblogs.org\/index.php?rest_route=%2Fwp%2Fv2%2Fcategories&post=5220"},{"taxonomy":"post_tag","embeddable":true,"href":"https:\/\/vozcomoarma.noblogs.org\/index.php?rest_route=%2Fwp%2Fv2%2Ftags&post=5220"}],"curies":[{"name":"wp","href":"https:\/\/api.w.org\/{rel}","templated":true}]}}