{"id":5248,"date":"2014-07-31T21:56:20","date_gmt":"2014-07-31T19:56:20","guid":{"rendered":"http:\/\/vozcomoarma.noblogs.org\/?p=5248"},"modified":"2014-07-31T21:56:20","modified_gmt":"2014-07-31T19:56:20","slug":"chile-dan-de-alta-al-companero-marcelo-villarroel-y-es-nuevamente-trasladado-a-la-c-a-s","status":"publish","type":"post","link":"https:\/\/vozcomoarma.noblogs.org\/?p=5248","title":{"rendered":"Chile &#8211; Dan de alta al compa\u00f1ero Marcelo Villarroel y es nuevamente trasladado a la C.A.S."},"content":{"rendered":"<p style=\"text-align: justify\">Seg\u00fan la informaci\u00f3n publicada en el blog de lxs compas de Publicaci\u00f3n Refractario (<a href=\"https:\/\/publicacionrefractario.wordpress.com\/2014\/07\/28\/marcelo-es-dado-de-alta-trasladado-desde-el-hospital-penitenciario-hasta-el-c-a-s\/\">aqu\u00ed<\/a>), el compa\u00f1ero Marcelo Villarroel fue dado de alta en el hospital penitenciario, a donde hab\u00eda sido trasladado el pasado 20 de julio al empeorar dr\u00e1sticamente sus problemas card\u00edacos, de los cuales se ve aquejado desde hace tiempo pero que \u00faltimamente se han recrudecido (click <a href=\"https:\/\/vozcomoarma.noblogs.org\/?p=5065\">aqu\u00ed<\/a> para ver la noticia en este blog).<\/p>\n<p style=\"text-align: justify\">Afortunadamente seg\u00fan estas \u00faltimas noticias, la salud del compa habr\u00eda vuelto a estabilizarse, y Marcelo habr\u00eda sido trasladado otra vez a la C.A.S. (C\u00e1rcel de Alta Seguridad), concretamente al m\u00f3dulo H-Norte.<\/p>\n<p style=\"text-align: justify\">Y como una imagen vale m\u00e1s que mil palabras, os dejo una fotograf\u00eda tomada durante el traslado de Marcelo desde el recinto del hospital penitenciario en direcci\u00f3n a la C.A.S., y que muestra perfectamente el desproporcionado dispositivo desplegado para mover a un hombre todav\u00eda d\u00e9bil, y que por supuesto, estuvo acompa\u00f1ado de las c\u00e1maras de la prensa buscando carnaza para espectacularizar todo lo posible el asunto y llenar asi sus titulares sensacionalistas y sus repugnantes shows medi\u00e1ticos. Por lo visto, hasta lxs revolucionarixs enfermxs les dan miedo&#8230;<\/p>\n<p style=\"text-align: justify\">\u00a1Solidaridad con los presos del Caso Security!<\/p>\n<p style=\"text-align: justify\"><a href=\"https:\/\/vozcomoarma.noblogs.org\/files\/2014\/07\/Marcelo-traslado.jpg\"><img loading=\"lazy\" decoding=\"async\" class=\"aligncenter  wp-image-5249\" src=\"https:\/\/vozcomoarma.noblogs.org\/files\/2014\/07\/Marcelo-traslado.jpg\" alt=\"Marcelo traslado\" width=\"466\" height=\"290\" srcset=\"https:\/\/vozcomoarma.noblogs.org\/files\/2014\/07\/Marcelo-traslado.jpg 344w, https:\/\/vozcomoarma.noblogs.org\/files\/2014\/07\/Marcelo-traslado-300x186.jpg 300w\" sizes=\"auto, (max-width: 466px) 100vw, 466px\" \/><\/a><\/p>\n","protected":false},"excerpt":{"rendered":"<p>Seg\u00fan la informaci\u00f3n publicada en el blog de lxs compas de Publicaci\u00f3n Refractario (aqu\u00ed), el compa\u00f1ero Marcelo Villarroel fue dado de alta en el hospital penitenciario, a donde hab\u00eda sido trasladado el pasado 20 de julio al empeorar dr\u00e1sticamente sus &hellip; <a href=\"https:\/\/vozcomoarma.noblogs.org\/?p=5248\">Sigue leyendo <span class=\"meta-nav\">&rarr;<\/span><\/a><\/p>\n","protected":false},"author":7045,"featured_media":0,"comment_status":"closed","ping_status":"open","sticky":false,"template":"","format":"standard","meta":{"footnotes":""},"categories":[103,61,9,7],"tags":[17,78,16,19,11,71],"class_list":["post-5248","post","type-post","status-publish","format-standard","hentry","category-caso-security","category-noticias","category-noticias-y-comunicados","category-presxs","tag-carcel","tag-chile","tag-guerra-social","tag-represion","tag-solidaridad","tag-tortura"],"_links":{"self":[{"href":"https:\/\/vozcomoarma.noblogs.org\/index.php?rest_route=\/wp\/v2\/posts\/5248","targetHints":{"allow":["GET"]}}],"collection":[{"href":"https:\/\/vozcomoarma.noblogs.org\/index.php?rest_route=\/wp\/v2\/posts"}],"about":[{"href":"https:\/\/vozcomoarma.noblogs.org\/index.php?rest_route=\/wp\/v2\/types\/post"}],"author":[{"embeddable":true,"href":"https:\/\/vozcomoarma.noblogs.org\/index.php?rest_route=\/wp\/v2\/users\/7045"}],"replies":[{"embeddable":true,"href":"https:\/\/vozcomoarma.noblogs.org\/index.php?rest_route=%2Fwp%2Fv2%2Fcomments&post=5248"}],"version-history":[{"count":1,"href":"https:\/\/vozcomoarma.noblogs.org\/index.php?rest_route=\/wp\/v2\/posts\/5248\/revisions"}],"predecessor-version":[{"id":5251,"href":"https:\/\/vozcomoarma.noblogs.org\/index.php?rest_route=\/wp\/v2\/posts\/5248\/revisions\/5251"}],"wp:attachment":[{"href":"https:\/\/vozcomoarma.noblogs.org\/index.php?rest_route=%2Fwp%2Fv2%2Fmedia&parent=5248"}],"wp:term":[{"taxonomy":"category","embeddable":true,"href":"https:\/\/vozcomoarma.noblogs.org\/index.php?rest_route=%2Fwp%2Fv2%2Fcategories&post=5248"},{"taxonomy":"post_tag","embeddable":true,"href":"https:\/\/vozcomoarma.noblogs.org\/index.php?rest_route=%2Fwp%2Fv2%2Ftags&post=5248"}],"curies":[{"name":"wp","href":"https:\/\/api.w.org\/{rel}","templated":true}]}}