{"id":5252,"date":"2014-07-31T22:05:53","date_gmt":"2014-07-31T20:05:53","guid":{"rendered":"http:\/\/vozcomoarma.noblogs.org\/?p=5252"},"modified":"2014-07-31T22:07:10","modified_gmt":"2014-07-31T20:07:10","slug":"declaran-en-la-audiencia-nazi-onal-lxs-compas-monica-y-francisco","status":"publish","type":"post","link":"https:\/\/vozcomoarma.noblogs.org\/?p=5252","title":{"rendered":"Declaran en la Audiencia Nazi-onal lxs compas M\u00f3nica y Francisco"},"content":{"rendered":"<p style=\"text-align: justify\">Recojo del blog de lxs compas de Refractario la siguiente actualizaci\u00f3n informativa sobre el desarrollo de la jornada en que M\u00f3nica y Francisco fueron llevadxs ante la Audiencia Nacional para prestar declaraci\u00f3n sobre las acusaciones por presunta participaci\u00f3n en supuesto grupo terrorista y el ataque explosivo contra la basilica del Pilar en Zaragoza:<\/p>\n<p>&#8212;&#8212;&#8212;&#8212;&#8212;&#8212;&#8212;&#8212;&#8212;&#8211;<\/p>\n<p style=\"text-align: justify\"><em>El 11 de Julio del 2014, lxs compa\u00f1erxs fueron llevadxs al tribunal que lleva procesos bajo la ley antiterrorista en Madrid, es as\u00ed como desde las distintas carceles donde lxs tienen segregadxs y dispersxs fueron trasladadxs hasta la Audiencia Nacional, en Madrid, para enfrentar esta nueva etapa.<\/em><\/p>\n<p style=\"text-align: justify\"><em>M\u00f3nica y Francisco consiguieron verse fugazmente en los calabozos del tribunal, sin poder hablar ni mantener alg\u00fan contacto f\u00edsico. Recordemos que lxs compa\u00f1erxs han tenido prohibidas las visitas intracarcelarias y reci\u00e9n ahora fueron \u201cautorizadas\u201d las llamadas entre ellxs.<\/em><\/p>\n<p style=\"text-align: justify\"><em>La declaraci\u00f3n termin\u00f3 siendo una mera formalidad sin mayor importancia, ambxs negaron las acusaciones sobre pertenencia a organizaci\u00f3n terrorista, adem\u00e1s de rechazar la acusacion de instalar el artefacto explosivo en la basilica del pilar en Zaragoza y el viaje a tal ciudad. Lxs compa\u00f1erxs reconocieron que visitaron el monasterio de Montserrat en Barcelona, negando que haya sido \u201cchequeo\u201d. Finalmente, Monica y Francisco asumieron ser anarquistas.<\/em><\/p>\n<p style=\"text-align: justify\"><em>Tras las declaraciones, lxs compa\u00f1erxs fueron trasladados a la prisi\u00f3n de Villabona (Asturias) y Brieva (\u00c1vila).<\/em><\/p>\n<p style=\"text-align: justify\"><em>\u00a1\u00a1Solidaridad Internacionalista con lxs compa\u00f1erxs!!<\/em><\/p>\n<p style=\"margin-bottom: 0cm\" align=\"JUSTIFY\"><a href=\"https:\/\/vozcomoarma.noblogs.org\/files\/2014\/07\/515x315xmaestro-mehir-prision-515x315-pagespeed-ic_-2vkx-qasn2-300x183.jpg\"><img loading=\"lazy\" decoding=\"async\" class=\"aligncenter  wp-image-5253\" src=\"https:\/\/vozcomoarma.noblogs.org\/files\/2014\/07\/515x315xmaestro-mehir-prision-515x315-pagespeed-ic_-2vkx-qasn2-300x183.jpg\" alt=\"C\u00e1rcel\" width=\"535\" height=\"326\" \/><\/a><\/p>\n","protected":false},"excerpt":{"rendered":"<p>Recojo del blog de lxs compas de Refractario la siguiente actualizaci\u00f3n informativa sobre el desarrollo de la jornada en que M\u00f3nica y Francisco fueron llevadxs ante la Audiencia Nacional para prestar declaraci\u00f3n sobre las acusaciones por presunta participaci\u00f3n en supuesto &hellip; <a href=\"https:\/\/vozcomoarma.noblogs.org\/?p=5252\">Sigue leyendo <span class=\"meta-nav\">&rarr;<\/span><\/a><\/p>\n","protected":false},"author":7045,"featured_media":0,"comment_status":"closed","ping_status":"open","sticky":false,"template":"","format":"standard","meta":{"footnotes":""},"categories":[132,61,9,7],"tags":[107,17,78,16,67,24,19,11],"class_list":["post-5252","post","type-post","status-publish","format-standard","hentry","category-acusadxs-comando-mateo-morral","category-noticias","category-noticias-y-comunicados","category-presxs","tag-barcelona","tag-carcel","tag-chile","tag-guerra-social","tag-madrid","tag-reflexion","tag-represion","tag-solidaridad"],"_links":{"self":[{"href":"https:\/\/vozcomoarma.noblogs.org\/index.php?rest_route=\/wp\/v2\/posts\/5252","targetHints":{"allow":["GET"]}}],"collection":[{"href":"https:\/\/vozcomoarma.noblogs.org\/index.php?rest_route=\/wp\/v2\/posts"}],"about":[{"href":"https:\/\/vozcomoarma.noblogs.org\/index.php?rest_route=\/wp\/v2\/types\/post"}],"author":[{"embeddable":true,"href":"https:\/\/vozcomoarma.noblogs.org\/index.php?rest_route=\/wp\/v2\/users\/7045"}],"replies":[{"embeddable":true,"href":"https:\/\/vozcomoarma.noblogs.org\/index.php?rest_route=%2Fwp%2Fv2%2Fcomments&post=5252"}],"version-history":[{"count":3,"href":"https:\/\/vozcomoarma.noblogs.org\/index.php?rest_route=\/wp\/v2\/posts\/5252\/revisions"}],"predecessor-version":[{"id":5256,"href":"https:\/\/vozcomoarma.noblogs.org\/index.php?rest_route=\/wp\/v2\/posts\/5252\/revisions\/5256"}],"wp:attachment":[{"href":"https:\/\/vozcomoarma.noblogs.org\/index.php?rest_route=%2Fwp%2Fv2%2Fmedia&parent=5252"}],"wp:term":[{"taxonomy":"category","embeddable":true,"href":"https:\/\/vozcomoarma.noblogs.org\/index.php?rest_route=%2Fwp%2Fv2%2Fcategories&post=5252"},{"taxonomy":"post_tag","embeddable":true,"href":"https:\/\/vozcomoarma.noblogs.org\/index.php?rest_route=%2Fwp%2Fv2%2Ftags&post=5252"}],"curies":[{"name":"wp","href":"https:\/\/api.w.org\/{rel}","templated":true}]}}