{"id":5267,"date":"2014-08-03T20:12:52","date_gmt":"2014-08-03T18:12:52","guid":{"rendered":"http:\/\/vozcomoarma.noblogs.org\/?p=5267"},"modified":"2014-08-03T20:16:55","modified_gmt":"2014-08-03T18:16:55","slug":"5267","status":"publish","type":"post","link":"https:\/\/vozcomoarma.noblogs.org\/?p=5267","title":{"rendered":"Italia &#8211; Detenido en Roma uno de lxs anarquistas del golpe represivo de Sabadell"},"content":{"rendered":"<p style=\"text-align: justify\">Para m\u00e1s informaci\u00f3n de este caso, mira <a href=\"https:\/\/vozcomoarma.noblogs.org\/?cat=98\">aqu\u00ed<\/a>.<\/p>\n<p style=\"text-align: justify\">Seg\u00fan informaci\u00f3n difundida en varios medios de la prensa burguesa (ver <a href=\"http:\/\/www.eitb.com\/es\/noticias\/politica\/detalle\/2452050\/detenido-vasco-roma-acusado-pertenecer-grupo-anarquista\/\">aqu\u00ed<\/a> la noticia en EITB), un anarquista de 40 a\u00f1os y origen bilba\u00edno habr\u00eda sido detenido ayer en Roma, en una operaci\u00f3n conjunta de la polic\u00eda de prevenci\u00f3n, la DIGOS y la UCIGOS italianas junto a la Comisar\u00eda General de Informaci\u00f3n de la polic\u00eda nacional espa\u00f1ola.<\/p>\n<p style=\"text-align: justify\">El compa\u00f1ero ya habr\u00eda sido detenido en 2013 en el marco del \u00abfamoso\u00bb golpe represivo en el Ateneo Libertario de Sabadell dirigido por el juez de la Audiencia Nazi-onal Santiago Pedraz y en el cual, recordemos, 5 compa\u00f1erxs fueron detenidxs y enviadxs a preventiva acusadxs de pertenecer a un supuesto grupo terrorista llamado Kolectivo Bandera Negra, del que, por cierto, los medios burgueses, fieles a las mentiras policiales pero incapaces de contrastar sus noticias antes de publicarlas, llegaron a publicar im\u00e1genes y textos confundiendo a esta supuesta organizaci\u00f3n de Sabadell con el Grupo Bandera Negra de la FIJL de Madrid, colectivo formal y de base abierto al p\u00fablico, circunscrito al territorio de la capital y sus alrededores y para nada vinculado a organizaci\u00f3n o actividad terrorista alguna. Despu\u00e9s de que estxs compa\u00f1erxs fuesen puestxs en libertad con cargos en septiembre de 2013 (ver <a href=\"https:\/\/vozcomoarma.noblogs.org\/?p=892\">aqu\u00ed<\/a> la noticia en este blog), el compa\u00f1ero ahora detenido nuevamente en Roma habr\u00eda hu\u00eddo de su domicilio, lo que motiv\u00f3 la emisi\u00f3n de una OEDE (Orden Europea de Detenci\u00f3n y Entrega), en virtud de la cual ha sido arrestado ahora.<\/p>\n<p style=\"text-align: justify\">Recordemos que este compa\u00f1ero, junto a las otras personas que trincaron en Sabadell y Avinyonet del Pened\u00e8s en aquella operaci\u00f3n, est\u00e1 acusado de enaltecimiento del terrorismo, por una serie de comentarios publicados en sus respectivos perfiles de la red \u00absocial\u00bb Facebook y en los cuales mostraban su apoyo al grupo armado de izquierda independentista Euskadi Ta Askatasuna (ETA) y a otros grupos armados adem\u00e1s de insultar y desearle la muerte a diferentes personalidades pol\u00edticas importantes. Al margen de la solidaridad con su caso, es importante recordar que \u00e9sto es lo que puede suceder si en una red social como Facebook expresas determinadas opiniones a la ligera, creyendo que por usar un nombre falso no te encontrar\u00e1n. Para evitarlo, prudencia y seriedad. La \u00abguinda\u00bb del montaje, la ponen las acusaciones m\u00e1s graves, es decir, las de presunta pertenencia a grupo terrorista y dep\u00f3sito de explosivos y municiones.<\/p>\n<p style=\"text-align: justify\">Por ahora no hay m\u00e1s informaci\u00f3n. No se sabe a d\u00f3nde ha sido trasladado el compa\u00f1ero ni qu\u00e9 ser\u00e1 de \u00e9l, pero espero poder ampliar la noticia en los pr\u00f3ximos d\u00edas. Por supuesto, cualquier informaci\u00f3n aportada a mayores que pod\u00e1is enviar ser\u00e1 bienvenida.<\/p>\n<p style=\"text-align: justify\">\u00a1Solidaridad con lxs presxs!<\/p>\n<p style=\"margin-bottom: 0cm\" align=\"JUSTIFY\"><a href=\"https:\/\/vozcomoarma.noblogs.org\/files\/2014\/08\/Resistencia-anarquista-600x350.jpeg\"><img loading=\"lazy\" decoding=\"async\" class=\"aligncenter size-full wp-image-5268\" src=\"https:\/\/vozcomoarma.noblogs.org\/files\/2014\/08\/Resistencia-anarquista-600x350.jpeg\" alt=\"ACAB\" width=\"600\" height=\"350\" srcset=\"https:\/\/vozcomoarma.noblogs.org\/files\/2014\/08\/Resistencia-anarquista-600x350.jpeg 600w, https:\/\/vozcomoarma.noblogs.org\/files\/2014\/08\/Resistencia-anarquista-600x350-300x175.jpeg 300w\" sizes=\"auto, (max-width: 600px) 100vw, 600px\" \/><\/a><\/p>\n","protected":false},"excerpt":{"rendered":"<p>Para m\u00e1s informaci\u00f3n de este caso, mira aqu\u00ed. Seg\u00fan informaci\u00f3n difundida en varios medios de la prensa burguesa (ver aqu\u00ed la noticia en EITB), un anarquista de 40 a\u00f1os y origen bilba\u00edno habr\u00eda sido detenido ayer en Roma, en una &hellip; <a href=\"https:\/\/vozcomoarma.noblogs.org\/?p=5267\">Sigue leyendo <span class=\"meta-nav\">&rarr;<\/span><\/a><\/p>\n","protected":false},"author":7045,"featured_media":0,"comment_status":"closed","ping_status":"open","sticky":false,"template":"","format":"standard","meta":{"footnotes":""},"categories":[61,9],"tags":[48,16,42,24,19,11],"class_list":["post-5267","post","type-post","status-publish","format-standard","hentry","category-noticias","category-noticias-y-comunicados","tag-cataluna","tag-guerra-social","tag-movimientos-sociales","tag-reflexion","tag-represion","tag-solidaridad"],"_links":{"self":[{"href":"https:\/\/vozcomoarma.noblogs.org\/index.php?rest_route=\/wp\/v2\/posts\/5267","targetHints":{"allow":["GET"]}}],"collection":[{"href":"https:\/\/vozcomoarma.noblogs.org\/index.php?rest_route=\/wp\/v2\/posts"}],"about":[{"href":"https:\/\/vozcomoarma.noblogs.org\/index.php?rest_route=\/wp\/v2\/types\/post"}],"author":[{"embeddable":true,"href":"https:\/\/vozcomoarma.noblogs.org\/index.php?rest_route=\/wp\/v2\/users\/7045"}],"replies":[{"embeddable":true,"href":"https:\/\/vozcomoarma.noblogs.org\/index.php?rest_route=%2Fwp%2Fv2%2Fcomments&post=5267"}],"version-history":[{"count":6,"href":"https:\/\/vozcomoarma.noblogs.org\/index.php?rest_route=\/wp\/v2\/posts\/5267\/revisions"}],"predecessor-version":[{"id":5275,"href":"https:\/\/vozcomoarma.noblogs.org\/index.php?rest_route=\/wp\/v2\/posts\/5267\/revisions\/5275"}],"wp:attachment":[{"href":"https:\/\/vozcomoarma.noblogs.org\/index.php?rest_route=%2Fwp%2Fv2%2Fmedia&parent=5267"}],"wp:term":[{"taxonomy":"category","embeddable":true,"href":"https:\/\/vozcomoarma.noblogs.org\/index.php?rest_route=%2Fwp%2Fv2%2Fcategories&post=5267"},{"taxonomy":"post_tag","embeddable":true,"href":"https:\/\/vozcomoarma.noblogs.org\/index.php?rest_route=%2Fwp%2Fv2%2Ftags&post=5267"}],"curies":[{"name":"wp","href":"https:\/\/api.w.org\/{rel}","templated":true}]}}