{"id":5413,"date":"2014-08-17T06:31:57","date_gmt":"2014-08-17T04:31:57","guid":{"rendered":"http:\/\/vozcomoarma.noblogs.org\/?p=5413"},"modified":"2014-08-17T06:38:34","modified_gmt":"2014-08-17T04:38:34","slug":"5413","status":"publish","type":"post","link":"https:\/\/vozcomoarma.noblogs.org\/?p=5413","title":{"rendered":"[Fanzine] Del Caos y la Violencia, editado por la Distribuidora Anarquista La Cruz Negra (Oviedo, Asturias)"},"content":{"rendered":"<p style=\"text-align: justify\">Compa\u00f1erxs de la <a href=\"http:\/\/lacruznegrauvieu.blogspot.com.es\">Distribuidora Anarquista La Cruz Negra<\/a> de Oviedo, Asturias, han puesto a disposici\u00f3n de todxs un nuevo fanzine que han editado, y que en esta ocasi\u00f3n trata la cuesti\u00f3n del uso de la violencia por lxs anarquistas a la hora de luchar contra este sistema y su mundo. En el texto, lxs compa\u00f1exs desmontan mitos como el del supuesto \u00abpacifista\u00bb Gandhi y otros, argumentan el por qu\u00e9 de la necesidad de una violencia revolucionaria y emancipatoria contra quienes contin\u00faan acentuando las desigualdades sociales apoy\u00e1ndose en sus privilegios de clase, y atacan a quienes, en su rol de obedientes y correctxs ciudadanxs, dicen rechazar la violencia cuando procede de lxs oprimidxs mientras que permanecen pasivxs, e incluso se aprovechan en muchos casos, de la violencia ejercida por el Capitalismo y el Estado, una violencia mucho m\u00e1s atroz, inhumana, destructiva e injusta que pasa desapercibida, bendecida por la raz\u00f3n de Estado, pero que bombardea, desahucia, tortura, ejecuta, encarcela, desespera, empuja al suicidio, desplaza a la fuerza, a\u00edsla e intoxica a miles, sino millones, de personas cada d\u00eda.<\/p>\n<p style=\"text-align: justify\">Un texto que, si bien mantengo algunas diferencias en varios aspectos de su contenido, creo que conviene leer para dejarnos de posturas mojigatas pat\u00e9ticas y victimistas para empezar a asumir que m\u00e1s all\u00e1 del teatro de la paz social y la concordia mantenida a trav\u00e9s de c\u00e1rceles que esconden atrozmente las consecuencias de todos los fallos y contradicciones del sistema,\u00a0 se encuentra la realidad del conflicto, una guerra en la que no basta con colocar florecitas en los ca\u00f1ones de sus armas y bailar a ritmo de batukadas.<\/p>\n<p style=\"text-align: justify\">Es simple: No somos violentxs, pero tampoco gilipollas, y si nos atacan, nos defendemos.<\/p>\n<p style=\"text-align: justify\">Os dejo el texto introductorio que he recibido, as\u00ed como los enlaces para descargar el fanzine.<\/p>\n<p>&#8212;&#8212;&#8212;&#8212;&#8212;&#8212;&#8212;&#8212;<\/p>\n<p style=\"text-align: justify\"><em>[&#8230;]Con este texto no pretendemos hacer apolog\u00eda de la violencia injustificada, gratuita o \u201csin causa\u201d. No creemos, siquiera, que exista una relaci\u00f3n directa entre \u00e9sta violencia gratuita y tan propia del Estado como de sus respectivas instituciones, y la ideolog\u00eda libertaria&#8230; Esta violencia propiamente estatal desemboca en muchos casos en la violencia justificada de la cual s\u00ed pretendemos hacer apolog\u00eda&#8230; Desde peque\u00f1os somos educados en los centros de ense\u00f1anza de car\u00e1cter burgu\u00e9s que como ya sabemos s\u00f3lo busca crear mentes vac\u00edas y por ende mentes d\u00f3ciles, rentables al mantenimiento del sistema Estado-Capital actual&#8230; Han logrado enga\u00f1arnos con la desinformaci\u00f3n absoluta que imponen los medios de comunicaci\u00f3n y sus escuelas purgatorias con el mito de Ghandi y Mandela&#8230; para defender la no-violencia como medio o v\u00eda a la revoluci\u00f3n social&#8230;<\/em><\/p>\n<p style=\"text-align: justify\"><em>Hemos desarrollado y nos hemos apropiado de un concepto totalmente inapropiado para los miserables y pobres trabajadores que somos. Y han logrado que nuestros propios compa\u00f1eros de esclavitud y condici\u00f3n servil defiendan su violencia leg\u00edtima que \u201cpreserva el orden y las libertades y derechos de los ciudadanos\u201d y repudien toda forma de rebeld\u00eda y de defensa, en definitiva. El Estado-Capital y su mugriente \u00e9lite de cerdos capitalistas fascistas han logrado lo que tanto ha deseado e intentando por diferentes y retorcidos medios el llamado \u201csocialismo cient\u00edfico\u201d, hacerle creer al pueblo que es libre y que sus gobernantes representan sus sue\u00f1os e intereses&#8230;<\/em><\/p>\n<p style=\"text-align: justify\"><em>D\u00eda a d\u00eda vivimos expuestos a la m\u00e1s absoluta violencia y desigualdad, de manera que han logrado que \u00e9sta sea pan de cada d\u00eda tras d\u00eda y d\u00eda, es decir, han logrado deshumanizarnos frente a \u00e9sto, frente a \u00e9ste desorden que reina en la actualidad. Nuestro objetivo principal es volver a humanizarnos&#8230; Una vez llegados a esto, podemos plantearnos la idea de defendernos contra el sistema que nos violenta cada d\u00eda. Cuando atacamos las m\u00e1quinas no es para defender el trabajo, si no para acabar con la esclavitud. [&#8230;]<\/em><\/p>\n<p style=\"text-align: justify\"><em>Extractos de la segunda edici\u00f3n de nuestro fanzine: \u00abDel Kaos y la Violencia\u00bb<\/em><\/p>\n<p style=\"text-align: justify\"><em>Con este fanzine pretendemos desacreditar y sacar a la luz la estupidez caracter\u00edstica de las nuevas formas de anarquismo que tienen como \u00fanico modelo a seguir y como \u00fanica forma de \u00abrevoluci\u00f3n social\u00bb a Ghandi y a Mandela, cuando se han visto en contadas ocasiones los intereses pol\u00edticos y econ\u00f3micos que \u00e9stos escond\u00edan, como tambi\u00e9n las diferentes formas de resistencia activa y reaccionaria en sus respectivos tiempos hist\u00f3ricos. Tambi\u00e9n comentamos la innata relaci\u00f3n que existe entre el anarquismo y el caos y la violencia. Cabe destacar que tambi\u00e9n hacemos una feroz cr\u00edtica a las democracias liberales, comunismo autoritario (entendido como socialismo cient\u00edfico) y todo lo que pretenda imponer una forma de pensar, actuar, vivir sobre los individuos.<\/em><\/p>\n<p style=\"text-align: justify\"><em>\u00a1Por la anarqu\u00eda y por nuestr@s compa\u00f1er@s!<\/em><\/p>\n<p>&#8212;&#8212;&#8212;&#8212;&#8212;&#8212;&#8212;&#8212;<\/p>\n<p style=\"text-align: justify\">Para descargar o leer online el fanzine, click <a href=\"https:\/\/vozcomoarma.noblogs.org\/files\/2014\/08\/Fanzine-N\u00ba2-Del-Kaos-y-la-Violencia-Ediciones-La-Cruz-Negra-1.pdf\">aqu\u00ed<\/a>.<br \/>\nPara ver otros fanzines editados por esta distri, click <a href=\"lacruznegrauvieu.blogspot.com.es\/p\/ediciones-la-cruz-negra_20.html\">aqu\u00ed<\/a>.<\/p>\n<p style=\"margin-bottom: 0cm\" align=\"JUSTIFY\"><a href=\"https:\/\/vozcomoarma.noblogs.org\/files\/2014\/08\/v1.png\"><img loading=\"lazy\" decoding=\"async\" class=\"aligncenter size-full wp-image-5415\" src=\"https:\/\/vozcomoarma.noblogs.org\/files\/2014\/08\/v1.png\" alt=\"Portada fanzine Kaos Violencia\" width=\"479\" height=\"580\" srcset=\"https:\/\/vozcomoarma.noblogs.org\/files\/2014\/08\/v1.png 479w, https:\/\/vozcomoarma.noblogs.org\/files\/2014\/08\/v1-247x300.png 247w\" sizes=\"auto, (max-width: 479px) 100vw, 479px\" \/><\/a><\/p>\n","protected":false},"excerpt":{"rendered":"<p>Compa\u00f1erxs de la Distribuidora Anarquista La Cruz Negra de Oviedo, Asturias, han puesto a disposici\u00f3n de todxs un nuevo fanzine que han editado, y que en esta ocasi\u00f3n trata la cuesti\u00f3n del uso de la violencia por lxs anarquistas a &hellip; <a href=\"https:\/\/vozcomoarma.noblogs.org\/?p=5413\">Sigue leyendo <span class=\"meta-nav\">&rarr;<\/span><\/a><\/p>\n","protected":false},"author":7045,"featured_media":0,"comment_status":"closed","ping_status":"open","sticky":false,"template":"","format":"standard","meta":{"footnotes":""},"categories":[60,61,9,4],"tags":[129,26,24,19],"class_list":["post-5413","post","type-post","status-publish","format-standard","hentry","category-fanzines-y-revistas","category-noticias","category-noticias-y-comunicados","category-publicaciones","tag-asturias","tag-insurreccionalismo","tag-reflexion","tag-represion"],"_links":{"self":[{"href":"https:\/\/vozcomoarma.noblogs.org\/index.php?rest_route=\/wp\/v2\/posts\/5413","targetHints":{"allow":["GET"]}}],"collection":[{"href":"https:\/\/vozcomoarma.noblogs.org\/index.php?rest_route=\/wp\/v2\/posts"}],"about":[{"href":"https:\/\/vozcomoarma.noblogs.org\/index.php?rest_route=\/wp\/v2\/types\/post"}],"author":[{"embeddable":true,"href":"https:\/\/vozcomoarma.noblogs.org\/index.php?rest_route=\/wp\/v2\/users\/7045"}],"replies":[{"embeddable":true,"href":"https:\/\/vozcomoarma.noblogs.org\/index.php?rest_route=%2Fwp%2Fv2%2Fcomments&post=5413"}],"version-history":[{"count":7,"href":"https:\/\/vozcomoarma.noblogs.org\/index.php?rest_route=\/wp\/v2\/posts\/5413\/revisions"}],"predecessor-version":[{"id":5422,"href":"https:\/\/vozcomoarma.noblogs.org\/index.php?rest_route=\/wp\/v2\/posts\/5413\/revisions\/5422"}],"wp:attachment":[{"href":"https:\/\/vozcomoarma.noblogs.org\/index.php?rest_route=%2Fwp%2Fv2%2Fmedia&parent=5413"}],"wp:term":[{"taxonomy":"category","embeddable":true,"href":"https:\/\/vozcomoarma.noblogs.org\/index.php?rest_route=%2Fwp%2Fv2%2Fcategories&post=5413"},{"taxonomy":"post_tag","embeddable":true,"href":"https:\/\/vozcomoarma.noblogs.org\/index.php?rest_route=%2Fwp%2Fv2%2Ftags&post=5413"}],"curies":[{"name":"wp","href":"https:\/\/api.w.org\/{rel}","templated":true}]}}