{"id":5667,"date":"2014-11-27T18:13:44","date_gmt":"2014-11-27T17:13:44","guid":{"rendered":"http:\/\/vozcomoarma.noblogs.org\/?p=5667"},"modified":"2014-11-27T18:13:44","modified_gmt":"2014-11-27T17:13:44","slug":"inglaterra-ataque-incendiario-en-bristol-en-memoria-de-remi-y-en-apoyo-a-los-presos-en-huelga-de-hambre-en-grecia","status":"publish","type":"post","link":"https:\/\/vozcomoarma.noblogs.org\/?p=5667","title":{"rendered":"Inglaterra &#8211; Ataque incendiario en Bristol en memoria de R\u00e9mi y en apoyo a los presos en huelga de hambre en Grecia"},"content":{"rendered":"<p style=\"text-align: justify\">Desde <a href=\"http:\/\/es.contrainfo.espiv.net\/2014\/11\/26\/reino-unido-ataques-incendiarios-por-remi-fraisse-en-bristol\/\">Contra Info<\/a> recojo el siguiente comunicado de una acci\u00f3n incendiaria realizada en memoria del compa\u00f1ero R\u00e9mi Fraisse (asesinado por la polic\u00eda en la ZAD de Testet, Occitania, hace unas semanas)\u00a0 y en apoyo a los luchadores armados en huelga de hambre en las prisiones griegas Nikos Romanos, Giannis Michailidis y Herakles Kostaris.<\/p>\n<p style=\"text-align: justify\">Recordemos que Nikos Romanos y Herakles Kostaris (preso de la organizaci\u00f3n armada marxista-leninista 17 de noviembre) se encuentran en huelga de hambre para exigir sus respectivos permisos de salida educativa para asistir a clase, mientras que Giannis Michailidis se declar\u00f3 en huelga de hambre en apoyo a estos dos.<\/p>\n<p style=\"text-align: justify\">&#8212;&#8212;&#8212;&#8212;&#8212;&#8212;&#8212;&#8212;<\/p>\n<p style=\"text-align: justify\"><em><strong>Venganza por R\u00e9mi, fuego callejero contra la industria nuclear, la sociedad carcelaria y el (la) capital verde:<\/strong><\/em><\/p>\n<p style=\"text-align: justify\"><em>25 de noviembre en Bristol<\/em><\/p>\n<p style=\"text-align: justify\"><em>La polic\u00eda francesa mat\u00f3 a R\u00e9mi Fraisse y a la vez intenta aplastar una okupaci\u00f3n combativa del bosque de Sivens que impide la construcci\u00f3n de un pantano. Incendiamos un veh\u00edculo del servicio de la empresa francesa multinacional GDF (que est\u00e1 trabajando en la construcci\u00f3n del nuevo reactor nuclear no muy lejos de aqu\u00ed, en Hinkley Point, est\u00e1 implicada en proyectos nucleares en varios pa\u00edses, impone pantanos en irrecuperables tierras ind\u00edgenas en la Amazonia con el apoyo del ej\u00e9rcito brasile\u00f1o, ofrece servicios de gesti\u00f3n de instalaciones de la polic\u00eda en esa regi\u00f3n, mantiene instalaciones en las Islas Shetland en nombre de una de las m\u00e1s grandes terminales de petr\u00f3leo y gas en Europa, gestiona varias prisiones francesas, y en general est\u00e1 dise\u00f1ando tecnolog\u00edas para los mismos bancos y entidades comerciales de siempre, buscando disfrazar el capitalismo industrial de desarrollo sostenible).<\/em><\/p>\n<p style=\"text-align: justify\"><em>La acci\u00f3n fue realizada en la zona de Long Ashton, donde tambi\u00e9n quemamos a un audaz coche tipo 4\u00d74, dos coches deportivos de lujo, y un veh\u00edculo de la OCS (que se considera una de las principales empresas de seguridad privada en el Reino Unido, ofreciendo servicios de personal de guardia, patrullas, instalaciones de c\u00e1maras de vigilancia y <span class=\"bbc_color\">monitorizaci\u00f3n<\/span>, etc.).<\/em><\/p>\n<p style=\"text-align: justify\"><em>En Francia, la okupaci\u00f3n de la ZAD (Zona A Defender) no ha sido subyugada ante la planeada cat\u00e1strofe ecol\u00f3gica que busca la destrucci\u00f3n de h\u00e1bitats importantes, para que se irriguen las plantaciones del ma\u00edz transg\u00e9nico. La anarqu\u00eda se interpone al camino de lxs industrialistas. Otra destrucci\u00f3n es posible.<\/em><\/p>\n<p style=\"text-align: justify\"><em>Las divisiones entre las clases se ampl\u00edan, las devastaciones del medio ambiente llegan una tras otra, el significado de nuestras vidas se erosiona, \u00bfy ellos pensaron que todxs correr\u00edamos tras su tierra fant\u00e1stica de comodidades y har\u00edamos la vista gorda para obtener beneficios sociales? Los niveles de la miseria, de la vigilancia y de la contenci\u00f3n est\u00e1n aumentando, las l\u00edneas se han trazado y sabemos d\u00f3nde nos posicionamos. \u00bfTodav\u00eda hay alguien que cree que la polic\u00eda tiene esta ciudad completamente bajo su control?<\/em><\/p>\n<p style=\"text-align: justify\"><em>Ellos pueden encerrar a Reiss Goyan Wilson (por el incendio a una comisaria de polic\u00eda de Nottingham durante los disturbios de 2011) pero no pueden matar a nuestras memorias. En cuanto el Estado reprime a las manifestaciones molestas de los estudiantes, lxs antiautoritarixs y lxs marginadxs a lxs que masacra sin piedad en Londres, Par\u00eds o Ferguson, traen de vuelta el fuego del Agosto*.<\/em><\/p>\n<p style=\"text-align: justify\"><em>Para el a\u00f1o que viene Bristol ostentar\u00e1 el premio de la Capital Verde Europea, como si alguien hubiera cre\u00eddo que hay la m\u00ednima intenci\u00f3n de hacer frente a la matanza causada por la ideolog\u00eda capitalista del crecimiento econ\u00f3mico. Por supuesto, el doble discurso ecologista (la guerra es paz, las ciudades son verdes, etc.) esconde la satisfacci\u00f3n de los patrones, puesto que el premio atraer\u00e1 a\u00fan m\u00e1s inversiones a la creciente econom\u00eda verde y sus seguidores. Entre tanto, la crisis de la biodiversidad sigue avanzando de manera incontrolable. Se trata de una broma (y una muy lucrativa), igual que en Nantes, que fue denominada Capital Verde Europea para el a\u00f1o 2013, donde otro proyecto de resistencia est\u00e1 levantando una fuerte lucha contra el enorme desarrollo \u201cverde\u201d de un nuevo aeropuerto y todo lo que esto conlleva.<\/em><\/p>\n<p style=\"text-align: justify\"><em>De la misma manera, vamos a atacar esta farsa de lavado verde y los intereses capitalistas que est\u00e1n detr\u00e1s, no en los sitios de sus ceremonias autocomplacientes, sino en los lugares donde hacen sus negocios diarios, y tambi\u00e9n aqu\u00ed en las calles, donde se reproducen los valores y las normas de esta civilizaci\u00f3n. No es por azar que prendemos fuego en la noche, porque echarse a un lado confiando en los expertos nunca fue suficiente para enfrentarnos a nuestra m\u00edsera situaci\u00f3n dentro de un imperio tambaleante y biocida.<\/em><\/p>\n<p style=\"text-align: justify\"><em>Contra la sociedad de clases y el desarrollo industrial, incluso y en especial, contra el del lavado verde. Victoria para la ZAD del Testet y la ZAD de Notre-Dames-des-Landes. Victoria para la huelga rotativa en las prisiones griegas (en apoyo a Nikos Romanos, nuestro confederal de la Federaci\u00f3n Anarquista Informal) y para todxs lxs presxs en guerra con la c\u00e1rcel.<\/em><\/p>\n<p style=\"text-align: justify\"><em><strong>F.A.I. Antorchas en la noche \u2013 Frente de Liberaci\u00f3n de la Tierra<\/strong><\/em><\/p>\n<p style=\"text-align: justify\">&#8212;&#8212;&#8212;&#8212;&#8212;&#8212;&#8212;&#8212;<\/p>\n<p style=\"text-align: justify\">* Nota del blog: Al referirse a \u00abel fuego de Agosto\u00bb, lxs compas se refieren a los disturbios y revueltas que iluminaron los suburbios y los centros de las metr\u00f3polis de Reino Unido en el verano de 2011, en respuesta al racismo policial.<\/p>\n<p style=\"text-align: justify\"><a href=\"https:\/\/vozcomoarma.noblogs.org\/files\/2014\/11\/car-burned.jpg\"><img loading=\"lazy\" decoding=\"async\" class=\"aligncenter size-full wp-image-5668\" src=\"https:\/\/vozcomoarma.noblogs.org\/files\/2014\/11\/car-burned.jpg\" alt=\"Coches destruidos Bristol\" width=\"618\" height=\"416\" srcset=\"https:\/\/vozcomoarma.noblogs.org\/files\/2014\/11\/car-burned.jpg 618w, https:\/\/vozcomoarma.noblogs.org\/files\/2014\/11\/car-burned-300x201.jpg 300w\" sizes=\"auto, (max-width: 618px) 100vw, 618px\" \/><\/a><\/p>\n","protected":false},"excerpt":{"rendered":"<p>Desde Contra Info recojo el siguiente comunicado de una acci\u00f3n incendiaria realizada en memoria del compa\u00f1ero R\u00e9mi Fraisse (asesinado por la polic\u00eda en la ZAD de Testet, Occitania, hace unas semanas)\u00a0 y en apoyo a los luchadores armados en huelga &hellip; <a href=\"https:\/\/vozcomoarma.noblogs.org\/?p=5667\">Sigue leyendo <span class=\"meta-nav\">&rarr;<\/span><\/a><\/p>\n","protected":false},"author":7045,"featured_media":0,"comment_status":"closed","ping_status":"open","sticky":false,"template":"","format":"standard","meta":{"footnotes":""},"categories":[58,132,61,9,7],"tags":[47,35,30,54,15,16,26,24,90,19,10,11],"class_list":["post-5667","post","type-post","status-publish","format-standard","hentry","category-acciones","category-acusadxs-comando-mateo-morral","category-noticias","category-noticias-y-comunicados","category-presxs","tag-anti-desarrollismo","tag-asesinato-de-estado","tag-critica-anti-industrial","tag-francia","tag-grecia","tag-guerra-social","tag-insurreccionalismo","tag-reflexion","tag-reino-unido","tag-represion","tag-sabotaje","tag-solidaridad"],"_links":{"self":[{"href":"https:\/\/vozcomoarma.noblogs.org\/index.php?rest_route=\/wp\/v2\/posts\/5667","targetHints":{"allow":["GET"]}}],"collection":[{"href":"https:\/\/vozcomoarma.noblogs.org\/index.php?rest_route=\/wp\/v2\/posts"}],"about":[{"href":"https:\/\/vozcomoarma.noblogs.org\/index.php?rest_route=\/wp\/v2\/types\/post"}],"author":[{"embeddable":true,"href":"https:\/\/vozcomoarma.noblogs.org\/index.php?rest_route=\/wp\/v2\/users\/7045"}],"replies":[{"embeddable":true,"href":"https:\/\/vozcomoarma.noblogs.org\/index.php?rest_route=%2Fwp%2Fv2%2Fcomments&post=5667"}],"version-history":[{"count":1,"href":"https:\/\/vozcomoarma.noblogs.org\/index.php?rest_route=\/wp\/v2\/posts\/5667\/revisions"}],"predecessor-version":[{"id":5670,"href":"https:\/\/vozcomoarma.noblogs.org\/index.php?rest_route=\/wp\/v2\/posts\/5667\/revisions\/5670"}],"wp:attachment":[{"href":"https:\/\/vozcomoarma.noblogs.org\/index.php?rest_route=%2Fwp%2Fv2%2Fmedia&parent=5667"}],"wp:term":[{"taxonomy":"category","embeddable":true,"href":"https:\/\/vozcomoarma.noblogs.org\/index.php?rest_route=%2Fwp%2Fv2%2Fcategories&post=5667"},{"taxonomy":"post_tag","embeddable":true,"href":"https:\/\/vozcomoarma.noblogs.org\/index.php?rest_route=%2Fwp%2Fv2%2Ftags&post=5667"}],"curies":[{"name":"wp","href":"https:\/\/api.w.org\/{rel}","templated":true}]}}