{"id":5675,"date":"2014-11-27T18:36:25","date_gmt":"2014-11-27T17:36:25","guid":{"rendered":"http:\/\/vozcomoarma.noblogs.org\/?p=5675"},"modified":"2014-11-27T18:36:36","modified_gmt":"2014-11-27T17:36:36","slug":"video-francia-constitucion-de-una-nueva-zad-en-defensa-de-roybon","status":"publish","type":"post","link":"https:\/\/vozcomoarma.noblogs.org\/?p=5675","title":{"rendered":"[V\u00eddeo] Francia &#8211; Constituci\u00f3n de una nueva ZAD en Roybon"},"content":{"rendered":"<p style=\"text-align: justify\">Recibo en el correo electr\u00f3nico, enviado por lxs compas de la revista antidesarrollista y libertaria <a href=\"https:\/\/argelaga.wordpress.com\/2014\/11\/21\/video-acto-de-constitucion-de-una-nueva-zad-en-roybon\/\">Argelaga<\/a>, el siguiente v\u00eddeo, que nos muestra im\u00e1genes del primer acto constitutivo de una nueva ZAD (Zona A Defender), esta vez en el \u00e1rea de Roybon, donde la construcci\u00f3n de un centro comercial en Los Chambarans por la empresa Pierre and Vacances amenaza con talar todo el bosque e imponer la destrucci\u00f3n del humedal de la cuenca del R\u00f3dano, la degradaci\u00f3n de su ecosistema y el exterminio de fauna y flora que habitan all\u00ed, para el desarrollo de un proyecto que s\u00f3lo comporta intereses privados de \u00edndole financiera e inmobiliaria, principalmente en manos de constructores, especuladores y pol\u00edticxs interesadxs en sacar tajada.<\/p>\n<p style=\"text-align: justify\">El asesinato de R\u00e9mi no detuvo la lucha, cabrones.<br \/>\n\u00a1La ZAD est\u00e1 en todas partes!<\/p>\n<p style=\"text-align: center\">[vsw id=\u00bb112113670&#8243; source=\u00bbvimeo\u00bb width=\u00bb425&#8243; height=\u00bb344&#8243; autoplay=\u00bbno\u00bb]<\/p>\n<p style=\"text-align: justify\"><a href=\"https:\/\/vozcomoarma.noblogs.org\/files\/2014\/11\/016a165a8201783af36ce0e875703581.jpg\"><img loading=\"lazy\" decoding=\"async\" class=\"aligncenter size-full wp-image-5676\" src=\"https:\/\/vozcomoarma.noblogs.org\/files\/2014\/11\/016a165a8201783af36ce0e875703581.jpg\" alt=\"La ZAD est\u00e1 en todas partes\" width=\"500\" height=\"300\" srcset=\"https:\/\/vozcomoarma.noblogs.org\/files\/2014\/11\/016a165a8201783af36ce0e875703581.jpg 500w, https:\/\/vozcomoarma.noblogs.org\/files\/2014\/11\/016a165a8201783af36ce0e875703581-300x180.jpg 300w\" sizes=\"auto, (max-width: 500px) 100vw, 500px\" \/><\/a><\/p>\n<p style=\"text-align: justify\">\n","protected":false},"excerpt":{"rendered":"<p>Recibo en el correo electr\u00f3nico, enviado por lxs compas de la revista antidesarrollista y libertaria Argelaga, el siguiente v\u00eddeo, que nos muestra im\u00e1genes del primer acto constitutivo de una nueva ZAD (Zona A Defender), esta vez en el \u00e1rea de &hellip; <a href=\"https:\/\/vozcomoarma.noblogs.org\/?p=5675\">Sigue leyendo <span class=\"meta-nav\">&rarr;<\/span><\/a><\/p>\n","protected":false},"author":7045,"featured_media":0,"comment_status":"closed","ping_status":"open","sticky":false,"template":"","format":"standard","meta":{"footnotes":""},"categories":[59,61,9],"tags":[47,30,40,54,16,42,37],"class_list":["post-5675","post","type-post","status-publish","format-standard","hentry","category-convocatorias","category-noticias","category-noticias-y-comunicados","tag-anti-desarrollismo","tag-critica-anti-industrial","tag-especulacion","tag-francia","tag-guerra-social","tag-movimientos-sociales","tag-okupacion"],"_links":{"self":[{"href":"https:\/\/vozcomoarma.noblogs.org\/index.php?rest_route=\/wp\/v2\/posts\/5675","targetHints":{"allow":["GET"]}}],"collection":[{"href":"https:\/\/vozcomoarma.noblogs.org\/index.php?rest_route=\/wp\/v2\/posts"}],"about":[{"href":"https:\/\/vozcomoarma.noblogs.org\/index.php?rest_route=\/wp\/v2\/types\/post"}],"author":[{"embeddable":true,"href":"https:\/\/vozcomoarma.noblogs.org\/index.php?rest_route=\/wp\/v2\/users\/7045"}],"replies":[{"embeddable":true,"href":"https:\/\/vozcomoarma.noblogs.org\/index.php?rest_route=%2Fwp%2Fv2%2Fcomments&post=5675"}],"version-history":[{"count":2,"href":"https:\/\/vozcomoarma.noblogs.org\/index.php?rest_route=\/wp\/v2\/posts\/5675\/revisions"}],"predecessor-version":[{"id":5679,"href":"https:\/\/vozcomoarma.noblogs.org\/index.php?rest_route=\/wp\/v2\/posts\/5675\/revisions\/5679"}],"wp:attachment":[{"href":"https:\/\/vozcomoarma.noblogs.org\/index.php?rest_route=%2Fwp%2Fv2%2Fmedia&parent=5675"}],"wp:term":[{"taxonomy":"category","embeddable":true,"href":"https:\/\/vozcomoarma.noblogs.org\/index.php?rest_route=%2Fwp%2Fv2%2Fcategories&post=5675"},{"taxonomy":"post_tag","embeddable":true,"href":"https:\/\/vozcomoarma.noblogs.org\/index.php?rest_route=%2Fwp%2Fv2%2Ftags&post=5675"}],"curies":[{"name":"wp","href":"https:\/\/api.w.org\/{rel}","templated":true}]}}