{"id":5677,"date":"2014-11-27T21:00:38","date_gmt":"2014-11-27T20:00:38","guid":{"rendered":"http:\/\/vozcomoarma.noblogs.org\/?p=5677"},"modified":"2014-11-27T21:02:39","modified_gmt":"2014-11-27T20:02:39","slug":"felix-rodrigo-mora-en-el-aurea-social-o-el-independentismo-libertario-catalan-como-escaparate-reaccionario","status":"publish","type":"post","link":"https:\/\/vozcomoarma.noblogs.org\/?p=5677","title":{"rendered":"F\u00e9lix Rodrigo Mora en el \u00c1urea Social o el independentismo libertario catal\u00e1n como escaparate reaccionario"},"content":{"rendered":"<p style=\"text-align: justify\">Recomiendo antes de nada los textos<em><a href=\"http:\/\/barcelona.indymedia.org\/usermedia\/application\/6\/Felix_NO!.pdf\"> \u00abEl giro escatol\u00f3gico &#8211; La reacci\u00f3n en la cr\u00edtica de F\u00e9lix Rodrigo Mora\u00bb<\/a>\u00a0<\/em> y <a href=\"https:\/\/vozcomoarma.noblogs.org\/files\/2013\/08\/100-Yo-dispar%C3%A9-a-F%C3%A9lix-Rodrigo-Mora.pdf\"><em>\u00abYo dispar\u00e9 a F\u00e9lix Rodrigo Mora\u00bb<\/em><\/a>.<\/p>\n<p style=\"text-align: justify\">A estas alturas, por suerte, la mayor\u00eda de movimientos sociales del Estado espa\u00f1ol han cerrado sus puertas a F\u00e9lix Rodrigo Mora, un sujeto, que, tras pulular durante a\u00f1os por distintos entornos de lucha social (centros sociales okupados, bibliotecas y ateneos anarquistas, colectivos agroecol\u00f3gicos activos en la repoblaci\u00f3n rural, cooperativas integrales, colectivos antidesarrollistas, asambleas populares de barrio surgidas a ra\u00edz del movimiento 15-M&#8230;) se hizo un sitio en el \u00abgueto\u00bb, colando sus libros en nuestras distribuidoras y editoriales y generando multitud de debate, hasta que, por fin, fue descubierto, reconocido y denunciado p\u00fablicamente su car\u00e1cter reaccionario.<\/p>\n<p style=\"text-align: justify\">Su famoso libro Feminicidio o Autoconstrucci\u00f3n de la mujer, editado junto a Mar\u00eda del Prado Esteban Diezma (su clon femenino, militante de la CNT), levant\u00f3 grave pol\u00e9mica hace un tiempo, cuando grupos de mujeres y colectivos feministas de todo el Estado pusieron al descubierto su machismo y sus improcedentes cr\u00edticas a la lucha feminista, un \u00e1mbito al que Mora y Prado atacan de manera malintencionada, vil y falaz vali\u00e9ndose para ello de una cr\u00edtica, en principio v\u00e1lida, al feminismo de Estado, pero totalmente fuera de contexto y lugar si nos referimos, como hacen ellxs, a los entornos feministas aut\u00f3nomos y revolucionarios, que encuadran su lucha contra el Heteropatriarcado en un combate mayor contra el Capitalismo, la Autoridad y su mundo.<\/p>\n<p style=\"text-align: justify\">Despu\u00e9s de que Aldarull, editorial y librer\u00eda anarquista de Barcelona con sede en el barrio de Gr\u00e1cia, publicase este libro, fueron muchas las voces que se pronunciaron al respecto, pero no obstante, no fue hasta que Mora dio una charla para un colectivo abiertamente neonazi de Toledo cuando Aldarull decidi\u00f3 pronunciarse, disculp\u00e1ndose por haber contribu\u00eddo alguna vez a difundir semejante mierda de libro y expresando sus condolencias a las compa\u00f1eras feministas, que llevaban tiempo denunciando el machismo de Mora impl\u00edcito en esa obra. Este hecho, si bien la rectificaci\u00f3n de Aldarull fue muy bien recibida por quien \u00e9sto escribe (esto no debe entenderse como una cr\u00edtica a este colectivo, con quienes a d\u00eda de hoy no tengo inconveniente alguno, sino simplemente como un dato para contextualizar mejor lo que viene a continuaci\u00f3n, y pido que si lxs compas de Aldarull leen \u00e9sto no se sientan atacadxs ni parezca que pretendo menoscabar su proyecto), confirma que se jerarquizan las luchas y el antifascismo y otras parecen importar m\u00e1s que el feminismo y la lucha contra las expresiones del Patriarcado en todos sus formatos. Sin embargo, como ya he dicho, no quiero centrarme en \u00e9sto, pues todo lo que, en mi opini\u00f3n, hab\u00eda que decir al respecto se dijo ya en su momento, y nos ocupan cuestiones m\u00e1s importantes como para seguir redundando.<\/p>\n<p style=\"text-align: justify\">Las respuestas especialmente feministas (y no s\u00f3lo, sino tambi\u00e9n de otros colectivos y luchas) se han sucedido en los \u00faltimos a\u00f1os, con hechos como lo ocurrido en Zaragoza (donde varias personas amenazaron a Mora e intentaron boicotear su charla, a lo que Mora respondi\u00f3 con un vomitivo texto titulado \u00abVodevil Zaragozano\u00bb donde entre otras cosas insulta a las compa\u00f1eras llam\u00e1ndolas \u00abFascio-Feminismo SCUM\u00bb &#8211; me pregunto si este tipejo habr\u00e1 le\u00eddo a Valerie Solanas, apuesto a que no, y si la ley\u00f3, lo que es seguro es que no entendi\u00f3 su \u00e1cido manifiesto -, compara al antifascismo con el terrorismo de Estado del GAL, llama a compas de la ciudad \u00abAnarquistas de Estado\u00bb acus\u00e1ndoles falsamente de recibir subvenciones, entre otras perlas como hablar de \u00abracismo anti-blanco\u00bb). Pod\u00e9is leer mi respuesta al Vodevil haciendo click <a href=\"http:\/\/vozcomoarma.blogspot.com.es\/2013\/05\/reflexiones-tras-leer-vodevil.html\">aqu\u00ed<\/a>, por cierto, para aclararos mejor. En la entrada a la que lleva el enlace tambi\u00e9n pod\u00e9is hallar un enlace al texto de Mora mencionado, por si quer\u00e9is comprobar por vosotrxs mismxs el palo del que va.<\/p>\n<p style=\"text-align: justify\">No obstante, no se queda ah\u00ed el hombre, y podemos mencionar otros \u00abtesoros\u00bb de su producci\u00f3n te\u00f3rica (lo \u00fanico a lo que se dedica, pues no es m\u00e1s que un sucio intelectual encerrado en lo m\u00e1s alto de su torre de marfil) como, y permitidme poner otro ejemplo, su rese\u00f1a del libro \u00abLa conspiraci\u00f3n del movimiento gay\u00bb escrito por Rafael Palacios \u00abRafapal\u00bb, un autor m\u00e1s que dudoso cuya literatura habla de reptilianos, ovnis y conspiraciones gubernamentales intergal\u00e1cticas. En su rese\u00f1a de dicho libro, Mora da la raz\u00f3n a Rafapal y asegura que existe una conspiraci\u00f3n estatal para fomentar desde los aparatos del gobierno la homosexualidad con el fin de acabar con la heterosexualidad, asegura que lxs heterosexuales sufren agresiones (cuando precisamente es la norma heteropatriarcal la que empuja a la marginalidad, el suicidio, la patologizaci\u00f3n psiqui\u00e1trica o el auto-odio a infinidad de personas cuya sexualidad no se corresponde con el esquema), dice que entre lxs heterosexuales lxs que m\u00e1s agresiones sufren son los hombres (una vez m\u00e1s niega el Patriarcado victimizando al prototipo de hombre privilegiado, heterosexual y cis-g\u00e9nero e invisibilizando la opresi\u00f3n que sufren las mujeres y, por partida doble, las no hetero), define textualmente el D\u00eda del Orgullo Gay como\u00a0<em>\u00abuna explosi\u00f3n de barbarie, chabacaner\u00eda y mal gusto que anonada\u00bb <\/em>(desde el \u00e1mbito queer y transfeminista se podr\u00eda criticar dicha fecha por muchas razones, pero hablar de una \u00abexplosi\u00f3n de barbarie y chabacaner\u00eda\u00bb es un discurso m\u00e1s propio de Rouco Varela) y, en definitiva, da rienda suelta a su recalcitrante homofobia.<\/p>\n<p style=\"text-align: justify\">Son, en resumen, muchas las opresiones presentes en la literatura de Mora, y muchas las razones para vetarle de por vida en nuestros espacios y luchas, pero sin embargo, parece que, incluso en Barcelona, una de las ciudades donde, a ra\u00edz de la pol\u00e9mica con Aldarull de la que habl\u00e9 antes, se debati\u00f3 m\u00e1s acerca de FRM, todav\u00eda hay quien o no se ha enterado (o mejor dicho, no se ha querido enterar) de que dar cancha a Mora en nuestros espacios significa abrirle de par en par las puertas al machismo, la homofobia, el racismo etc.<\/p>\n<p style=\"text-align: justify\">Y es que recientemente, la llamada Plataforma por el NoS\u00ed (colectivo de independentistas libertarios catal\u00e1n nacido para impulsar su alternativa, que consiste en votar que No a la creaci\u00f3n de un nuevo Estado catal\u00e1n pero S\u00ed a la independencia de Catalu\u00f1a del territorio dominado por el Estado espa\u00f1ol, en las consultas realizadas al respecto) ha organizado unas jornadas para los d\u00edas 28, 29 y 30 de noviembre, en las que, entre otras actividades, han invitado a dar una charla a F\u00e9lix Rodrigo Mora con el t\u00edtulo \u00abLa cuesti\u00f3n nacional y la liberaci\u00f3n de los pueblos en el S. XXI\u00bb. Dicha actividad se realizar\u00e1 en el espacio \u00c1urea Social, situado cerca de la Sagrada Familia y que, hasta hac\u00eda poco, contaba con mis simpat\u00edas.<\/p>\n<p style=\"text-align: justify\">Hubo quien, a ra\u00edz de esto, quisimos creer que, tal vez, a lo mejor, \u00c1urea Social no estaba al corriente del pie del que cojea realmente F\u00e9lix Rodrigo Mora. As\u00ed, algunxs enviamos correos informando sobre el tema, otrxs les increparon v\u00eda redes sociales, otrxs aseguraron que ir\u00edan al local a hablar con ellxs&#8230; La verdad es que, despu\u00e9s de ser m\u00e1s que informadxs, el cartel sigue igual, y la Plataforma por el NoS\u00ed sac\u00f3 un comunicado (cansino cuanto menos, de 7 p\u00e1ginas) donde, entre falacias (como decir que Mora se posiciona contra la homofobia cuando \u00e9so es \u00a1\u00a1MENTIRA!!), defienden a tan reaccionario autor y aseguran que seguir\u00e1n contando con \u00e9l, invitando a quien no est\u00e9 de acuerdo a hablar del tema con el autor el mismo d\u00eda de las jornadas.<\/p>\n<p style=\"text-align: justify\">En mi opini\u00f3n, y dadas las circunstancias, lo que habr\u00eda que hacer es, efectivamente, presentarse en el \u00c1urea Social el d\u00eda de las jornadas, pero no para hablar con F\u00e9lix sino para reventarle los dientes, y explicarle que sus falacias, sus meadas fuera de tiesto y sus constantes actitudes opresoras no son olvidadas ni van a quedar sin respuesta.<\/p>\n<p style=\"text-align: justify\">Por otro lado, ni \u00c1urea Social, ni la Plataforma por el No-S\u00ed,\u00a0 ni ning\u00fan otro colectivo o persona participante en dichas jornadas (l\u00e9ase Negres Tempestes, la Cooperativa Integral Catalana, autores de diferentes publicaciones&#8230;) cuentan a partir de ahora con simpat\u00eda alguna por mi parte, ni por parte de muchxs otrxs compa\u00f1erxs. Porque permanecer pasivxs y no pronunciarse al respecto de compartir jornadas con Mora, es una actitud tan detestable como su literatura. \u00a1El silencio es complicidad!<\/p>\n<p style=\"text-align: justify\">Para finalizar \u00e9sto, que no es un texto, ni un comunicado, ni pretende ser ordenado, agradable o argumentado, sino que es s\u00f3lo un desfogo de la mala hostia de la que me puse tras enterarme de todo este tinglado, una advertencia: Mora, ten cuidado.<\/p>\n<p style=\"text-align: justify\"><a href=\"https:\/\/vozcomoarma.noblogs.org\/files\/2014\/11\/Felix-pajarraco.jpg\"><img loading=\"lazy\" decoding=\"async\" class=\"aligncenter size-full wp-image-5681\" src=\"https:\/\/vozcomoarma.noblogs.org\/files\/2014\/11\/Felix-pajarraco.jpg\" alt=\"Felix pajarraco\" width=\"400\" height=\"231\" srcset=\"https:\/\/vozcomoarma.noblogs.org\/files\/2014\/11\/Felix-pajarraco.jpg 400w, https:\/\/vozcomoarma.noblogs.org\/files\/2014\/11\/Felix-pajarraco-300x173.jpg 300w\" sizes=\"auto, (max-width: 400px) 100vw, 400px\" \/><\/a><\/p>\n","protected":false},"excerpt":{"rendered":"<p>Recomiendo antes de nada los textos \u00abEl giro escatol\u00f3gico &#8211; La reacci\u00f3n en la cr\u00edtica de F\u00e9lix Rodrigo Mora\u00bb\u00a0 y \u00abYo dispar\u00e9 a F\u00e9lix Rodrigo Mora\u00bb. A estas alturas, por suerte, la mayor\u00eda de movimientos sociales del Estado espa\u00f1ol han &hellip; <a href=\"https:\/\/vozcomoarma.noblogs.org\/?p=5677\">Sigue leyendo <span class=\"meta-nav\">&rarr;<\/span><\/a><\/p>\n","protected":false},"author":7045,"featured_media":0,"comment_status":"closed","ping_status":"open","sticky":false,"template":"","format":"standard","meta":{"footnotes":""},"categories":[59,61,9],"tags":[49,107,48,42,24],"class_list":["post-5677","post","type-post","status-publish","format-standard","hentry","category-convocatorias","category-noticias","category-noticias-y-comunicados","tag-anti-sexismo","tag-barcelona","tag-cataluna","tag-movimientos-sociales","tag-reflexion"],"_links":{"self":[{"href":"https:\/\/vozcomoarma.noblogs.org\/index.php?rest_route=\/wp\/v2\/posts\/5677","targetHints":{"allow":["GET"]}}],"collection":[{"href":"https:\/\/vozcomoarma.noblogs.org\/index.php?rest_route=\/wp\/v2\/posts"}],"about":[{"href":"https:\/\/vozcomoarma.noblogs.org\/index.php?rest_route=\/wp\/v2\/types\/post"}],"author":[{"embeddable":true,"href":"https:\/\/vozcomoarma.noblogs.org\/index.php?rest_route=\/wp\/v2\/users\/7045"}],"replies":[{"embeddable":true,"href":"https:\/\/vozcomoarma.noblogs.org\/index.php?rest_route=%2Fwp%2Fv2%2Fcomments&post=5677"}],"version-history":[{"count":2,"href":"https:\/\/vozcomoarma.noblogs.org\/index.php?rest_route=\/wp\/v2\/posts\/5677\/revisions"}],"predecessor-version":[{"id":5682,"href":"https:\/\/vozcomoarma.noblogs.org\/index.php?rest_route=\/wp\/v2\/posts\/5677\/revisions\/5682"}],"wp:attachment":[{"href":"https:\/\/vozcomoarma.noblogs.org\/index.php?rest_route=%2Fwp%2Fv2%2Fmedia&parent=5677"}],"wp:term":[{"taxonomy":"category","embeddable":true,"href":"https:\/\/vozcomoarma.noblogs.org\/index.php?rest_route=%2Fwp%2Fv2%2Fcategories&post=5677"},{"taxonomy":"post_tag","embeddable":true,"href":"https:\/\/vozcomoarma.noblogs.org\/index.php?rest_route=%2Fwp%2Fv2%2Ftags&post=5677"}],"curies":[{"name":"wp","href":"https:\/\/api.w.org\/{rel}","templated":true}]}}