{"id":5690,"date":"2014-11-27T20:27:48","date_gmt":"2014-11-27T19:27:48","guid":{"rendered":"http:\/\/vozcomoarma.noblogs.org\/?p=5690"},"modified":"2014-11-27T20:27:48","modified_gmt":"2014-11-27T19:27:48","slug":"nos-separan-las-distancias-nos-une-el-sentimiento-palabras-de-monica-caballero-desde-la-prision-de-brieva","status":"publish","type":"post","link":"https:\/\/vozcomoarma.noblogs.org\/?p=5690","title":{"rendered":"\u00abNos separan las distancias. Nos une el sentimiento\u00bb &#8211; Palabras de M\u00f3nica Caballero desde la prisi\u00f3n de Brieva"},"content":{"rendered":"<p>Dejo a continuaci\u00f3n la nueva carta de la compa\u00f1era M\u00f3nica Caballero, recibida en el correo electr\u00f3nico y que difundo a continuaci\u00f3n. Gracias al compa que me la envi\u00f3 por su aporte:<\/p>\n<p>&#8212;&#8212;&#8212;&#8212;&#8212;&#8212;&#8212;&#8212;&#8212;&#8212;<\/p>\n<p style=\"text-align: justify\"><strong><em>Nos separan las distancias. Nos une el sentimiento.<\/em><\/strong><\/p>\n<p style=\"text-align: justify\"><em>Las fechas pr\u00f3ximas se acercan cargadas de intensos sentimientos. Por un lado est\u00e1 el aniversario de la irreparable p\u00e9rdida de Sebasti\u00e1n en diciembre y ahora en noviembre se cumple un a\u00f1o de mi detenci\u00f3n.<\/em><\/p>\n<p style=\"text-align: justify\"><em>Recuerdo cuando me comunicaron el fallecimiento de Sebasti\u00e1n, fue como un balde agua fr\u00eda (mal compa\u00f1ero en las fr\u00edas noches madrile\u00f1as). La p\u00e9rdida de cualquier compa\u00f1ero\/a siempre es un acontecimiento horrible, hoy puedo mirar tal suceso y sentirme orgullosa de haber tenido a un compa\u00f1ero tan digno.<\/em><\/p>\n<p style=\"text-align: justify\"><em>Recordar a los\/as hermanos\/as es un ejercicio necesario para quienes construimos una realidad diferente, si no lo hacemos nosotros\/as s\u00f3lo nos quedan muchas fichas policiales y reportajes de carro\u00f1eros periodistas. La ca\u00edda de un\/a antiautoritario\/a en esta guerra contra lo establecido no puede ser s\u00f3lo motivo de tristeza, tambi\u00e9n nos llama a seguir su ejemplo y, en mi caso, es una inmensa alegr\u00eda al recordar la hermosa vida de quien no quiso someterse tomando el cielo por asalto.<\/em><\/p>\n<p style=\"text-align: justify\"><em>Aunque suene repetitivo, Angry vives en nuestra memoria.<\/em><br \/>\n<em> Nos separan las distancias, nos une el sentimiento.<\/em><\/p>\n<p style=\"text-align: justify\"><em>En estos momentos donde me emocionan los recuerdos aprovecho para hacer un breve an\u00e1lisis de mi situaci\u00f3n. Comienzo con un repaso de lo que motiv\u00f3 mi detenci\u00f3n.<\/em><\/p>\n<p style=\"text-align: justify\"><em>El d\u00eda 13\/11\/13 la polic\u00eda me detuvo con mi compa\u00f1ero y 3 personas m\u00e1s; nos imputan la colocaci\u00f3n de un artefacto explosivo, \u00e9ste deton\u00f3 en octubre de 2013 en la Bas\u00edlica del Pilar (Zaragoza), conspiraci\u00f3n para un segundo atentado, \u00e9ste hubiese tenido lugar en el monasterio de la virgen de Montserrat (Barcelona), y pertenencia a banda armada. Todo esto dentro de la ley antiterrorista.<\/em><\/p>\n<p style=\"text-align: justify\"><em>La organizaci\u00f3n a la que se nos adjudica pertenencia es el comando insurreccional Mateo Morral, este grupo se ha atribuido la colocaci\u00f3n de dos artefactos; uno en la catedral de la Almudena (Madrid) y el de el Pilar (Zaragoza).<\/em><\/p>\n<p style=\"text-align: justify\"><em>Extra\u00f1amente la imputaci\u00f3n incluye la pertenencia a FAI-FRI y GAC (grupos anarquistas coordinados), cuando en las reivindicaciones de los artefactos no se hace menci\u00f3n a ninguna de estas siglas.<\/em><\/p>\n<p style=\"text-align: justify\"><em>Una de las motivaciones m\u00e1s decisivas para el actuar de los aparatos represivos espa\u00f1oles fueron los informes de sus pares chilenos; en cuanto pisamos suelo ib\u00e9rico (Francisco y yo) la polic\u00eda chilena hizo todo lo posible para vengar el rid\u00edculo que hicieron con el \u201cCaso Bombas\u201d, donde ambos salimos absueltos. Las palabras de Sebasti\u00e1n Pi\u00f1era, quien era presidente de Chile en el momento de nuestra detenci\u00f3n, al Ministro del interior espa\u00f1ol reafirman lo que digo.<\/em><\/p>\n<p style=\"text-align: justify\"><em>La acusaci\u00f3n que cae sobre m\u00ed y Francisco est\u00e1 por encima de si somos los autores materiales de los hechos. Aunque los aparatos judiciales jam\u00e1s lo reconocer\u00e1n, la acusaci\u00f3n es totalmente pol\u00edtica, la \u00fanica certeza que poseen es que somos anarquistas. Jam\u00e1s he renegado de las ideas que propago y eso lo castigan.<\/em><\/p>\n<p style=\"text-align: justify\"><em>No besar\u00e9 su cruz de arrepentimiento, camino tranquila al tener la certeza de que lucho por los ideales m\u00e1s nobles y que no acabar\u00e1n con las ideas y pr\u00e1cticas antiautoritarias.<\/em><\/p>\n<p style=\"text-align: justify\"><em><strong>Armando nuestro camino, sin transar ni negociar.<\/strong><\/em><br \/>\n<em> <strong> No pararemos hasta acabar con todas las jaulas.<\/strong><\/em><br \/>\n<em> <strong> \u00a1Muerte al Estado y viva la anarqu\u00eda!<\/strong><\/em><\/p>\n<p style=\"text-align: justify\"><a href=\"https:\/\/vozcomoarma.noblogs.org\/files\/2014\/11\/ruisenor-escondido.jpg\"><img loading=\"lazy\" decoding=\"async\" class=\"aligncenter size-full wp-image-5691\" src=\"https:\/\/vozcomoarma.noblogs.org\/files\/2014\/11\/ruisenor-escondido.jpg\" alt=\"Ruise\u00f1or escondido\" width=\"600\" height=\"600\" srcset=\"https:\/\/vozcomoarma.noblogs.org\/files\/2014\/11\/ruisenor-escondido.jpg 600w, https:\/\/vozcomoarma.noblogs.org\/files\/2014\/11\/ruisenor-escondido-300x300.jpg 300w\" sizes=\"auto, (max-width: 600px) 100vw, 600px\" \/><\/a><\/p>\n","protected":false},"excerpt":{"rendered":"<p>Dejo a continuaci\u00f3n la nueva carta de la compa\u00f1era M\u00f3nica Caballero, recibida en el correo electr\u00f3nico y que difundo a continuaci\u00f3n. Gracias al compa que me la envi\u00f3 por su aporte: &#8212;&#8212;&#8212;&#8212;&#8212;&#8212;&#8212;&#8212;&#8212;&#8212; Nos separan las distancias. Nos une el sentimiento. &hellip; <a href=\"https:\/\/vozcomoarma.noblogs.org\/?p=5690\">Sigue leyendo <span class=\"meta-nav\">&rarr;<\/span><\/a><\/p>\n","protected":false},"author":7045,"featured_media":0,"comment_status":"closed","ping_status":"open","sticky":false,"template":"","format":"standard","meta":{"footnotes":""},"categories":[1],"tags":[107,17,78,16,24,19,11],"class_list":["post-5690","post","type-post","status-publish","format-standard","hentry","category-general","tag-barcelona","tag-carcel","tag-chile","tag-guerra-social","tag-reflexion","tag-represion","tag-solidaridad"],"_links":{"self":[{"href":"https:\/\/vozcomoarma.noblogs.org\/index.php?rest_route=\/wp\/v2\/posts\/5690","targetHints":{"allow":["GET"]}}],"collection":[{"href":"https:\/\/vozcomoarma.noblogs.org\/index.php?rest_route=\/wp\/v2\/posts"}],"about":[{"href":"https:\/\/vozcomoarma.noblogs.org\/index.php?rest_route=\/wp\/v2\/types\/post"}],"author":[{"embeddable":true,"href":"https:\/\/vozcomoarma.noblogs.org\/index.php?rest_route=\/wp\/v2\/users\/7045"}],"replies":[{"embeddable":true,"href":"https:\/\/vozcomoarma.noblogs.org\/index.php?rest_route=%2Fwp%2Fv2%2Fcomments&post=5690"}],"version-history":[{"count":1,"href":"https:\/\/vozcomoarma.noblogs.org\/index.php?rest_route=\/wp\/v2\/posts\/5690\/revisions"}],"predecessor-version":[{"id":5692,"href":"https:\/\/vozcomoarma.noblogs.org\/index.php?rest_route=\/wp\/v2\/posts\/5690\/revisions\/5692"}],"wp:attachment":[{"href":"https:\/\/vozcomoarma.noblogs.org\/index.php?rest_route=%2Fwp%2Fv2%2Fmedia&parent=5690"}],"wp:term":[{"taxonomy":"category","embeddable":true,"href":"https:\/\/vozcomoarma.noblogs.org\/index.php?rest_route=%2Fwp%2Fv2%2Fcategories&post=5690"},{"taxonomy":"post_tag","embeddable":true,"href":"https:\/\/vozcomoarma.noblogs.org\/index.php?rest_route=%2Fwp%2Fv2%2Ftags&post=5690"}],"curies":[{"name":"wp","href":"https:\/\/api.w.org\/{rel}","templated":true}]}}