{"id":5693,"date":"2014-11-27T20:41:53","date_gmt":"2014-11-27T19:41:53","guid":{"rendered":"http:\/\/vozcomoarma.noblogs.org\/?p=5693"},"modified":"2014-11-27T20:41:53","modified_gmt":"2014-11-27T19:41:53","slug":"pintadas-en-lleida-en-solidaridad-con-la-okupa-che-mexico-d-f-y-con-el-banc-expropiat-de-gracia-karcelona","status":"publish","type":"post","link":"https:\/\/vozcomoarma.noblogs.org\/?p=5693","title":{"rendered":"Pintadas en Lleida en solidaridad con la okupa Che (M\u00e9xico D.F.) y con el Banc Expropiat de Gr\u00e1cia (Karcelona)"},"content":{"rendered":"<p align=\"JUSTIFY\">Recibo en el correo electr\u00f3nico el siguiente comunicado, acompa\u00f1ado de fotograf\u00edas de las pintadas, informando de una acci\u00f3n de solidaridad en la ciudad catalana de Lleida, donde varios muros fueron escritos con frases de apoyo a lxs compas de la Okupa Che (M\u00e9xico D.F.) quienes resistieron hace poco un asalto policial (con resultado de varixs heridxs, uno de ellxs de bala, ya que la polic\u00eda dispar\u00f3 a lxs compas munici\u00f3n letal) y actualmente se encuentran resistiendo, y tambi\u00e9n con el Banc Expropiat de Gr\u00e1cia, un centro social okupado en Barcelona que se encuentra en riesgo de desalojo, y que ha tra\u00eddo numerosas alternativas e iniciativas culturales y de lucha a ese barrio barcelon\u00e9s.<\/p>\n<p align=\"JUSTIFY\">Gracias a lxs compas por enviar su aporte.<br \/>\n\u00a1Fuerza a los espacios rebeldes y autogestionados que no claudican!<\/p>\n<p align=\"JUSTIFY\">&#8212;&#8212;&#8212;&#8212;&#8212;&#8212;&#8212;&#8212;&#8212;&#8212;-<\/p>\n<p align=\"JUSTIFY\"><em>Hola a todxs,<\/em><\/p>\n<p align=\"JUSTIFY\"><em>Ac\u00e1 enviamos unas pintas que se hicieron en Lleida (Catalu\u00f1a, Estado Espa\u00f1ol) en solidaridad con diferentes espacios okupados, el Auditorio Che Guevara &#8211; Okupa Che, en la Ciudad de M\u00e9xico por el incidente ocurrido el 16 de noviembre, cuando entraron polic\u00edas judiciales a grabar a la banda, como respuesta la banda sali\u00f3 a echarlos, y uno de ellos dispar\u00f3 a un chaval en la pierna, y hubieron dos heridxs m\u00e1s y tambi\u00e9n una perrita result\u00f3 herida; adem\u00e1s de que los alrededores estaban llenos de granaderos (antidisturbios). Y desde hace tiempo que el espacio est\u00e1 en la mira de las autoridades tanto de la UNAM como del GDF (Gobierno del Distrito Federal). A ra\u00edz del incidente del 16 de noviembre, la banda se atrincher\u00f3 con barricadas dentro de la universidad en las inmediaciones de la Facultad de Filosof\u00eda y Letras, que es donde est\u00e1 situado el auditorio. Ahora no sabemos c\u00f3mo est\u00e1 la situaci\u00f3n porque toda la informaci\u00f3n la hemos sacado de los medios libres de M\u00e9xico, y hace d\u00edas que no se cuelga nada al respecto. Y el otro espacio que sale en las pintas es el Banc Expropiat de Gr\u00e0cia en Barcelona que desde la segunda quincena de noviembre est\u00e1 en peligro de desalojo.<\/em><\/p>\n<p align=\"JUSTIFY\"><em>Lo quer\u00edamos enviar antes pero por problemillas pues no hemos podido. Ac\u00e1 abajo enviamos el texto que, si quer\u00e9is, pueden acompa\u00f1ar a las fotos, en castellano y en catal\u00e1n.<\/em><\/p>\n<p align=\"JUSTIFY\"><em>Bueno pues, esperemos que no haya ning\u00fan problema, sino pues nos lo dec\u00eds.<\/em><\/p>\n<p align=\"JUSTIFY\"><em>Muchas gracias, \u00a1salud!<\/em><\/p>\n<p align=\"JUSTIFY\"><a href=\"https:\/\/vozcomoarma.noblogs.org\/files\/2014\/11\/DSC04790.jpg\"><img loading=\"lazy\" decoding=\"async\" class=\"aligncenter size-full wp-image-5694\" src=\"https:\/\/vozcomoarma.noblogs.org\/files\/2014\/11\/DSC04790.jpg\" alt=\"Soli Okupas Lleida 1\" width=\"3065\" height=\"2299\" srcset=\"https:\/\/vozcomoarma.noblogs.org\/files\/2014\/11\/DSC04790.jpg 3065w, https:\/\/vozcomoarma.noblogs.org\/files\/2014\/11\/DSC04790-300x225.jpg 300w, https:\/\/vozcomoarma.noblogs.org\/files\/2014\/11\/DSC04790-1024x768.jpg 1024w\" sizes=\"auto, (max-width: 3065px) 100vw, 3065px\" \/><\/a> <a href=\"https:\/\/vozcomoarma.noblogs.org\/files\/2014\/11\/DSC04768.jpg\"><img loading=\"lazy\" decoding=\"async\" class=\"aligncenter size-full wp-image-5695\" src=\"https:\/\/vozcomoarma.noblogs.org\/files\/2014\/11\/DSC04768.jpg\" alt=\"Soli Okupas Lleida 2\" width=\"3065\" height=\"2299\" srcset=\"https:\/\/vozcomoarma.noblogs.org\/files\/2014\/11\/DSC04768.jpg 3065w, https:\/\/vozcomoarma.noblogs.org\/files\/2014\/11\/DSC04768-300x225.jpg 300w, https:\/\/vozcomoarma.noblogs.org\/files\/2014\/11\/DSC04768-1024x768.jpg 1024w\" sizes=\"auto, (max-width: 3065px) 100vw, 3065px\" \/><\/a> <a href=\"https:\/\/vozcomoarma.noblogs.org\/files\/2014\/11\/DSC04769.jpg\"><img loading=\"lazy\" decoding=\"async\" class=\"aligncenter size-full wp-image-5696\" src=\"https:\/\/vozcomoarma.noblogs.org\/files\/2014\/11\/DSC04769.jpg\" alt=\"Soli Okupas Lleida 3\" width=\"3066\" height=\"2300\" srcset=\"https:\/\/vozcomoarma.noblogs.org\/files\/2014\/11\/DSC04769.jpg 3066w, https:\/\/vozcomoarma.noblogs.org\/files\/2014\/11\/DSC04769-300x225.jpg 300w, https:\/\/vozcomoarma.noblogs.org\/files\/2014\/11\/DSC04769-1024x768.jpg 1024w\" sizes=\"auto, (max-width: 3066px) 100vw, 3066px\" \/><\/a> <a href=\"https:\/\/vozcomoarma.noblogs.org\/files\/2014\/11\/DSC04778.jpg\"><img loading=\"lazy\" decoding=\"async\" class=\"aligncenter size-full wp-image-5697\" src=\"https:\/\/vozcomoarma.noblogs.org\/files\/2014\/11\/DSC04778.jpg\" alt=\"Soli Okupas Lleida 4\" width=\"3067\" height=\"2300\" srcset=\"https:\/\/vozcomoarma.noblogs.org\/files\/2014\/11\/DSC04778.jpg 3067w, https:\/\/vozcomoarma.noblogs.org\/files\/2014\/11\/DSC04778-300x224.jpg 300w, https:\/\/vozcomoarma.noblogs.org\/files\/2014\/11\/DSC04778-1024x767.jpg 1024w\" sizes=\"auto, (max-width: 3067px) 100vw, 3067px\" \/><\/a><\/p>\n","protected":false},"excerpt":{"rendered":"<p>Recibo en el correo electr\u00f3nico el siguiente comunicado, acompa\u00f1ado de fotograf\u00edas de las pintadas, informando de una acci\u00f3n de solidaridad en la ciudad catalana de Lleida, donde varios muros fueron escritos con frases de apoyo a lxs compas de la &hellip; <a href=\"https:\/\/vozcomoarma.noblogs.org\/?p=5693\">Sigue leyendo <span class=\"meta-nav\">&rarr;<\/span><\/a><\/p>\n","protected":false},"author":7045,"featured_media":0,"comment_status":"closed","ping_status":"open","sticky":false,"template":"","format":"standard","meta":{"footnotes":""},"categories":[58,61,9],"tags":[107,48,62,16,191,53,42,37,24,19,11],"class_list":["post-5693","post","type-post","status-publish","format-standard","hentry","category-acciones","category-noticias","category-noticias-y-comunicados","tag-barcelona","tag-cataluna","tag-desalojo","tag-guerra-social","tag-lleida","tag-mexico","tag-movimientos-sociales","tag-okupacion","tag-reflexion","tag-represion","tag-solidaridad"],"_links":{"self":[{"href":"https:\/\/vozcomoarma.noblogs.org\/index.php?rest_route=\/wp\/v2\/posts\/5693","targetHints":{"allow":["GET"]}}],"collection":[{"href":"https:\/\/vozcomoarma.noblogs.org\/index.php?rest_route=\/wp\/v2\/posts"}],"about":[{"href":"https:\/\/vozcomoarma.noblogs.org\/index.php?rest_route=\/wp\/v2\/types\/post"}],"author":[{"embeddable":true,"href":"https:\/\/vozcomoarma.noblogs.org\/index.php?rest_route=\/wp\/v2\/users\/7045"}],"replies":[{"embeddable":true,"href":"https:\/\/vozcomoarma.noblogs.org\/index.php?rest_route=%2Fwp%2Fv2%2Fcomments&post=5693"}],"version-history":[{"count":1,"href":"https:\/\/vozcomoarma.noblogs.org\/index.php?rest_route=\/wp\/v2\/posts\/5693\/revisions"}],"predecessor-version":[{"id":5698,"href":"https:\/\/vozcomoarma.noblogs.org\/index.php?rest_route=\/wp\/v2\/posts\/5693\/revisions\/5698"}],"wp:attachment":[{"href":"https:\/\/vozcomoarma.noblogs.org\/index.php?rest_route=%2Fwp%2Fv2%2Fmedia&parent=5693"}],"wp:term":[{"taxonomy":"category","embeddable":true,"href":"https:\/\/vozcomoarma.noblogs.org\/index.php?rest_route=%2Fwp%2Fv2%2Fcategories&post=5693"},{"taxonomy":"post_tag","embeddable":true,"href":"https:\/\/vozcomoarma.noblogs.org\/index.php?rest_route=%2Fwp%2Fv2%2Ftags&post=5693"}],"curies":[{"name":"wp","href":"https:\/\/api.w.org\/{rel}","templated":true}]}}