{"id":5715,"date":"2014-11-27T21:57:22","date_gmt":"2014-11-27T20:57:22","guid":{"rendered":"http:\/\/vozcomoarma.noblogs.org\/?p=5715"},"modified":"2014-11-27T21:57:22","modified_gmt":"2014-11-27T20:57:22","slug":"suiza-atacan-con-pintura-el-consulado-frances-en-ginebra-en-memoria-de-remi","status":"publish","type":"post","link":"https:\/\/vozcomoarma.noblogs.org\/?p=5715","title":{"rendered":"Su\u00edza &#8211; Atacan con pintura el consulado franc\u00e9s en Ginebra, en memoria de R\u00e9mi"},"content":{"rendered":"<p style=\"text-align: justify\">Seg\u00fan una noticia en portugu\u00e9s publicada por lxs compa\u00f1erxs de <a href=\"https:\/\/noticiasanarquistas.noblogs.org\/post\/2014\/11\/26\/suica-consulado-frances-em-genebra-e-atacado\/\">ANA (Ag\u00eancia de Noticias Anarquistas)<\/a> el pasado 20 de noviembre, por la noche, an\u00f3nimxs atacaron la fachada del consulado franc\u00e9s en la ciudad su\u00edza de Ginebra, como acto m\u00ednimo de protesta y venganza por el asesinato policial de R\u00e9mi Fraisse, que como todxs o la mayor\u00eda ya sabr\u00e9is, cay\u00f3 por la explosi\u00f3n de una granada de choque disparada a bocajarro por la polic\u00eda durante unos disturbios en la ZAD de Testet hace unas semanas, convirti\u00e9ndose en la primera v\u00edctima mortal por la represi\u00f3n policial a una movilizaci\u00f3n en Francia desde 1986, y desencadenando nuevas protestas y luchas.<\/p>\n<p style=\"text-align: justify\">Lxs compas tambi\u00e9n realizaron pintadas con los lemas <em>\u00abPara R\u00e9mi\u00bb <\/em>y las siglas <em>\u00abACAB\u00bb <\/em>(<em>All Cops Are Bastards<\/em>, Todxs lxs polic\u00edas son unxs bastardxs).<\/p>\n<p style=\"text-align: justify\"><a href=\"https:\/\/vozcomoarma.noblogs.org\/files\/2014\/11\/suica-consulado-frances-em-geneb-1.jpg\"><img loading=\"lazy\" decoding=\"async\" class=\"aligncenter size-full wp-image-5716\" src=\"https:\/\/vozcomoarma.noblogs.org\/files\/2014\/11\/suica-consulado-frances-em-geneb-1.jpg\" alt=\"Consulado franc\u00e9s ginebra\" width=\"600\" height=\"401\" srcset=\"https:\/\/vozcomoarma.noblogs.org\/files\/2014\/11\/suica-consulado-frances-em-geneb-1.jpg 600w, https:\/\/vozcomoarma.noblogs.org\/files\/2014\/11\/suica-consulado-frances-em-geneb-1-300x200.jpg 300w\" sizes=\"auto, (max-width: 600px) 100vw, 600px\" \/><\/a><\/p>\n","protected":false},"excerpt":{"rendered":"<p>Seg\u00fan una noticia en portugu\u00e9s publicada por lxs compa\u00f1erxs de ANA (Ag\u00eancia de Noticias Anarquistas) el pasado 20 de noviembre, por la noche, an\u00f3nimxs atacaron la fachada del consulado franc\u00e9s en la ciudad su\u00edza de Ginebra, como acto m\u00ednimo de &hellip; <a href=\"https:\/\/vozcomoarma.noblogs.org\/?p=5715\">Sigue leyendo <span class=\"meta-nav\">&rarr;<\/span><\/a><\/p>\n","protected":false},"author":7045,"featured_media":0,"comment_status":"closed","ping_status":"open","sticky":false,"template":"","format":"standard","meta":{"footnotes":""},"categories":[58,61,9],"tags":[47,35,54,16,19,10,11,55],"class_list":["post-5715","post","type-post","status-publish","format-standard","hentry","category-acciones","category-noticias","category-noticias-y-comunicados","tag-anti-desarrollismo","tag-asesinato-de-estado","tag-francia","tag-guerra-social","tag-represion","tag-sabotaje","tag-solidaridad","tag-suiza"],"_links":{"self":[{"href":"https:\/\/vozcomoarma.noblogs.org\/index.php?rest_route=\/wp\/v2\/posts\/5715","targetHints":{"allow":["GET"]}}],"collection":[{"href":"https:\/\/vozcomoarma.noblogs.org\/index.php?rest_route=\/wp\/v2\/posts"}],"about":[{"href":"https:\/\/vozcomoarma.noblogs.org\/index.php?rest_route=\/wp\/v2\/types\/post"}],"author":[{"embeddable":true,"href":"https:\/\/vozcomoarma.noblogs.org\/index.php?rest_route=\/wp\/v2\/users\/7045"}],"replies":[{"embeddable":true,"href":"https:\/\/vozcomoarma.noblogs.org\/index.php?rest_route=%2Fwp%2Fv2%2Fcomments&post=5715"}],"version-history":[{"count":1,"href":"https:\/\/vozcomoarma.noblogs.org\/index.php?rest_route=\/wp\/v2\/posts\/5715\/revisions"}],"predecessor-version":[{"id":5717,"href":"https:\/\/vozcomoarma.noblogs.org\/index.php?rest_route=\/wp\/v2\/posts\/5715\/revisions\/5717"}],"wp:attachment":[{"href":"https:\/\/vozcomoarma.noblogs.org\/index.php?rest_route=%2Fwp%2Fv2%2Fmedia&parent=5715"}],"wp:term":[{"taxonomy":"category","embeddable":true,"href":"https:\/\/vozcomoarma.noblogs.org\/index.php?rest_route=%2Fwp%2Fv2%2Fcategories&post=5715"},{"taxonomy":"post_tag","embeddable":true,"href":"https:\/\/vozcomoarma.noblogs.org\/index.php?rest_route=%2Fwp%2Fv2%2Ftags&post=5715"}],"curies":[{"name":"wp","href":"https:\/\/api.w.org\/{rel}","templated":true}]}}