{"id":5726,"date":"2014-11-28T11:09:43","date_gmt":"2014-11-28T10:09:43","guid":{"rendered":"http:\/\/vozcomoarma.noblogs.org\/?p=5726"},"modified":"2014-11-28T11:11:19","modified_gmt":"2014-11-28T10:11:19","slug":"estado-espanol-italia-convocatorias-en-barcelona-y-milan-en-solidaridad-con-leonard-peltier-y-contra-el-genocidio-de-lxs-nativxs-americanxs","status":"publish","type":"post","link":"https:\/\/vozcomoarma.noblogs.org\/?p=5726","title":{"rendered":"Estado espa\u00f1ol \/ Italia &#8211; Convocatorias en Barcelona y Mil\u00e1n en solidaridad con Leonard Peltier y contra el genocidio de lxs nativxs americanxs"},"content":{"rendered":"<p align=\"JUSTIFY\">Recibo en el correo electr\u00f3nico la siguiente convocatoria, un llamado a dos concentraciones en Barcelona, simult\u00e1neas con una llevada a cabo en Mil\u00e1n, Italia, para reclamar la puesta en libertad inmediata de Leonard Peltier, un nativo americano preso desde hace m\u00e1s de 38 a\u00f1os y acusado sin pruebas por el asesinato de dos agentes del FBI.<\/p>\n<p align=\"JUSTIFY\">Leonard Peltier es hoy en d\u00eda un s\u00edmbolo de la lucha de lxs nativxs americanxs y del apartheid ejercido por el gobierno de Estados Unidos, en un mundo donde las l\u00edneas divisorias impuestas por los poderosos contin\u00faan dividiendo a la humanidad, donde el racismo de los Estados se extiende dentro y fuera de sus l\u00edmites geogr\u00e1ficos, donde mientras Leonard Peltier, Mumia Abu Jamal y otrxs presxs son sepultadxs en vida en las prisiones del hombre blanco occidental, miles de inmigrantes son perseguidxs en las calles de las ciudades por no tener papeles, humilladxs, encarceladxs en CIE&#8217;s (Centros de Internamiento para Extranjeros) y finalmente deportadxs de manera ilegal y en p\u00e9simas condiciones, con la colaboraci\u00f3n de empresas de aerol\u00edneas y de organismos hip\u00f3critas supuestamente ben\u00e9volos como la Cruz Roja, y otrxs muchxs mueren en las fronteras o se ahogan en sus pateras, intentando huir de la miseria que nuestras multinacionales asesinas crean en sus lugares de origen.<\/p>\n<p align=\"JUSTIFY\">Contra el racismo de las instituciones, de la polic\u00eda, de los ej\u00e9rcitos y de las patrullas fronterizas, la lucha es una. \u00a1Solidaridad con Leonard Peltier!, \u00a1abajo las fronteras!<\/p>\n<p align=\"JUSTIFY\">&#8212;&#8212;&#8212;&#8212;&#8212;&#8212;&#8212;&#8212;<\/p>\n<p align=\"JUSTIFY\"><em>El 29 de noviembre se cumplen 150 a\u00f1os de una de las masacres m\u00e1s crueles contra la poblaci\u00f3n nativa de los Estados Unidos de Am\u00e9rica, en los m\u00e1rgenes del r\u00edo Sand Creek, en la cual murieron m\u00e1s de 150 ind\u00edgenas, en su mayor\u00eda mujeres, ni\u00f1xs y ancianxs.<\/em><\/p>\n<p align=\"JUSTIFY\"><em>En memoria de aquellas v\u00edctimas y de todxs lxs ind\u00edgenas que fueron objeto del exterminio y a favor de la memoria y la justicia, el pr\u00f3ximo viernes, 28 de noviembre, las ciudades de Barcelona y Mil\u00e1n (Italia) denunciar\u00e1n aquellos hechos de 1864 y tambi\u00e9n que, todav\u00eda hoy, sigue encarcelado un s\u00edmbolo para los derechos humanos de los pueblos ind\u00edgenas de Am\u00e9rica, Leonard Peltier.<\/em><\/p>\n<p align=\"JUSTIFY\"><em>En dos plazas del barrio de Gr\u00e1cia en Barcelona (Pla\u00e7a del Diamant a las 17:30 y Pla\u00e7a de la Vila de Gr\u00e1cia a las 18:30) y enfrente del consulado norteamericano en Mil\u00e1n, a la misma hora y en conexi\u00f3n radiof\u00f3nica, nos encontraremos para denunciar aquella tr\u00e1gica historia y todas las masacres del \u201chombre blanco\u201d (Wichita, Wounded Knee&#8230;).<\/em><\/p>\n<p align=\"JUSTIFY\"><em>Ser\u00e1 tambi\u00e9n el momento de reclamar la liberaci\u00f3n del activista norteamericano Leonard Peltier, condenado sin pruebas en 1976 por el asesinato de dos agentes del FBI, y conocido como \u201cel Nelson Mandela de los indios de Am\u00e9rica del Norte\u201d. En Barcelona, desde el pasado 6 de febrero, el Comit\u00e9 de Solidaridad por la Libertad de Leonard Peltier protesta cada mes delante del Consulado de los Estados Unidos en Barcelona, reclamando su libertad y la de todxs lxs presxs pol\u00edticxs de Estados Unidos de Am\u00e9rica (Mumia Abu Jamal, lxs MOVE etc&#8230;). El movimiento a favor de su liberaci\u00f3n sigue creciendo, as\u00ed como las peticiones internacionales, que se suman a las ya formuladas por Amnist\u00eda Internacional, Human Rights Watch, Nelson Mandela, Desmond Tutu, el Dalai Lama, Michail Gorbachov, Rigoberta Mench\u00fa, la Madre Teresa de Calcuta, Paul McCartney, Bruce Springsteen, Madonna y millares de personas m\u00e1s de todo el mundo. Hoy s\u00f3lo una firma del presidente Barak Obama puede liberar a Leonard Peltier y soltarlo de una prisi\u00f3n donde fue condenado hasta los 90 a\u00f1os de edad.<\/em><\/p>\n<p align=\"JUSTIFY\"><em>Invitamos a la ciudadan\u00eda a participar en las protestas y a los medios de comunicaci\u00f3n a difundir la permanente injusticia contra las comunidades ind\u00edgenas y contra Leonard Peltier, Mumia Abu Jamal, \u00d3scar L\u00f3pez Rivera y todxs lxs presxs pol\u00edticxs. El pasado 12 de septiembre, Peltier cumpli\u00f3 en la c\u00e1rcel 70 a\u00f1os de edad, y m\u00e1s de 38 a\u00f1os de duro y dolorosa encarcelamiento, por tanto su liberaci\u00f3n se convierte tambi\u00e9n en una cuesti\u00f3n de derechos humanos. Mientras Leonard Peltier y lxs presxs pol\u00edticxs no salgan de la prisi\u00f3n, nadie ser\u00e1 libre.<\/em><\/p>\n<p align=\"JUSTIFY\"><em>Con el esp\u00edritu de Caballo Loco&#8230;<\/em><\/p>\n<p align=\"JUSTIFY\"><em>Comit\u00e9 de Solidaridad por la Libertad de Leonard Peltier.<\/em><\/p>\n<p align=\"JUSTIFY\"><a href=\"https:\/\/vozcomoarma.noblogs.org\/files\/2014\/11\/peltier-grc3a0cia.jpg\"><img loading=\"lazy\" decoding=\"async\" class=\"aligncenter size-full wp-image-5728\" src=\"https:\/\/vozcomoarma.noblogs.org\/files\/2014\/11\/peltier-grc3a0cia.jpg\" alt=\"peltier-grc3a0cia\" width=\"1169\" height=\"827\" srcset=\"https:\/\/vozcomoarma.noblogs.org\/files\/2014\/11\/peltier-grc3a0cia.jpg 1169w, https:\/\/vozcomoarma.noblogs.org\/files\/2014\/11\/peltier-grc3a0cia-300x212.jpg 300w, https:\/\/vozcomoarma.noblogs.org\/files\/2014\/11\/peltier-grc3a0cia-1024x724.jpg 1024w\" sizes=\"auto, (max-width: 1169px) 100vw, 1169px\" \/><\/a> <a href=\"https:\/\/vozcomoarma.noblogs.org\/files\/2014\/11\/peltier-grc3a0cia2.jpg\"><img loading=\"lazy\" decoding=\"async\" class=\"aligncenter size-full wp-image-5729\" src=\"https:\/\/vozcomoarma.noblogs.org\/files\/2014\/11\/peltier-grc3a0cia2.jpg\" alt=\"peltier-grc3a0cia2\" width=\"827\" height=\"1169\" srcset=\"https:\/\/vozcomoarma.noblogs.org\/files\/2014\/11\/peltier-grc3a0cia2.jpg 827w, https:\/\/vozcomoarma.noblogs.org\/files\/2014\/11\/peltier-grc3a0cia2-212x300.jpg 212w, https:\/\/vozcomoarma.noblogs.org\/files\/2014\/11\/peltier-grc3a0cia2-724x1024.jpg 724w\" sizes=\"auto, (max-width: 827px) 100vw, 827px\" \/><\/a><\/p>\n","protected":false},"excerpt":{"rendered":"<p>Recibo en el correo electr\u00f3nico la siguiente convocatoria, un llamado a dos concentraciones en Barcelona, simult\u00e1neas con una llevada a cabo en Mil\u00e1n, Italia, para reclamar la puesta en libertad inmediata de Leonard Peltier, un nativo americano preso desde hace &hellip; <a href=\"https:\/\/vozcomoarma.noblogs.org\/?p=5726\">Sigue leyendo <span class=\"meta-nav\">&rarr;<\/span><\/a><\/p>\n","protected":false},"author":7045,"featured_media":0,"comment_status":"closed","ping_status":"open","sticky":false,"template":"","format":"standard","meta":{"footnotes":""},"categories":[59,192,140,61,9,7],"tags":[107,17,65,16,38,42,34,24,19,11,71],"class_list":["post-5726","post","type-post","status-publish","format-standard","hentry","category-convocatorias","category-leonard-peltier","category-mumia-abu-jamal","category-noticias","category-noticias-y-comunicados","category-presxs","tag-barcelona","tag-carcel","tag-ee-uu","tag-guerra-social","tag-italia","tag-movimientos-sociales","tag-racismo","tag-reflexion","tag-represion","tag-solidaridad","tag-tortura"],"_links":{"self":[{"href":"https:\/\/vozcomoarma.noblogs.org\/index.php?rest_route=\/wp\/v2\/posts\/5726","targetHints":{"allow":["GET"]}}],"collection":[{"href":"https:\/\/vozcomoarma.noblogs.org\/index.php?rest_route=\/wp\/v2\/posts"}],"about":[{"href":"https:\/\/vozcomoarma.noblogs.org\/index.php?rest_route=\/wp\/v2\/types\/post"}],"author":[{"embeddable":true,"href":"https:\/\/vozcomoarma.noblogs.org\/index.php?rest_route=\/wp\/v2\/users\/7045"}],"replies":[{"embeddable":true,"href":"https:\/\/vozcomoarma.noblogs.org\/index.php?rest_route=%2Fwp%2Fv2%2Fcomments&post=5726"}],"version-history":[{"count":3,"href":"https:\/\/vozcomoarma.noblogs.org\/index.php?rest_route=\/wp\/v2\/posts\/5726\/revisions"}],"predecessor-version":[{"id":5731,"href":"https:\/\/vozcomoarma.noblogs.org\/index.php?rest_route=\/wp\/v2\/posts\/5726\/revisions\/5731"}],"wp:attachment":[{"href":"https:\/\/vozcomoarma.noblogs.org\/index.php?rest_route=%2Fwp%2Fv2%2Fmedia&parent=5726"}],"wp:term":[{"taxonomy":"category","embeddable":true,"href":"https:\/\/vozcomoarma.noblogs.org\/index.php?rest_route=%2Fwp%2Fv2%2Fcategories&post=5726"},{"taxonomy":"post_tag","embeddable":true,"href":"https:\/\/vozcomoarma.noblogs.org\/index.php?rest_route=%2Fwp%2Fv2%2Ftags&post=5726"}],"curies":[{"name":"wp","href":"https:\/\/api.w.org\/{rel}","templated":true}]}}