{"id":5733,"date":"2014-11-30T21:01:21","date_gmt":"2014-11-30T20:01:21","guid":{"rendered":"http:\/\/vozcomoarma.noblogs.org\/?p=5733"},"modified":"2016-02-21T06:13:22","modified_gmt":"2016-02-21T05:13:22","slug":"chile-sabotaje-ferroviario-en-talagante-en-memoria-de-sebastian-oversluij-y-por-la-libertad-de-tamara-sol","status":"publish","type":"post","link":"https:\/\/vozcomoarma.noblogs.org\/?p=5733","title":{"rendered":"Chile &#8211; Sabotaje ferroviario en Talagante, en memoria de Sebastian Oversluij y por la libertad de Tamara Sol"},"content":{"rendered":"<p style=\"text-align: justify\">Desde <a href=\"https:\/\/instintosalvaje.noblogs.org\/post\/2014\/11\/30\/talagante-chile-sabotaje-en-memoria-de-sebastian-oversluij-y-por-la-libertad-de-tamara-farias\/\">Instinto Salvaje<\/a> recojo el siguiente comunicado donde se informa de una acci\u00f3n llevada a cabo en Talagante, Chile, en memoria del compa\u00f1ero Sebastian Oversluij y por la libertad de la compa\u00f1era Tamara Sol Farias Vergara.<\/p>\n<p style=\"text-align: justify\">Decir, sin \u00e1nimo alguno de menoscabar la acci\u00f3n o las palabras de lxs compa\u00f1erxs, que pese a que no censurar\u00e9 nada, no me gusta nada el uso del concepto \u00abHijo de puta\u00bb, pues las prostitutas y sus hijxs no tienen la culpa de que determinada escoria se comporte como se comporta.<\/p>\n<p style=\"text-align: justify\">&#8212;&#8212;&#8212;&#8212;&#8212;&#8211;<\/p>\n<p align=\"JUSTIFY\"><em>Mediante este correo electr\u00f3nico reivindicamos un bloqueo de l\u00ednea f\u00e9rrea del tren de carga en la provincia de Talagante (Santiago) el d\u00eda mi\u00e9rcoles 26 de noviembre, el cual ten\u00eda destino a San Antonio (V regi\u00f3n), con grandes rocas y escombros, luego de bloquear la l\u00ednea con una altura considerable, encendimos varios neum\u00e1ticos a unos 50 metros de la barricada construida. Por \u00faltimo dejamos panfletos por nuestro hermano ca\u00eddo en combate Sebasti\u00e1n Oversluij y por la libertad de la compa\u00f1era Tamara Far\u00edas.<\/em><\/p>\n<p align=\"JUSTIFY\"><em>Hoy como otras veces hemos decidido accionar contra una de las tantas herramientas de este sistema de dominaci\u00f3n y explotaci\u00f3n, en esta ocasi\u00f3n un sabotaje que apunta a un sector de esta inmensa maquinaria del capital y el poder, que se refleja en los flujos de la mercanc\u00eda que este sistema transporta a lo largo y ancho de sus ciudades construidas en beneficio de su propia reproducci\u00f3n.<\/em><\/p>\n<p align=\"JUSTIFY\"><em>Con esta acci\u00f3n recordamos al compa\u00f1ero anarquista Sebasti\u00e1n Oversluij, quien decididamente junto con otrxs an\u00f3nimxs decidi\u00f3 expropiar un Banco Estado en la comuna de Pudahuel el d\u00eda 11 de diciembre del a\u00f1o 2013, siendo este asalto frustrado por el bastardo William Vera \u2013este hijo de puta- eligi\u00f3 voluntariamente cuidar los intereses del capital y sin dudar dispar\u00f3 contra nuestro hermano, quien con fiereza desenfund\u00f3 su subametralladora y abri\u00f3 fuego sin titubear, pero lamentablemente los impactos del bastardo fueros certeros, lo que le ocasion\u00f3 la muerte a nuestro hermano -la muerte en combate.-<\/em><\/p>\n<p align=\"JUSTIFY\"><em>Recordamos estos d\u00edas con tristeza y odio, pero no podemos olvidar tu gran arrojo, nosotrxs no olvidamos tus aportes a la lucha an\u00e1rquica. Mantenemos nuestra memoria como un arma y la transformaremos en acci\u00f3n, haremos de la teor\u00eda una pr\u00e1ctica contra el poder en cualquiera de sus formas. Haremos que tus \u00faltimas r\u00e1fagas se conviertan en semilla de insurrecci\u00f3n.<\/em><\/p>\n<p align=\"JUSTIFY\"><em>De esta manera hacemos el llamado al entorno anarquista\/antiautoritario a conmemorar el primer aniversario de la muerte de nuestro compa\u00f1ero con fuego y rebeli\u00f3n, a no olvidar a nuestrxs hermanxs muertxs en combate en el desarrollo de la guerra social, es necesario levantar acciones -de todo tipo- para seguir agudizando el conflicto permanente contra toda autoridad.<\/em><\/p>\n<p align=\"JUSTIFY\"><em>\u201cEntendemos la solidaridad como la constante puesta en pr\u00e1ctica de nuestras ideas anarquistas, en todas sus formas, que hacen entender al enemigo que ac\u00e1 nada termina, que todo sigue en la c\u00e1rcel o en la calle. Desde donde se est\u00e9: ni un minuto de silencio y una vida de combate\u201d.<\/em><\/p>\n<p align=\"JUSTIFY\"><em>M\u00f3nica Caballero, Francisco Solar.<\/em><\/p>\n<p align=\"JUSTIFY\"><em>Saludamos a lxs compa\u00f1erxs que han levantando la instancia de accionar de m\u00faltiples formas en las \u201cSemanas de Agitaci\u00f3n y Solidaridad Anticarcelaria\u201d. En este contexto el sabotaje realizado va tambi\u00e9n para la compa\u00f1era Tamara Far\u00edas, que en la actualidad se enfrenta a una nueva etapa del proceso judicial en su contra, tras acusarla de disparar contra un vigilante de un Banco Estado.<\/em><\/p>\n<p align=\"JUSTIFY\"><em>Desde nuestro c\u00edrculo sabemos que la compa\u00f1era enfrenta con entereza y dignidad la prisi\u00f3n y los pr\u00f3ximos juicios que se avecinan, por eso seguimos con nuestra costumbre de solidarizar desde la acci\u00f3n misma y de m\u00faltiples formas m\u00e1s. Agitamos y conspiramos hasta lograr su libertad y por supuesto la de cada compa\u00f1erx subversivo encarceladx en las mazmorras del Estado\/Capital.<\/em><\/p>\n<p align=\"JUSTIFY\"><em>M\u00e1s all\u00e1 de la acci\u00f3n misma creemos que los ataques y los sabotajes tienen que ir acompa\u00f1ados de un trabajo cotidiano y dedicado, con la intenci\u00f3n de proyectar ideas\/pr\u00e1cticas de liberaci\u00f3n total a las conciencias activas y anarquistas. Esto porque creemos que es necesario que m\u00e1s compa\u00f1erxs afines se sumen a proyectos antag\u00f3nicos al capital, aportando a la lucha subversiva de la forma que se les plazca, por ejemplo en: bibliotecas, actividades, revistas, m\u00edtines, pancartas, lienzos o cualquier otra instancia -la imaginaci\u00f3n no tiene limites- es importante expandir las ideas\/pr\u00e1cticas anarquistas con la intenci\u00f3n de que se repliquen, para de esta forma convertirnos en una real amenaza al Estado\/Capital.<\/em><\/p>\n<p align=\"JUSTIFY\"><em>Teniendo la claridad en estas instancias, es necesario que los proyectos p\u00fablicos y an\u00f3nimxs tengan seguridad, una coordinaci\u00f3n que permita la combinaci\u00f3n de estos para atacar al poder en m\u00faltiples facetas, propagando las ideas revolucionarias y llev\u00e1ndolas a la pr\u00e1ctica en el ataque y en el sabotaje -no nos interesa quedarnos en s\u00f3lo libros.-<\/em><\/p>\n<p align=\"JUSTIFY\"><em>Anteriormente nombramos varios ejemplos como aporte a la lucha subversiva, algo esencial para nosotrxs (que va de la mano) es la solidaridad revolucionaria, creemos que es necesario proyectarla en un apoyo concreto simb\u00f3lico y material con nuestrxs compa\u00f1erxs que se encuentran presxs por accionar en la guerra que ha sido declarada abiertamente contra todo aparato de coerci\u00f3n.<\/em><\/p>\n<p align=\"JUSTIFY\"><em>No podemos dejar solxs a quienes comparten nuestras ideas\/pr\u00e1cticas y que han accionado sin titubear donde lamentablemente por alg\u00fan error o suerte de la polic\u00eda, han ca\u00eddo en la maldita prisi\u00f3n. Pero jam\u00e1s con la cabeza agachada, sino caminando de frente, sonriendo, dignxs, burl\u00e1ndose de la autoridad, manteniendo sus ideas con firmeza y proyect\u00e1ndolas fuera de los muros a quienes siguen en la lucha.<\/em><\/p>\n<p align=\"JUSTIFY\"><em>Para finalizar creemos que cada una de las acciones realizadas son aportes a la lucha anarquista. Levantar proyectos que se mantengan en el tiempo con la intenci\u00f3n de expandir las ideas\/pr\u00e1cticas de liberaci\u00f3n total y la solidaridad revolucionaria con nuestrxs compa\u00f1erxs en prisi\u00f3n, dejando de lado el lenguaje del poder, sin reconocer culpables o inocentes; aquello ser\u00eda la base para la construcci\u00f3n de un entorno cohesionado, que resista los embates del poder y que pueda enfrentarse a \u00e9l de forma firme, sin vacilar, sin arrepentimientos ni excusas en esta guerra declarada encamin\u00e1ndola desde nuestro frente escogido.<\/em><\/p>\n<p align=\"JUSTIFY\"><em>\u00a1\u00a1Solidaridad revolucionaria con Tamara Far\u00edas!!<\/em><\/p>\n<p align=\"JUSTIFY\"><em>\u00a1\u00a1Sebasti\u00e1n Oversluij: Presente en la lucha Anarquista!!<\/em><\/p>\n<p align=\"JUSTIFY\"><em>\u00a1\u00a1Que tu \u00faltima r\u00e1faga se convierta en semilla de insurrecci\u00f3n!!<\/em><\/p>\n<p align=\"JUSTIFY\"><em>Grupo Anarquista Coordinado \u2013 GAC.<\/em><br \/>\n<em>Banda Organizada Mauricio Morales \/ C\u00e9lula Incendiaria Sebasti\u00e1n Oversluij.<\/em><\/p>\n<p align=\"JUSTIFY\"><a href=\"https:\/\/vozcomoarma.noblogs.org\/files\/2014\/11\/tumblr_mheddvzhhp1qigj88o1_500.jpg\"><img loading=\"lazy\" decoding=\"async\" class=\"aligncenter size-full wp-image-5736\" src=\"https:\/\/vozcomoarma.noblogs.org\/files\/2014\/11\/tumblr_mheddvzhhp1qigj88o1_500.jpg\" alt=\"Aullido\" width=\"500\" height=\"750\" srcset=\"https:\/\/vozcomoarma.noblogs.org\/files\/2014\/11\/tumblr_mheddvzhhp1qigj88o1_500.jpg 500w, https:\/\/vozcomoarma.noblogs.org\/files\/2014\/11\/tumblr_mheddvzhhp1qigj88o1_500-200x300.jpg 200w\" sizes=\"auto, (max-width: 500px) 100vw, 500px\" \/><\/a><\/p>\n","protected":false},"excerpt":{"rendered":"<p>Desde Instinto Salvaje recojo el siguiente comunicado donde se informa de una acci\u00f3n llevada a cabo en Talagante, Chile, en memoria del compa\u00f1ero Sebastian Oversluij y por la libertad de la compa\u00f1era Tamara Sol Farias Vergara. Decir, sin \u00e1nimo alguno &hellip; <a href=\"https:\/\/vozcomoarma.noblogs.org\/?p=5733\">Sigue leyendo <span class=\"meta-nav\">&rarr;<\/span><\/a><\/p>\n","protected":false},"author":7045,"featured_media":0,"comment_status":"closed","ping_status":"open","sticky":false,"template":"","format":"standard","meta":{"footnotes":""},"categories":[58,61,9,7,151],"tags":[47,35,16,26,24,19,10,11],"class_list":["post-5733","post","type-post","status-publish","format-standard","hentry","category-acciones","category-noticias","category-noticias-y-comunicados","category-presxs","category-tamara-sol-farias-vergara","tag-anti-desarrollismo","tag-asesinato-de-estado","tag-guerra-social","tag-insurreccionalismo","tag-reflexion","tag-represion","tag-sabotaje","tag-solidaridad"],"_links":{"self":[{"href":"https:\/\/vozcomoarma.noblogs.org\/index.php?rest_route=\/wp\/v2\/posts\/5733","targetHints":{"allow":["GET"]}}],"collection":[{"href":"https:\/\/vozcomoarma.noblogs.org\/index.php?rest_route=\/wp\/v2\/posts"}],"about":[{"href":"https:\/\/vozcomoarma.noblogs.org\/index.php?rest_route=\/wp\/v2\/types\/post"}],"author":[{"embeddable":true,"href":"https:\/\/vozcomoarma.noblogs.org\/index.php?rest_route=\/wp\/v2\/users\/7045"}],"replies":[{"embeddable":true,"href":"https:\/\/vozcomoarma.noblogs.org\/index.php?rest_route=%2Fwp%2Fv2%2Fcomments&post=5733"}],"version-history":[{"count":2,"href":"https:\/\/vozcomoarma.noblogs.org\/index.php?rest_route=\/wp\/v2\/posts\/5733\/revisions"}],"predecessor-version":[{"id":5737,"href":"https:\/\/vozcomoarma.noblogs.org\/index.php?rest_route=\/wp\/v2\/posts\/5733\/revisions\/5737"}],"wp:attachment":[{"href":"https:\/\/vozcomoarma.noblogs.org\/index.php?rest_route=%2Fwp%2Fv2%2Fmedia&parent=5733"}],"wp:term":[{"taxonomy":"category","embeddable":true,"href":"https:\/\/vozcomoarma.noblogs.org\/index.php?rest_route=%2Fwp%2Fv2%2Fcategories&post=5733"},{"taxonomy":"post_tag","embeddable":true,"href":"https:\/\/vozcomoarma.noblogs.org\/index.php?rest_route=%2Fwp%2Fv2%2Ftags&post=5733"}],"curies":[{"name":"wp","href":"https:\/\/api.w.org\/{rel}","templated":true}]}}