{"id":5741,"date":"2014-11-30T22:16:01","date_gmt":"2014-11-30T21:16:01","guid":{"rendered":"http:\/\/vozcomoarma.noblogs.org\/?p=5741"},"modified":"2014-12-05T18:17:45","modified_gmt":"2014-12-05T17:17:45","slug":"grecia-actualizaciones-sobre-los-huelguistas-de-hambre-giannis-michailidis-y-nikos-romanos","status":"publish","type":"post","link":"https:\/\/vozcomoarma.noblogs.org\/?p=5741","title":{"rendered":"Grecia &#8211; Actualizaciones sobre los huelguistas de hambre Giannis Michailidis y Nikos Romanos"},"content":{"rendered":"<p style=\"text-align: justify\">Despu\u00e9s de que el compa Nikos Romanos <a href=\"https:\/\/vozcomoarma.noblogs.org\/?p=5661\">fuese ingresado en el hospital Gennimatas de Atenas<\/a> el pasado 24 de noviembre al empeorar gravemente su salud como consecuencia de la huelga de hambre que mantiene desde el d\u00eda 10 de noviembre para exigir los permisos de salida educativa que le corresponden por derecho desde septiembre pero que la asquerosa instituci\u00f3n penitenciaria le niega, acabo de saber por una noticia publicada en <a href=\"http:\/\/es.contrainfo.espiv.net\/2014\/11\/28\/grecia-actualizacion-sobre-el-huelguista-de-hambre-yannis-michailidis\/\">Contra Info<\/a> que el compa\u00f1ero Giannis Michailidis, co-acusado con el compa\u00f1ero Nikos por el doble atraco en Velventos y actualmente tambi\u00e9n en huelga de hambre desde el d\u00eda 17 de noviembre para apoyar la lucha de Nikos, tambi\u00e9n tuvo que ser hospitalizado al presentar bradicardia (un descenso grave en las pulsaciones del coraz\u00f3n, que comienza cuando bajan de las 60 pulsaciones por minuto). El compa\u00f1ero, en principio, iba a ser llevado al \u00abhospital\u00bb, de nefastas condiciones, que la prisi\u00f3n de Korydallos tiene en su interior, pero tras rechazarlo de manera tajante fue informado de que le trasladar\u00edan finalmente a un hospital fuera del talego. Por lo visto, se encontrar\u00eda en el hospital Tzaneio, en la zona del Pireo.<\/p>\n<p style=\"text-align: justify\">En cuanto a Nikos, permanece ingresado y seg\u00fan otra nota publicada en <a href=\"http:\/\/es.contrainfo.espiv.net\/2014\/11\/28\/atenas-en-peligro-la-vida-del-huelguista-de-hambre-nikos-romanos\/\">Contra Info<\/a>, la m\u00e9dico Lina Vergopoulou visit\u00f3 al compa\u00f1ero el pasado 28 de noviembre e inform\u00f3 de que, tras 19 d\u00edas de huelga de hambre existe un riesgo elevado de que aparezcan complicaciones incontrolables que afecten de forma irreversible a las funciones renal, card\u00edaca y cerebral del compa\u00f1ero. Sin embargo, Nikos ha reafirmado su voluntad de continuar con la huelga de hambre hasta el final, a no ser que le sean concedidos los permisos de salida educativa que le corresponden por derecho desde hace meses, pero que la instituci\u00f3n penitenciaria y los jueces le niegan de manera sistem\u00e1tica como una forma m\u00e1s de tortura y presi\u00f3n.<\/p>\n<p style=\"text-align: justify\">Nikos lleva a d\u00eda de hoy 21 d\u00edas sin ingerir ning\u00fan alimento, neg\u00e1ndose a la alimentaci\u00f3n forzada, consumiendo s\u00f3lo agua, sin recibir l\u00edquidos intravenosos y tampoco tratamiento suplementario con suero.<\/p>\n<p style=\"text-align: justify\">En la calle, la solidaridad contin\u00faa. Siguen a continuaci\u00f3n los comunicados, sacados de Contra Info (<a href=\"http:\/\/es.contrainfo.espiv.net\/2014\/11\/29\/atenas-ataques-solidarios-con-nikos-romanos-y-yannis-michailidis\/\">aqu\u00ed<\/a>, <a href=\"http:\/\/es.contrainfo.espiv.net\/2014\/11\/29\/atenas-gritos-solidarios-con-nikos-romanos\/\">aqu\u00ed<\/a>, <a href=\"http:\/\/es.contrainfo.espiv.net\/2014\/11\/29\/porto-rafti-grecia-pintadas-solidarias-con-el-caotico-nikos-romanos\/\">aqu\u00ed<\/a> y <a href=\"http:\/\/es.contrainfo.espiv.net\/2014\/11\/30\/atenas-oleada-de-ataques-incendiarios-en-solidaridad-con-nikos-romanos\/\">aqu\u00ed<\/a>) de algunos actos de sabotaje y\/o de propaganda dedicados a la lucha de los compa\u00f1eros Giannis y Nikos:<\/p>\n<p style=\"text-align: justify\">&#8212;&#8212;&#8212;&#8212;&#8212;&#8212;&#8212;&#8211;<\/p>\n<p style=\"text-align: justify\"><em>El 23 de noviembre, de madrugada, incendiamos el cajero autom\u00e1tico del Banco del Pireo en la plaza Kanigos (centro de Atenas). Cuatro d\u00edas m\u00e1s tarde, la madrugada del 27 de noviembre dejamos material explosivo en la entrada de una sucursal de ELTA (Servicio Postal Griego), en el barrio de Pefki. Las acciones se realizaron como muestra de solidaridad con los huelguistas de hambre Nikos Romanos y Yannis Michailidis.<\/em><\/p>\n<p style=\"text-align: justify\"><em><a class=\"bbc_link\" href=\"https:\/\/athens.indymedia.org\/post\/1534950\/\" target=\"_blank\">Noches de fuego<\/a><\/em><\/p>\n<p style=\"text-align: justify\"><em>PD.1: \u00a1Nikos y Yannis, fuerza, hasta la libertad!<\/em><\/p>\n<p style=\"text-align: justify\"><em>PD.2: \u00a1La solidaridad contin\u00faa s\u00f3lo a trav\u00e9s de los hechos!<\/em><\/p>\n<p style=\"text-align: justify\">&#8212;&#8212;&#8212;&#8212;&#8212;&#8212;&#8212;&#8211;<\/p>\n<p style=\"text-align: justify\">Pintadas en Porto Rafti:<\/p>\n<p style=\"text-align: justify\"><em>Fuerza a Nikos Romanos, en huelga de hambre desde el 10\/11<\/em><\/p>\n<p style=\"text-align: justify\"><a href=\"https:\/\/vozcomoarma.noblogs.org\/files\/2014\/11\/31.jpg\"><img loading=\"lazy\" decoding=\"async\" class=\"aligncenter size-full wp-image-5742\" src=\"https:\/\/vozcomoarma.noblogs.org\/files\/2014\/11\/31.jpg\" alt=\"31\" width=\"1024\" height=\"709\" srcset=\"https:\/\/vozcomoarma.noblogs.org\/files\/2014\/11\/31.jpg 1024w, https:\/\/vozcomoarma.noblogs.org\/files\/2014\/11\/31-300x207.jpg 300w\" sizes=\"auto, (max-width: 1024px) 100vw, 1024px\" \/><\/a><em>Fuerza al huelguista de hambre Nikos Romanos<\/em><\/p>\n<p style=\"text-align: justify\"><a href=\"https:\/\/vozcomoarma.noblogs.org\/files\/2014\/11\/41.jpg\"><img loading=\"lazy\" decoding=\"async\" class=\"aligncenter size-full wp-image-5743\" src=\"https:\/\/vozcomoarma.noblogs.org\/files\/2014\/11\/41.jpg\" alt=\"4\" width=\"1024\" height=\"626\" srcset=\"https:\/\/vozcomoarma.noblogs.org\/files\/2014\/11\/41.jpg 1024w, https:\/\/vozcomoarma.noblogs.org\/files\/2014\/11\/41-300x183.jpg 300w\" sizes=\"auto, (max-width: 1024px) 100vw, 1024px\" \/><\/a><em>Huelga de hambre hasta la libertad. Fuego y p\u00f3lvora a todas las celdas.<\/em><\/p>\n<p style=\"text-align: justify\"><a href=\"https:\/\/vozcomoarma.noblogs.org\/files\/2014\/11\/5.jpg\"><img loading=\"lazy\" decoding=\"async\" class=\"aligncenter size-full wp-image-5744\" src=\"https:\/\/vozcomoarma.noblogs.org\/files\/2014\/11\/5.jpg\" alt=\"5\" width=\"1024\" height=\"768\" srcset=\"https:\/\/vozcomoarma.noblogs.org\/files\/2014\/11\/5.jpg 1024w, https:\/\/vozcomoarma.noblogs.org\/files\/2014\/11\/5-300x225.jpg 300w\" sizes=\"auto, (max-width: 1024px) 100vw, 1024px\" \/><\/a><em>Nikos Romanos es nuestro hermano. Guerrillero en la c\u00e1rcel, en la calle nuestro compa\u00f1ero.<\/em><\/p>\n<p style=\"text-align: justify\"><a href=\"https:\/\/vozcomoarma.noblogs.org\/files\/2014\/11\/11.jpg\"><img loading=\"lazy\" decoding=\"async\" class=\"aligncenter size-full wp-image-5745\" src=\"https:\/\/vozcomoarma.noblogs.org\/files\/2014\/11\/11.jpg\" alt=\"11\" width=\"1024\" height=\"671\" srcset=\"https:\/\/vozcomoarma.noblogs.org\/files\/2014\/11\/11.jpg 1024w, https:\/\/vozcomoarma.noblogs.org\/files\/2014\/11\/11-300x196.jpg 300w\" sizes=\"auto, (max-width: 1024px) 100vw, 1024px\" \/><\/a><em>Solidaridad significa ataque. Nikos Romanos, en huelga de hambre desde el 10\/11<\/em><\/p>\n<p style=\"text-align: justify\"><a href=\"https:\/\/vozcomoarma.noblogs.org\/files\/2014\/11\/21.jpg\"><img loading=\"lazy\" decoding=\"async\" class=\"aligncenter size-full wp-image-5746\" src=\"https:\/\/vozcomoarma.noblogs.org\/files\/2014\/11\/21.jpg\" alt=\"21\" width=\"1024\" height=\"553\" srcset=\"https:\/\/vozcomoarma.noblogs.org\/files\/2014\/11\/21.jpg 1024w, https:\/\/vozcomoarma.noblogs.org\/files\/2014\/11\/21-300x162.jpg 300w\" sizes=\"auto, (max-width: 1024px) 100vw, 1024px\" \/><\/a>&#8212;&#8212;&#8212;&#8212;&#8212;&#8212;&#8212;&#8211;<\/p>\n<p style=\"text-align: justify\">Atenas &#8211; Oleada de ataques incendiarios<\/p>\n<p style=\"text-align: justify\"><em>\u201cPor lo menos, nosotrxs seguimos siendo tajantes y cabezotas, como lo son la gente de nuestra misma pasta. Y aquellxs de nosotrxs que cerraron con dolor sus ojos y se fueron lejos, permanecen con la mirada pegada a aquel cielo nocturno que mir\u00e1bamos nosotrxs tambi\u00e9n. Y nos ven caer, estrellas bellas y brillantes. Ahora nos toca a nosotrxs, ahora caemos sin vacilar\u2026\u201d<\/em><\/p>\n<p><em> [<a class=\"bbc_link\" href=\"https:\/\/es.contrainfo.espiv.net\/2014\/11\/08\/prisiones-griegas-el-compa-nikos-romanos-se-declara-en-huelga-de-hambre-desde-el-10-de-noviembre\/\" target=\"_blank\">Nikos Romanos<\/a>]<\/em><\/p>\n<p style=\"text-align: justify\"><em>Una bocanada de libertad\u2026 de la asfixiante condici\u00f3n del encierro, una mirada m\u00e1s all\u00e1 de las rejas, una ma\u00f1ana fuera de los muros de hormig\u00f3n.<\/em><\/p>\n<p style=\"text-align: justify\"><em>El anarquista Nikos Romanos est\u00e1 en huelga de hambre desde el 10 de noviembre de 2014, exigiendo que le concedan las salidas educativas de prisi\u00f3n a las que tiene derecho, puesto que ha logrado entrar en una facultad del Instituto de Educaci\u00f3n Tecnol\u00f3gica de Atenas, pero el ministerio de justicia y el consejo de las prisiones de Koridallos se las niegan de manera negativa.<\/em><\/p>\n<p style=\"text-align: justify\"><em>M\u00e1s all\u00e1 de la defensa de la legitimidad, Nikos Romanos usa uno de los pocos medios que tiene a su alcance desde la condici\u00f3n del cautiverio, poniendo su cuerpo como barricada para conseguir un aliento de libertad. La lucha del compa\u00f1ero es la lucha de todxs nosostrxs, por esto <a class=\"bbc_link\" href=\"https:\/\/asirmatista.noblogs.org\/post\/2014\/11\/29\/analipsi-gia-rwmano\/\" target=\"_blank\">mostramos nuestra solidaridad atacando<\/a> los siguientes objetivos:<\/em><\/p>\n<p style=\"text-align: justify\"><em>Un cajero autom\u00e1tico del Banco Nacional en el barrio de Patisia<\/em><\/p>\n<p style=\"text-align: justify\"><em>Un cajero autom\u00e1tico en el barrio de Exarchia<\/em><\/p>\n<p style=\"text-align: justify\"><em>Un cajero autom\u00e1tico en el barrio de Glyfada<\/em><\/p>\n<p style=\"text-align: justify\"><em>Un cajero autom\u00e1tico del Banco del Pireo en el barrio de Marousi<\/em><\/p>\n<p style=\"text-align: justify\"><em>Un cajero autom\u00e1tico de Eurobank en el barrio de Chalandri<\/em><\/p>\n<p style=\"text-align: justify\"><em>Un cajero autom\u00e1tico en el barrio de Kipseli<\/em><\/p>\n<p style=\"text-align: justify\"><em>Un veh\u00edculo de una empresa privada de seguridad en el barrio de Argyroupoli<\/em><\/p>\n<p style=\"text-align: justify\"><em>Un coche de la embajada de Argentina en el barrio de Papagou<\/em><\/p>\n<p style=\"text-align: justify\"><em>Dos coches al servicio de la Prefectura de Atenas en el barrio de Egaleo<\/em><\/p>\n<p style=\"text-align: justify\">&#8212;&#8212;&#8212;&#8212;&#8212;&#8212;&#8212;&#8211;<\/p>\n<p style=\"text-align: justify\">Por \u00faltimo sigue el comunicado de algunxs solidarixs que se reunieron ante el hospital Gennimatas donde est\u00e1 el compa\u00f1ero bajo fuerte custodia, para mostrar su apoyo, el 28 de noviembre. Tambi\u00e9n un v\u00eddeo con el audio de las consignas gritadas por lxs compas all\u00ed reunidxs.<\/p>\n<p style=\"text-align: justify\">&#8212;&#8212;&#8212;&#8212;&#8212;&#8212;&#8212;&#8211;<\/p>\n<p style=\"text-align: justify\"><em>M\u00e1s de 200 personas nos reunimos anoche, del 28 al 29 de noviembre de 2014, a las afueras del hospital Gennimatas, donde est\u00e1 internado el anarquista preso Nikos Romanos, en huelga de hambre desde el 10 de noviembre. Este fue el segundo mitin solidario desde el traslado del compa a Gennimatas.<\/em><\/p>\n<p style=\"text-align: justify\"><em>La convocatoria era para las 23:00 horas, como respuesta inmediata a la noticia del grave empeoramiento de la salud de Nikos. La polic\u00eda hab\u00eda bloqueado con fuerzas motorizadas DELTA la calle desde donde pasamos la \u00faltima vez para llegar a la parte trasera del hospital y tener contacto visual con la habitaci\u00f3n-celda donde se encuentra el compa.<\/em><\/p>\n<p style=\"text-align: justify\"><em>Los cerdos de DELTA ped\u00edan el DNI a varias de las personas que llegaban a las afueras del hospital, adem\u00e1s de registrar sus mochilas. Para evitar la trampa, la mayor\u00eda de lxs solidarixs tuvimos que atravesar el peque\u00f1o parque que se encuentra detr\u00e1s del hospital. Muchas consignas, esta vez m\u00e1s incendiarias y m\u00e1s apasionadas, para transmitir nuestro apoyo a Nikos Romanos. El mitin finalizo a eso de la 1:30 de la madrugada.<\/em><\/p>\n<p style=\"text-align: justify\"><em>Los lemas que se escuchan en el v\u00eddeo son: Nikos fuerza, hasta la libertad \/ El Estado llama malhechores a lxs luchadores, malhechores son los antidisturbios y los secretas \/ Esc\u00fachenlo bien carceleros, manos fuera de lxs luchadorxs \/ Ni en las prisiones de Avlona, ni en las de Domokos, libertad para Nikos Romanos \/ Huelga de hambre por la libertad, fuego y p\u00f3lvora para todas las celdas \/ La pasi\u00f3n por la libertad es m\u00e1s fuerte que todas las celdas \/ Libertad para lxs que est\u00e1n en las celdas \/ Lo justo es del lado de lxs amotinadxs, y no de los chivatos y los arrodillados \/ Nikos fuerza, hasta la libertad<\/em><\/p>\n<p style=\"text-align: justify\"><em>Ma\u00f1ana hay manifestaci\u00f3n motorizada desde los Propileos, en el centro de Atenas, a las 16:00 horas.<\/em><\/p>\n<p style=\"text-align: justify\"><em>SOLIDARIDAD CON NIKOS ROMANOS Y YANNIS MICHAILIDIS<\/em><br \/>\n<em> MUERTE A MADEROS, JUECES Y CARCELEROS<\/em><\/p>\n<p style=\"text-align: center\">[vsw id=\u00bbtiJZJPBqofU\u00bb source=\u00bbyoutube\u00bb width=\u00bb425&#8243; height=\u00bb344&#8243; autoplay=0]<\/p>\n","protected":false},"excerpt":{"rendered":"<p>Despu\u00e9s de que el compa Nikos Romanos fuese ingresado en el hospital Gennimatas de Atenas el pasado 24 de noviembre al empeorar gravemente su salud como consecuencia de la huelga de hambre que mantiene desde el d\u00eda 10 de noviembre &hellip; <a href=\"https:\/\/vozcomoarma.noblogs.org\/?p=5741\">Sigue leyendo <span class=\"meta-nav\">&rarr;<\/span><\/a><\/p>\n","protected":false},"author":7045,"featured_media":0,"comment_status":"closed","ping_status":"open","sticky":false,"template":"","format":"standard","meta":{"footnotes":""},"categories":[58,122,59,61,9,7],"tags":[17,15,16,26,24,19,10,11,71],"class_list":["post-5741","post","type-post","status-publish","format-standard","hentry","category-acciones","category-caso-de-velventos-kozani-grecia","category-convocatorias","category-noticias","category-noticias-y-comunicados","category-presxs","tag-carcel","tag-grecia","tag-guerra-social","tag-insurreccionalismo","tag-reflexion","tag-represion","tag-sabotaje","tag-solidaridad","tag-tortura"],"_links":{"self":[{"href":"https:\/\/vozcomoarma.noblogs.org\/index.php?rest_route=\/wp\/v2\/posts\/5741","targetHints":{"allow":["GET"]}}],"collection":[{"href":"https:\/\/vozcomoarma.noblogs.org\/index.php?rest_route=\/wp\/v2\/posts"}],"about":[{"href":"https:\/\/vozcomoarma.noblogs.org\/index.php?rest_route=\/wp\/v2\/types\/post"}],"author":[{"embeddable":true,"href":"https:\/\/vozcomoarma.noblogs.org\/index.php?rest_route=\/wp\/v2\/users\/7045"}],"replies":[{"embeddable":true,"href":"https:\/\/vozcomoarma.noblogs.org\/index.php?rest_route=%2Fwp%2Fv2%2Fcomments&post=5741"}],"version-history":[{"count":2,"href":"https:\/\/vozcomoarma.noblogs.org\/index.php?rest_route=\/wp\/v2\/posts\/5741\/revisions"}],"predecessor-version":[{"id":5750,"href":"https:\/\/vozcomoarma.noblogs.org\/index.php?rest_route=\/wp\/v2\/posts\/5741\/revisions\/5750"}],"wp:attachment":[{"href":"https:\/\/vozcomoarma.noblogs.org\/index.php?rest_route=%2Fwp%2Fv2%2Fmedia&parent=5741"}],"wp:term":[{"taxonomy":"category","embeddable":true,"href":"https:\/\/vozcomoarma.noblogs.org\/index.php?rest_route=%2Fwp%2Fv2%2Fcategories&post=5741"},{"taxonomy":"post_tag","embeddable":true,"href":"https:\/\/vozcomoarma.noblogs.org\/index.php?rest_route=%2Fwp%2Fv2%2Ftags&post=5741"}],"curies":[{"name":"wp","href":"https:\/\/api.w.org\/{rel}","templated":true}]}}