{"id":5782,"date":"2014-12-07T22:47:45","date_gmt":"2014-12-07T21:47:45","guid":{"rendered":"http:\/\/vozcomoarma.noblogs.org\/?p=5782"},"modified":"2014-12-07T22:50:36","modified_gmt":"2014-12-07T21:50:36","slug":"fanzine-nace-la-gata-negra-publicacion-libertaria-de-sevilla","status":"publish","type":"post","link":"https:\/\/vozcomoarma.noblogs.org\/?p=5782","title":{"rendered":"[Fanzine] Nace \u00abLa gata negra\u00bb, publicaci\u00f3n del Grupo Anarquista Ai Ferri Corti"},"content":{"rendered":"<p style=\"text-align: justify\">Unx de lxs compas editorxs de la presente publicaci\u00f3n comparti\u00f3 recientemente conmigo el primer n\u00famero, que difundo con gusto. \u00c1nimo a lxs compas del Grupo Anarquista Ai Ferri Corti con su nuevo proyectillo.<\/p>\n<p style=\"text-align: justify\">En este primer n\u00famero, se incluyen los siguientes contenidos:<\/p>\n<p style=\"text-align: justify\">&#8212;&#8212;&#8212;&#8212;&#8212;&#8212;&#8212;<\/p>\n<p style=\"text-align: justify\"><em>&#8211; Editorial<br \/>\n&#8211; Actualidad: Sobre la mina de Hambach y la resistencia antiminera en la zona de Rheinland.<br \/>\n&#8211; Reflexi\u00f3n: Sobre las luchas secundarias.<br \/>\n&#8211; Reinventemos nuestro ocio.<br \/>\n&#8211; La domesticaci\u00f3n trajo el problema.<br \/>\n&#8211; Sobre el poliamor.<br \/>\n&#8211; Cl\u00e1sicos: Por qu\u00e9 lxs anarquistas no votan (Elis\u00e9e Reclus).<br \/>\n&#8211; Poes\u00eda: Texto sin nombre.<br \/>\n&#8211; Han matado a un chaval.<br \/>\n&#8211; Hasta siempre compa\u00f1erx<\/em><\/p>\n<p style=\"text-align: justify\">Para descargar o leer online, click <a href=\"https:\/\/vozcomoarma.noblogs.org\/files\/2014\/12\/La-gata-negra-1.pdf\">aqu\u00ed<\/a>.<\/p>\n<p style=\"text-align: justify\"><a href=\"https:\/\/vozcomoarma.noblogs.org\/files\/2014\/12\/ad.png\"><img loading=\"lazy\" decoding=\"async\" class=\"aligncenter size-full wp-image-5783\" src=\"https:\/\/vozcomoarma.noblogs.org\/files\/2014\/12\/ad.png\" alt=\"La Gata Negra 1\" width=\"370\" height=\"518\" srcset=\"https:\/\/vozcomoarma.noblogs.org\/files\/2014\/12\/ad.png 370w, https:\/\/vozcomoarma.noblogs.org\/files\/2014\/12\/ad-214x300.png 214w\" sizes=\"auto, (max-width: 370px) 100vw, 370px\" \/><\/a><\/p>\n","protected":false},"excerpt":{"rendered":"<p>Unx de lxs compas editorxs de la presente publicaci\u00f3n comparti\u00f3 recientemente conmigo el primer n\u00famero, que difundo con gusto. \u00c1nimo a lxs compas del Grupo Anarquista Ai Ferri Corti con su nuevo proyectillo. En este primer n\u00famero, se incluyen los &hellip; <a href=\"https:\/\/vozcomoarma.noblogs.org\/?p=5782\">Sigue leyendo <span class=\"meta-nav\">&rarr;<\/span><\/a><\/p>\n","protected":false},"author":7045,"featured_media":0,"comment_status":"closed","ping_status":"open","sticky":false,"template":"","format":"standard","meta":{"footnotes":""},"categories":[60,61,9,4],"tags":[24],"class_list":["post-5782","post","type-post","status-publish","format-standard","hentry","category-fanzines-y-revistas","category-noticias","category-noticias-y-comunicados","category-publicaciones","tag-reflexion"],"_links":{"self":[{"href":"https:\/\/vozcomoarma.noblogs.org\/index.php?rest_route=\/wp\/v2\/posts\/5782","targetHints":{"allow":["GET"]}}],"collection":[{"href":"https:\/\/vozcomoarma.noblogs.org\/index.php?rest_route=\/wp\/v2\/posts"}],"about":[{"href":"https:\/\/vozcomoarma.noblogs.org\/index.php?rest_route=\/wp\/v2\/types\/post"}],"author":[{"embeddable":true,"href":"https:\/\/vozcomoarma.noblogs.org\/index.php?rest_route=\/wp\/v2\/users\/7045"}],"replies":[{"embeddable":true,"href":"https:\/\/vozcomoarma.noblogs.org\/index.php?rest_route=%2Fwp%2Fv2%2Fcomments&post=5782"}],"version-history":[{"count":4,"href":"https:\/\/vozcomoarma.noblogs.org\/index.php?rest_route=\/wp\/v2\/posts\/5782\/revisions"}],"predecessor-version":[{"id":5788,"href":"https:\/\/vozcomoarma.noblogs.org\/index.php?rest_route=\/wp\/v2\/posts\/5782\/revisions\/5788"}],"wp:attachment":[{"href":"https:\/\/vozcomoarma.noblogs.org\/index.php?rest_route=%2Fwp%2Fv2%2Fmedia&parent=5782"}],"wp:term":[{"taxonomy":"category","embeddable":true,"href":"https:\/\/vozcomoarma.noblogs.org\/index.php?rest_route=%2Fwp%2Fv2%2Fcategories&post=5782"},{"taxonomy":"post_tag","embeddable":true,"href":"https:\/\/vozcomoarma.noblogs.org\/index.php?rest_route=%2Fwp%2Fv2%2Ftags&post=5782"}],"curies":[{"name":"wp","href":"https:\/\/api.w.org\/{rel}","templated":true}]}}