{"id":5793,"date":"2014-12-09T16:38:05","date_gmt":"2014-12-09T15:38:05","guid":{"rendered":"http:\/\/vozcomoarma.noblogs.org\/?p=5793"},"modified":"2014-12-09T17:33:13","modified_gmt":"2014-12-09T16:33:13","slug":"pequena-accion-solidaria-en-pontevedra-galiza-con-nikos-romanos-y-los-demas-huelguistas-de-hambre-solidarios-en-grecia","status":"publish","type":"post","link":"https:\/\/vozcomoarma.noblogs.org\/?p=5793","title":{"rendered":"Peque\u00f1a acci\u00f3n solidaria en Pontevedra (Galiza) con Nikos Romanos y los dem\u00e1s huelguistas de hambre solidarios en Grecia"},"content":{"rendered":"<p style=\"text-align: justify\">Recibo en el correo y reproduzco:<\/p>\n<p style=\"text-align: justify\">&#8212;&#8212;&#8212;&#8212;&#8212;&#8212;<\/p>\n<p style=\"text-align: justify\"><em>Hace unos d\u00edas, algunxs anarquistas de Pontevedra decidimos llevar a cabo una acci\u00f3n solidaria con nuestros compa\u00f1eros en huelga de hambre en las prisiones griegas, Nikos Romanos, Giannis Michailidis, Dimitris Politis y Andreas-Dimitris Bourzourkos.<\/em><\/p>\n<p style=\"text-align: justify\"><em>De ma\u00f1ana, entramos en dos bancos distintos y arrojamos panfletos al aire, que cayeron quedando desperdigados por el suelo, mientras grit\u00e1bamos \u00abEl Estado griego tortura a nuestros compa\u00f1eros\u00bb, \u00abSolidaridad con la huelga de hambre de Nikos Romanos\u00bb y \u00abViva la anarqu\u00eda\u00bb. En los panfletos se inclu\u00eda el siguiente texto:<\/em><\/p>\n<p style=\"text-align: justify\"><strong><em>Nuestro compa\u00f1ero y hermano Nikos Romanos, anarquista preso en Grecia, lleva en huelga de hambre desde el 10 de noviembre para exigir que le concedan los permisos de salida educativa para poder asistir a clases fuera de prisi\u00f3n, a las que accedi\u00f3 mediante unos ex\u00e1menes aprobados en septiembre, en la c\u00e1rcel. Dichos permisos le son negados sistem\u00e1ticamente por la administraci\u00f3n y los jueces, pese a que de acuerdo a la ley vigente le corresponden por derecho.<\/em><\/strong><\/p>\n<p style=\"text-align: justify\"><strong><em>El pasado 24 de noviembre tuvo que ser hospitalizado y su salud se encuentra en grave peligro, pero nuestro compa\u00f1ero aguanta y est\u00e1 decidido a continuar. Nosotrxs, en la distancia, s\u00f3lo podemos solidarizarnos, difundir su situaci\u00f3n y presionar a nuestra manera para sumar apoyos y visibilizar su lucha.<\/em><\/strong><\/p>\n<p style=\"text-align: justify\"><strong><em>Porque en la lejan\u00eda vemos las mismas estrellas que \u00e9l observa cada noche tras las rejas, y como \u00e9l, sonre\u00edmos, tomamos aliento y seguimos adelante, en esta lucha sin cuartel contra un mundo que nos rompi\u00f3 todos los sue\u00f1os, llen\u00e1ndolos de carencias y sombras que hacen de ellos grises pesadillas. Un mundo al que le estamos perdiendo el miedo&#8230;<\/em><\/strong><\/p>\n<p style=\"text-align: justify\"><strong><em>CUMPLIMIENTO INMEDIATO DE LAS EXIGENCIAS DE NUESTRO HERMANO NIKOS ROMANOS.<br \/>\n\u00a1TODO CONTIN\u00daA!<\/em><\/strong><\/p>\n<p style=\"text-align: justify\"><em>Para terminar, queremos dejar bien claro que si a Nikos le pasa algo, la pr\u00f3xima vez no seremos tan benevolentes ni nuestra acci\u00f3n se conformar\u00e1 con hacer un poco de ru\u00eddo&#8230;<\/em><\/p>\n<p style=\"text-align: justify\"><a href=\"https:\/\/vozcomoarma.noblogs.org\/files\/2014\/12\/\u00e7fxz.jpg\"><img loading=\"lazy\" decoding=\"async\" class=\"aligncenter size-full wp-image-5794\" src=\"https:\/\/vozcomoarma.noblogs.org\/files\/2014\/12\/\u00e7fxz.jpg\" alt=\"Soli Nikos\" width=\"3664\" height=\"2748\" srcset=\"https:\/\/vozcomoarma.noblogs.org\/files\/2014\/12\/\u00e7fxz.jpg 3664w, https:\/\/vozcomoarma.noblogs.org\/files\/2014\/12\/\u00e7fxz-300x225.jpg 300w, https:\/\/vozcomoarma.noblogs.org\/files\/2014\/12\/\u00e7fxz-1024x768.jpg 1024w\" sizes=\"auto, (max-width: 3664px) 100vw, 3664px\" \/><\/a><\/p>\n","protected":false},"excerpt":{"rendered":"<p>Recibo en el correo y reproduzco: &#8212;&#8212;&#8212;&#8212;&#8212;&#8212; Hace unos d\u00edas, algunxs anarquistas de Pontevedra decidimos llevar a cabo una acci\u00f3n solidaria con nuestros compa\u00f1eros en huelga de hambre en las prisiones griegas, Nikos Romanos, Giannis Michailidis, Dimitris Politis y Andreas-Dimitris &hellip; <a href=\"https:\/\/vozcomoarma.noblogs.org\/?p=5793\">Sigue leyendo <span class=\"meta-nav\">&rarr;<\/span><\/a><\/p>\n","protected":false},"author":7045,"featured_media":0,"comment_status":"closed","ping_status":"open","sticky":false,"template":"","format":"standard","meta":{"footnotes":""},"categories":[58,122,61,9,7],"tags":[17,18,15,16,24,19,11,71],"class_list":["post-5793","post","type-post","status-publish","format-standard","hentry","category-acciones","category-caso-de-velventos-kozani-grecia","category-noticias","category-noticias-y-comunicados","category-presxs","tag-carcel","tag-galicia","tag-grecia","tag-guerra-social","tag-reflexion","tag-represion","tag-solidaridad","tag-tortura"],"_links":{"self":[{"href":"https:\/\/vozcomoarma.noblogs.org\/index.php?rest_route=\/wp\/v2\/posts\/5793","targetHints":{"allow":["GET"]}}],"collection":[{"href":"https:\/\/vozcomoarma.noblogs.org\/index.php?rest_route=\/wp\/v2\/posts"}],"about":[{"href":"https:\/\/vozcomoarma.noblogs.org\/index.php?rest_route=\/wp\/v2\/types\/post"}],"author":[{"embeddable":true,"href":"https:\/\/vozcomoarma.noblogs.org\/index.php?rest_route=\/wp\/v2\/users\/7045"}],"replies":[{"embeddable":true,"href":"https:\/\/vozcomoarma.noblogs.org\/index.php?rest_route=%2Fwp%2Fv2%2Fcomments&post=5793"}],"version-history":[{"count":2,"href":"https:\/\/vozcomoarma.noblogs.org\/index.php?rest_route=\/wp\/v2\/posts\/5793\/revisions"}],"predecessor-version":[{"id":5811,"href":"https:\/\/vozcomoarma.noblogs.org\/index.php?rest_route=\/wp\/v2\/posts\/5793\/revisions\/5811"}],"wp:attachment":[{"href":"https:\/\/vozcomoarma.noblogs.org\/index.php?rest_route=%2Fwp%2Fv2%2Fmedia&parent=5793"}],"wp:term":[{"taxonomy":"category","embeddable":true,"href":"https:\/\/vozcomoarma.noblogs.org\/index.php?rest_route=%2Fwp%2Fv2%2Fcategories&post=5793"},{"taxonomy":"post_tag","embeddable":true,"href":"https:\/\/vozcomoarma.noblogs.org\/index.php?rest_route=%2Fwp%2Fv2%2Ftags&post=5793"}],"curies":[{"name":"wp","href":"https:\/\/api.w.org\/{rel}","templated":true}]}}