{"id":5841,"date":"2014-12-18T13:35:00","date_gmt":"2014-12-18T12:35:00","guid":{"rendered":"http:\/\/vozcomoarma.noblogs.org\/?p=5841"},"modified":"2014-12-20T01:01:39","modified_gmt":"2014-12-20T00:01:39","slug":"5841","status":"publish","type":"post","link":"https:\/\/vozcomoarma.noblogs.org\/?p=5841","title":{"rendered":"Cr\u00f3nica de la solidaridad desde Madrid con lxs detenidxs de la Op. Pandora"},"content":{"rendered":"<p style=\"text-align: justify\">A continuaci\u00f3n, dejo una cr\u00f3nica de la protesta solidaria que se llev\u00f3 a cabo en Madrid a \u00faltima hora de la tarde del martes en solidaridad con lxs compas detenidas en la Operaci\u00f3n Pandora, una nueva macro-redada policial que, ordenada y coordinada desde la Audiencia Nacional en Madrid, termin\u00f3 con 15 nuevxs compa\u00f1erxs acusadxs.<\/p>\n<p style=\"text-align: justify\">&#8212;&#8212;&#8212;&#8212;-<\/p>\n<p style=\"text-align: justify\"><em>Ayer, 16 de diciembre de 2014, el Estado dio un nuevo golpe represivo al entorno anarquista en Barcelona y Madrid, efectuando, tras una dura redada que comenz\u00f3 a las 5 de la madrugada, y asalt\u00f3 varias viviendas particulares y espacios anarquistas, hasta 15 detenciones, 14 de ellas en la ciudad catalana y la restante aqu\u00ed, en la capital del Imperio. Todas las personas que han ca\u00eddo son acusadas, por la polic\u00eda y en los medios de comunicaci\u00f3n (que ejercen, sin prueba alguna, de jueces, conden\u00e1ndoles antes del juicio ante el resto de la poblaci\u00f3n) de integrar una presunta organizaci\u00f3n terrorista de car\u00e1cter anarquista, la cual habr\u00eda colocado una serie de artefactos explosivos. En ning\u00fan momento se informa de cu\u00e1l es esa \u201corganizaci\u00f3n\u201d ni de qu\u00e9 tipo de artefactos us\u00f3, ni de los objetivos atacados, ni de las fechas de dichos atentados (si es que realmente ocurrieron, pues lo cierto es que hace bastante tiempo del \u00faltimo ataque explosivo reivindicado por anarquistas en el Estado espa\u00f1ol, y hay actualmente dos compa\u00f1erxs encarceladxs acusadxs de ello, mientras que otrxs 3 fueron sobrese\u00eddxs por falta de pruebas). Simplemente, se se\u00f1ala a una serie de personas como \u201cterroristas anarquistas\u201d, sin mayor detalle.<\/em><\/p>\n<p style=\"text-align: justify\"><em>Frente a tan ingrata noticia, varias convocatorias de urgencia son difundidas r\u00e1pidamente por redes sociales y webs militantes, en distintas zonas del Estado espa\u00f1ol.<\/em><\/p>\n<p style=\"text-align: justify\"><em>En Madrid, el llamado era a una concentraci\u00f3n en la Plaza de Tirso de Molina a las 20:00. Las expectativas no eran demasiado altas, y cre\u00edamos que ser\u00eda el habitual acto simb\u00f3lico de repulsa, una pancarta, algunos panfletos y a casa. La respuesta, sin embargo, sorprendi\u00f3 a muchxs, incluidx yo mismx. Montones de personas se fueron reuniendo en la plaza, y el n\u00famero aumentaba por momentos. Tras un rato all\u00ed, se decide, frente a la nula presencia policial, marchar en manifestaci\u00f3n espont\u00e1nea, enfilando en direcci\u00f3n a La Latina, donde se coge a la derecha y se avanza por varias calles del centro en direcci\u00f3n a la Plaza Mayor. Por el camino, alguna pintada en cristales (utilizando rotuladores POSCA), consignas contra la polic\u00eda, el Estado, el Capital, las c\u00e1rceles, y a favor de la revuelta y la desobediencia, dejaban perplejos a muchxs peatones que, espectadores no s\u00f3lo de la mani, sino tambi\u00e9n de sus propias vidas, nos observaban desde la acera. Alguna muestra de apoyo, e incluso algunas personas que se unen al bloque.<\/em><\/p>\n<p style=\"text-align: justify\"><em>La manifestaci\u00f3n llega a Plaza Mayor tras subir la cuesta que lleva hasta all\u00ed en una actitud euf\u00f3rica. Quer\u00edamos m\u00e1s, y la protesta se dirige por \u00d3pera, pasando por el Corte Ingl\u00e9s (repleto de consumidorxs) y luego entra en Gran V\u00eda. Hasta este momento, la polic\u00eda continuaba sin hacer aparici\u00f3n, exceptuando un par de agentes que nos segu\u00edan en moto a una distancia prudente. En Gran V\u00eda, se ocupa la carretera, contin\u00faan las consignas y los \u00e1nimos caldeados, y tambi\u00e9n hace aparici\u00f3n la primera lechera antidisturbios.<\/em><\/p>\n<p style=\"text-align: justify\"><em>Los maderos bajan pero frente a la multitud empoderada que tienen delante, se piensan bastante el cargar. Para evitar un choque con ellos, se tuerce en direcci\u00f3n Fuencarral, donde se produce un peque\u00f1o altercado cuando algunas cajas de cart\u00f3n, contenedores, vallas y otros objetos son cruzados en medio de la calle, mientras se insulta y reta a los maderos. Corremos y callejeamos por los callejones hasta que volvemos a Gran V\u00eda, donde, en la acera de enfrente, se producen finalmente cargas policiales simult\u00e1neas, que dividen a la gente en una hu\u00edda en desbandada.<\/em><\/p>\n<p style=\"text-align: justify\"><em>Finalmente, la jornada se salda con 3 nuevas detenciones. 2 personas fueron interceptadas por antidisturbios cerca de Sol, mientras que una tercera persona habr\u00eda sido arrestada por un grupo de estupas de la Brigada de Informaci\u00f3n.<\/em><\/p>\n<p style=\"text-align: justify\"><em>Lo de ayer fue, a pesar de lamentar 3 nuevos arrestos (en principio, y que sepamos, acusadxs de des\u00f3rdenes p\u00fablicos), una respuesta abrumadora, inesperada, que super\u00f3 las expectativas reuniendo en las calles de Madrid a un gran n\u00famero de compa\u00f1erxs, demostrando que cuando unimos nuestras fuerzas y no permitimos que las miserias del gueto nos nublen la vista, adquirimos una fuerza y un potencial tremendos. Posiblemente, pudimos haber sido m\u00e1s combativas. No se atacaron los s\u00edmbolos del poder capitalista y estatal que nos encontramos por el camino (sucursales bancarias, tiendas de grandes firmas de moda, restaurantes como Mc Donald\u2019s o Starbucks, el Corte Ingl\u00e9s\u2026) ni tampoco se produjeron enfrentamientos con los que, una vez m\u00e1s, han encerrado, con la ayuda de sus colaboradores, profesionales embusteros de los medios burgueses, a 15 compa\u00f1erxs. Podr\u00edamos haber llegado m\u00e1s lejos, pero las circunstancias fueron diferentes y lo que a muchxs se nos queda en la memoria es que desbordamos los m\u00e1rgenes fijados por el Estado, marchamos sin permiso por las calles m\u00e1s c\u00e9ntricas y comerciales de Madrid, rompimos el silencio y gritamos bien alto y claro que no nos dejaremos amedrentar por la represi\u00f3n, y que en un mundo donde el miedo es la herramienta principal utilizada por los poderosos para desactivar cualquier posible resistencia surgida en respuesta a su invivible status-quo, es necesario replantearse las estrategias, pensando en hasta d\u00f3nde queremos llegar, haciendo de la solidaridad un arma real, y sobre todo zanjar de una vez por todas las rencillas rid\u00edculas que nos enfrentan y separan, alej\u00e1ndonos del camino hacia la conquista de una vida plena, en libertad, donde el apoyo mutuo, la solidaridad, la sinceridad y las relaciones libres y verdaderamente horizontales sean la di\u00e1spora a la que se dirija la traves\u00eda de nuestros d\u00edas, sobre los escombros y cenizas de este mundo horrible que ya no queremos soportar m\u00e1s, y que para entonces s\u00f3lo habr\u00e1 de ser un mal recuerdo.<\/em><\/p>\n<p style=\"text-align: justify\"><em>Un saludo a todxs lxs que ayer estuvieron presentes en las calles, en Madrid, Barcelona y en todas partes.<\/em><\/p>\n<p style=\"text-align: justify\"><em>Solidaridad con lxs detenidxs, y con lxs compa\u00f1erxs entre rejas.<\/em><\/p>\n<p style=\"text-align: justify\"><em>Hab\u00e9is abierto la caja de Pandora, y lo de ayer es s\u00f3lo el comienzo. Todo contin\u00faa\u2026<\/em><\/p>\n<p style=\"text-align: justify\"><em>\u00a1VIVA LA ANARQU\u00cdA!<\/em><\/p>\n<p style=\"text-align: justify\"><em>PD: A todxs lxs gilipollas que ayer durante la mani nos sacaron fotos o nos grabaron en v\u00eddeo con sus tel\u00e9fonos, sus tablets y otros dispositivos. No nos gustan las c\u00e1maras, as\u00ed que cuidado, no sea que un d\u00eda se nos acabe la paciencia y rompamos las vuestras. Os lo advertimos, estamos hartxs de vosotrxs y de vuestro morbo. En las calles ya hay demasiada vigilancia como para aun por encima soportar a paparazzis amateur. Ah, y si aun por encima de hacernos fotos sin nuestro consentimiento, las sub\u00eds a Internet para presumir de ellas en vuestros perfiles de redes sociales, al menos tapad las caras porque as\u00ed s\u00f3lo le hac\u00e9is el trabajo sucio a la polic\u00eda facilitando detenciones.<\/em><\/p>\n<p style=\"text-align: justify\"><em>Algunxs solidarixs rebeldes.<\/em><\/p>\n<p style=\"text-align: justify\"><em>Desde las entra\u00f1as de una bestia llamada Madrid. 17 de diciembre de 2014.<\/em><\/p>\n<p style=\"text-align: center\"><em>[vsw id=\u00bb-HaJmsqAQOg\u00bb source=\u00bbyoutube\u00bb width=\u00bb425&#8243; height=\u00bb344&#8243; autoplay=0]<\/em><\/p>\n","protected":false},"excerpt":{"rendered":"<p>A continuaci\u00f3n, dejo una cr\u00f3nica de la protesta solidaria que se llev\u00f3 a cabo en Madrid a \u00faltima hora de la tarde del martes en solidaridad con lxs compas detenidas en la Operaci\u00f3n Pandora, una nueva macro-redada policial que, ordenada &hellip; <a href=\"https:\/\/vozcomoarma.noblogs.org\/?p=5841\">Sigue leyendo <span class=\"meta-nav\">&rarr;<\/span><\/a><\/p>\n","protected":false},"author":7045,"featured_media":0,"comment_status":"closed","ping_status":"open","sticky":false,"template":"","format":"standard","meta":{"footnotes":""},"categories":[58,61,9,7,193],"tags":[107,48,21,16,42,24,19,11],"class_list":["post-5841","post","type-post","status-publish","format-standard","hentry","category-acciones","category-noticias","category-noticias-y-comunicados","category-presxs","category-presxs-16-d-barna-y-madrid","tag-barcelona","tag-cataluna","tag-disturbios","tag-guerra-social","tag-movimientos-sociales","tag-reflexion","tag-represion","tag-solidaridad"],"_links":{"self":[{"href":"https:\/\/vozcomoarma.noblogs.org\/index.php?rest_route=\/wp\/v2\/posts\/5841","targetHints":{"allow":["GET"]}}],"collection":[{"href":"https:\/\/vozcomoarma.noblogs.org\/index.php?rest_route=\/wp\/v2\/posts"}],"about":[{"href":"https:\/\/vozcomoarma.noblogs.org\/index.php?rest_route=\/wp\/v2\/types\/post"}],"author":[{"embeddable":true,"href":"https:\/\/vozcomoarma.noblogs.org\/index.php?rest_route=\/wp\/v2\/users\/7045"}],"replies":[{"embeddable":true,"href":"https:\/\/vozcomoarma.noblogs.org\/index.php?rest_route=%2Fwp%2Fv2%2Fcomments&post=5841"}],"version-history":[{"count":7,"href":"https:\/\/vozcomoarma.noblogs.org\/index.php?rest_route=\/wp\/v2\/posts\/5841\/revisions"}],"predecessor-version":[{"id":5849,"href":"https:\/\/vozcomoarma.noblogs.org\/index.php?rest_route=\/wp\/v2\/posts\/5841\/revisions\/5849"}],"wp:attachment":[{"href":"https:\/\/vozcomoarma.noblogs.org\/index.php?rest_route=%2Fwp%2Fv2%2Fmedia&parent=5841"}],"wp:term":[{"taxonomy":"category","embeddable":true,"href":"https:\/\/vozcomoarma.noblogs.org\/index.php?rest_route=%2Fwp%2Fv2%2Fcategories&post=5841"},{"taxonomy":"post_tag","embeddable":true,"href":"https:\/\/vozcomoarma.noblogs.org\/index.php?rest_route=%2Fwp%2Fv2%2Ftags&post=5841"}],"curies":[{"name":"wp","href":"https:\/\/api.w.org\/{rel}","templated":true}]}}