{"id":588,"date":"2013-08-24T21:32:36","date_gmt":"2013-08-24T19:32:36","guid":{"rendered":"http:\/\/vozcomoarma.noblogs.org\/?p=588"},"modified":"2013-08-24T21:34:54","modified_gmt":"2013-08-24T19:34:54","slug":"588","status":"publish","type":"post","link":"https:\/\/vozcomoarma.noblogs.org\/?p=588","title":{"rendered":"[Fanzine] Entrevista de lxs compas de Contrainfo a lxs compa\u00f1erxs de CCF encarceladxs en Grecia."},"content":{"rendered":"<p style=\"text-align: justify\">Dejo a continuaci\u00f3n el fanzine que contiene la entrevista realizada por compas de Contrainfo en Grecia a lxs miembros presxs de la Conspiraci\u00f3n de las C\u00e9lulas de Fuego. En \u00e9l se invita a lxs compa\u00f1erxs a aportar sus puntos de vista y reflexiones sobre temas como la okupaci\u00f3n, la importancia de la lucha armada, la no-relaci\u00f3n con izquierdistas dentro de la lucha antifascista integrando esa lucha dentro de una lucha antiautoritaria mucho m\u00e1s amplia, su opini\u00f3n acerca de la supuesta afinidad que todx presx se supone que tiene con las ideas anarquistas o rebeldes (nada m\u00e1s lejos de la realidad, tristemente) etc\u00e9tera.<\/p>\n<p>\u00a1Difundid! Lee online \/ descarga haciendo click <a href=\"http:\/\/es.contrainfo.espiv.net\/files\/2013\/08\/entrevista_es.pdf\">aqu\u00ed<\/a>.<a href=\"https:\/\/vozcomoarma.noblogs.org\/files\/2013\/08\/Sin-t\u00edtulo.jpg\"><img loading=\"lazy\" decoding=\"async\" class=\"size-medium wp-image-589 aligncenter\" alt=\"Entrevista CCF Contrainfo portada\" src=\"https:\/\/vozcomoarma.noblogs.org\/files\/2013\/08\/Sin-t\u00edtulo-214x300.jpg\" width=\"273\" height=\"382\" srcset=\"https:\/\/vozcomoarma.noblogs.org\/files\/2013\/08\/Sin-t\u00edtulo-214x300.jpg 214w, https:\/\/vozcomoarma.noblogs.org\/files\/2013\/08\/Sin-t\u00edtulo.jpg 388w\" sizes=\"auto, (max-width: 273px) 100vw, 273px\" \/><\/a><\/p>\n","protected":false},"excerpt":{"rendered":"<p>Dejo a continuaci\u00f3n el fanzine que contiene la entrevista realizada por compas de Contrainfo en Grecia a lxs miembros presxs de la Conspiraci\u00f3n de las C\u00e9lulas de Fuego. En \u00e9l se invita a lxs compa\u00f1erxs a aportar sus puntos de &hellip; <a href=\"https:\/\/vozcomoarma.noblogs.org\/?p=588\">Sigue leyendo <span class=\"meta-nav\">&rarr;<\/span><\/a><\/p>\n","protected":false},"author":7045,"featured_media":0,"comment_status":"closed","ping_status":"open","sticky":false,"template":"","format":"standard","meta":{"footnotes":""},"categories":[81,60,9,7,33,4],"tags":[15,16,26,24,11],"class_list":["post-588","post","type-post","status-publish","format-standard","hentry","category-entrevistas","category-fanzines-y-revistas","category-noticias-y-comunicados","category-presxs","category-presxs-de-la-conspiracion-de-celulas-del-fuego-presxs","category-publicaciones","tag-grecia","tag-guerra-social","tag-insurreccionalismo","tag-reflexion","tag-solidaridad"],"_links":{"self":[{"href":"https:\/\/vozcomoarma.noblogs.org\/index.php?rest_route=\/wp\/v2\/posts\/588","targetHints":{"allow":["GET"]}}],"collection":[{"href":"https:\/\/vozcomoarma.noblogs.org\/index.php?rest_route=\/wp\/v2\/posts"}],"about":[{"href":"https:\/\/vozcomoarma.noblogs.org\/index.php?rest_route=\/wp\/v2\/types\/post"}],"author":[{"embeddable":true,"href":"https:\/\/vozcomoarma.noblogs.org\/index.php?rest_route=\/wp\/v2\/users\/7045"}],"replies":[{"embeddable":true,"href":"https:\/\/vozcomoarma.noblogs.org\/index.php?rest_route=%2Fwp%2Fv2%2Fcomments&post=588"}],"version-history":[{"count":3,"href":"https:\/\/vozcomoarma.noblogs.org\/index.php?rest_route=\/wp\/v2\/posts\/588\/revisions"}],"predecessor-version":[{"id":591,"href":"https:\/\/vozcomoarma.noblogs.org\/index.php?rest_route=\/wp\/v2\/posts\/588\/revisions\/591"}],"wp:attachment":[{"href":"https:\/\/vozcomoarma.noblogs.org\/index.php?rest_route=%2Fwp%2Fv2%2Fmedia&parent=588"}],"wp:term":[{"taxonomy":"category","embeddable":true,"href":"https:\/\/vozcomoarma.noblogs.org\/index.php?rest_route=%2Fwp%2Fv2%2Fcategories&post=588"},{"taxonomy":"post_tag","embeddable":true,"href":"https:\/\/vozcomoarma.noblogs.org\/index.php?rest_route=%2Fwp%2Fv2%2Ftags&post=588"}],"curies":[{"name":"wp","href":"https:\/\/api.w.org\/{rel}","templated":true}]}}