{"id":5887,"date":"2014-12-25T18:34:27","date_gmt":"2014-12-25T17:34:27","guid":{"rendered":"http:\/\/vozcomoarma.noblogs.org\/?p=5887"},"modified":"2014-12-25T18:42:02","modified_gmt":"2014-12-25T17:42:02","slug":"cenadores-veganos-y-punto-de-informacion-y-encuentro-todos-los-viernes-en-el-ateneo-anarquista-de-poble-sec-barcelona","status":"publish","type":"post","link":"https:\/\/vozcomoarma.noblogs.org\/?p=5887","title":{"rendered":"Cenadores veganos y punto de informaci\u00f3n y encuentro &#8211; Todos los viernes en el Ateneo Anarquista de Poble Sec (Barcelona)"},"content":{"rendered":"<p lang=\"zxx\" style=\"text-align: justify\">Recibo en el correo del blog y difundo a continuaci\u00f3n la siguiente convocatoria, que anuncia la realizaci\u00f3n de cenadores veganos y puntos de encuentro en el Ateneo Anarquista de Poble, situado en el n\u00famero 86 de la calle Creu de Molers, en este barrio barcelon\u00e9s.<\/p>\n<p lang=\"zxx\" style=\"text-align: justify\">&#8212;&#8212;&#8212;&#8212;&#8212;&#8212;&#8212;&#8212;&#8212;<\/p>\n<p lang=\"zxx\" style=\"text-align: justify\"><em>Como muchxs de vosotrxs sabr\u00e9is, el martes pasado, 16 de diciembre, el aparato represor del Estado va a asaltar diversas casas y locales anarquistas, llev\u00e1ndose a 11 compa\u00f1erxs, hermanxs y amigxs acusadxs de pertenecer a una supuesta organizaci\u00f3n terrorista&#8230; Despu\u00e9s del circo jur\u00eddico-medi\u00e1tico del arsenal antiterrorista que ya conocemos, 4 de ellxs fueron dejadxs en \u00ablibertad\u00bb con cargos y otrxs 7 entraron en prisi\u00f3n preventiva, sum\u00e1ndose a la lista de compa\u00f1erxs secuestradxs en las prisiones del mundo.<\/em><\/p>\n<p lang=\"zxx\" style=\"text-align: justify\"><em><span lang=\"zxx\">Es por esta raz\u00f3n que, aparte de muchas otras cosas, cada viernes, desde las 19 horas, el Ateneo Anarquista de Poble Sec abrir\u00e1 sus puertas como punto de informaci\u00f3n y de encuentro, y tambi\u00e9n habr\u00e1 cenador vegano.<\/span><\/em><\/p>\n<p lang=\"zxx\" style=\"text-align: justify\"><em><span lang=\"zxx\">Ahora m\u00e1s que nunca hemos de ser fuertes, permanecer unidxs, no agachar la cabeza y luchar hasta que nuestrxs compa\u00f1erxs est\u00e9n con nosotrxs de nuevo. No dejaremos que se salgan con la suya, no tenemos miedo, \u00a1\u00a1sus golpes lo \u00fanico que hacen es volvernos m\u00e1s fuertes!!<\/span><\/em><\/p>\n<p lang=\"zxx\" style=\"text-align: justify\"><em><span lang=\"zxx\">\u00a1Hasta destruir la \u00faltima de las jaulas!<br \/>\n<\/span><span lang=\"zxx\">\u00a1En solidaridad, con todo el amor y la rabia!<\/span><\/em><\/p>\n<p lang=\"zxx\" style=\"text-align: justify\"><em><span lang=\"zxx\">Algunxs Anarquistas de Poble Sec.<\/span><\/em><a href=\"https:\/\/vozcomoarma.noblogs.org\/files\/2014\/12\/cartel_divendres.jpg\"><img loading=\"lazy\" decoding=\"async\" class=\"aligncenter size-full wp-image-5889\" src=\"https:\/\/vozcomoarma.noblogs.org\/files\/2014\/12\/cartel_divendres.jpg\" alt=\"Cartel viernes\" width=\"2480\" height=\"3508\" srcset=\"https:\/\/vozcomoarma.noblogs.org\/files\/2014\/12\/cartel_divendres.jpg 2480w, https:\/\/vozcomoarma.noblogs.org\/files\/2014\/12\/cartel_divendres-212x300.jpg 212w, https:\/\/vozcomoarma.noblogs.org\/files\/2014\/12\/cartel_divendres-723x1024.jpg 723w\" sizes=\"auto, (max-width: 2480px) 100vw, 2480px\" \/><\/a><\/p>\n","protected":false},"excerpt":{"rendered":"<p>Recibo en el correo del blog y difundo a continuaci\u00f3n la siguiente convocatoria, que anuncia la realizaci\u00f3n de cenadores veganos y puntos de encuentro en el Ateneo Anarquista de Poble, situado en el n\u00famero 86 de la calle Creu de &hellip; <a href=\"https:\/\/vozcomoarma.noblogs.org\/?p=5887\">Sigue leyendo <span class=\"meta-nav\">&rarr;<\/span><\/a><\/p>\n","protected":false},"author":7045,"featured_media":0,"comment_status":"closed","ping_status":"open","sticky":false,"template":"","format":"standard","meta":{"footnotes":""},"categories":[59,61,9,7,193],"tags":[107,48,16,67,42,24,19,11],"class_list":["post-5887","post","type-post","status-publish","format-standard","hentry","category-convocatorias","category-noticias","category-noticias-y-comunicados","category-presxs","category-presxs-16-d-barna-y-madrid","tag-barcelona","tag-cataluna","tag-guerra-social","tag-madrid","tag-movimientos-sociales","tag-reflexion","tag-represion","tag-solidaridad"],"_links":{"self":[{"href":"https:\/\/vozcomoarma.noblogs.org\/index.php?rest_route=\/wp\/v2\/posts\/5887","targetHints":{"allow":["GET"]}}],"collection":[{"href":"https:\/\/vozcomoarma.noblogs.org\/index.php?rest_route=\/wp\/v2\/posts"}],"about":[{"href":"https:\/\/vozcomoarma.noblogs.org\/index.php?rest_route=\/wp\/v2\/types\/post"}],"author":[{"embeddable":true,"href":"https:\/\/vozcomoarma.noblogs.org\/index.php?rest_route=\/wp\/v2\/users\/7045"}],"replies":[{"embeddable":true,"href":"https:\/\/vozcomoarma.noblogs.org\/index.php?rest_route=%2Fwp%2Fv2%2Fcomments&post=5887"}],"version-history":[{"count":4,"href":"https:\/\/vozcomoarma.noblogs.org\/index.php?rest_route=\/wp\/v2\/posts\/5887\/revisions"}],"predecessor-version":[{"id":5893,"href":"https:\/\/vozcomoarma.noblogs.org\/index.php?rest_route=\/wp\/v2\/posts\/5887\/revisions\/5893"}],"wp:attachment":[{"href":"https:\/\/vozcomoarma.noblogs.org\/index.php?rest_route=%2Fwp%2Fv2%2Fmedia&parent=5887"}],"wp:term":[{"taxonomy":"category","embeddable":true,"href":"https:\/\/vozcomoarma.noblogs.org\/index.php?rest_route=%2Fwp%2Fv2%2Fcategories&post=5887"},{"taxonomy":"post_tag","embeddable":true,"href":"https:\/\/vozcomoarma.noblogs.org\/index.php?rest_route=%2Fwp%2Fv2%2Ftags&post=5887"}],"curies":[{"name":"wp","href":"https:\/\/api.w.org\/{rel}","templated":true}]}}