{"id":5892,"date":"2014-12-25T18:51:06","date_gmt":"2014-12-25T17:51:06","guid":{"rendered":"http:\/\/vozcomoarma.noblogs.org\/?p=5892"},"modified":"2014-12-25T18:53:53","modified_gmt":"2014-12-25T17:53:53","slug":"chile-atacan-con-molotovs-brigada-de-homicidios-de-la-policia-de-investigaciones","status":"publish","type":"post","link":"https:\/\/vozcomoarma.noblogs.org\/?p=5892","title":{"rendered":"Chile &#8211; Atacan con molotovs Brigada de Homicidios de la Polic\u00eda de Investigaciones"},"content":{"rendered":"<p lang=\"zxx\" align=\"JUSTIFY\">Recibo en el correo electr\u00f3nico el presente art\u00edculo, enviado por lxs compas de Noticias de la Guerra Social, acerca del ataque llevado a cabo el 24 de noviembre a mediod\u00eda, cuando un grupo de encapuchadxs desconocidxs bloque\u00f3 las salidas de unas oficinas de la Brigada de Homicidios de la Polic\u00eda de Investigaciones, y tras eso arroj\u00f3 c\u00f3cteles molotov por la ventana, adem\u00e1s de atacar e incendiar veh\u00edculos all\u00ed estacionados.<\/p>\n<p lang=\"zxx\" align=\"JUSTIFY\">Cuando los maderos lograron abrir la puerta, lxs incontroladxs ya se hab\u00edan replegado, aunque los maderos comenzaron a disp\u00e0rar munici\u00f3n real (en Chile por lo visto tienen el gatillo f\u00e1cil, pues no es la primera vez que responden a tiros) en direcci\u00f3n a una universidad cercana donde, sospechan, se hab\u00edan refugiado lxs asaltantes. De hecho, m\u00e1s adelante se produjo una redada en dicha facultad donde, presuntamente, los maderos habr\u00edan encontrado alg\u00fan material usado en el ataque. Yo pregunto, al margen de que les hubiesen atacado el cuartel \u00bfemprenderla a tiros a mediod\u00eda en una zona universitaria no es terrorismo?<\/p>\n<p lang=\"zxx\" align=\"JUSTIFY\">Hasta ahora no se han efectuado detenciones relacionadas con este hecho.<\/p>\n<p style=\"text-align: justify\">Lo que sigue a continuaci\u00f3n, vuelvo a aclarar, no es una reivindicaci\u00f3n. Es una noticia. En la zona no se hallaron panfletos, pancartas ni otros materiales reivindicativos, ni tampoco hay constancia, al menos por el momento, de que el ataque fuese asumido por ning\u00fan grupo.<\/p>\n<p lang=\"zxx\" align=\"JUSTIFY\">&#8212;&#8212;&#8212;&#8212;&#8212;&#8212;&#8212;<\/p>\n<p lang=\"zxx\" align=\"JUSTIFY\"><em>El 24 noviembre del 2014, cerca de las 13:30 Hrs distintos encapuchados cubiertos con overoles blancos avanzan sigilosamente hasta las puertas de la Brigada de Homicidios de la Polic\u00eda de Investigaciones, ubicada en calle Condell a escasas cuadras de la Universidad Academia de Humanismo Cristiano.<\/em><\/p>\n<p lang=\"zxx\" align=\"JUSTIFY\"><em>Una vez en los accesos al cuartel, instalan cadenas y candados bloqueando los accesos, para luego lanzar bombas molotov en su interior e incendiar un auto particular de un detective que se encontraba en la entrada de la guarida de investigaciones.<\/em><\/p>\n<p lang=\"zxx\" align=\"JUSTIFY\"><em>El ataque fue grabado circunstancialmente por una oficina vecina al lugar del ataque mostrando lo r\u00e1pido y directo de la arremetida incendiaria, sin que la polic\u00eda alcanzara a responder ni abrir las cadenas y candados.<\/em><\/p>\n<p lang=\"zxx\" align=\"JUSTIFY\"><em>Tras escapar los encapuchados \u2013presumiblemente al interior de la UAHC- los represores consiguen romper los candados en conjunto con el Equipo de Reacci\u00f3n T\u00e1ctica comenzando a disparar a mansalva al interior de la Universidad y contra quien se cruzara en los deseos de venganza y torpe respuesta represiva.<\/em><\/p>\n<p lang=\"zxx\" align=\"JUSTIFY\"><em>El ataque culmin\u00f3 con tres polic\u00edas heridos, un auto con p\u00e9rdida total y dos autos institucionales incendiados al interior del cuartel sin ning\u00fan detenido.<\/em><\/p>\n<p lang=\"zxx\" align=\"JUSTIFY\"><em>R\u00e1pidamente la represi\u00f3n consigue la orden y allana la Universidad llev\u00e1ndose distinto material que le pareciese \u201cinteresante\u201d o relacionado con el ataque. Seg\u00fan la fiscal\u00eda, habr\u00edan encontrado parte de los overoles usados en el ataque, adem\u00e1s de restos de cabello que seg\u00fan versiones policiales habr\u00eda sido de una de las atacantes que accidentalmente se quemo el cabello.<\/em><\/p>\n<p lang=\"zxx\" align=\"JUSTIFY\"><em>R\u00e1pidamente las reacciones de distintos miembros del poder no se hicieron esperar y fue el propio jefe de la atacada Brigada de Homicidio, Prefecto Sergio Claramunt quien se\u00f1alaba: \u201cEl ataque tiene un nivel de preparaci\u00f3n que no hemos visto antes (\u2026) No hemos tenido un ataque m\u00e1s grave que este. Es el m\u00e1s grave porque tambi\u00e9n hay una premeditaci\u00f3n, est\u00e1 preparado todo esto\u201d siendo apoyado por distintos parlamentarios que exig\u00edan a gritos la aplicaci\u00f3n de la ley antiterrorista en las querellas por el ataque incendiario.<\/em><\/p>\n<p lang=\"zxx\" align=\"JUSTIFY\"><em>Finalmente el fiscal Ricardo Jara, decidi\u00f3 utilizar la figura de porte de artefacto incendiario, agresiones e incendio, mientras que desde el Ministerio del Interior se decidi\u00f3 aplicar la Ley de Seguridad Interior del Estado, descartando la utilizaci\u00f3n \u201cpor ahora\u201d de la ley antiterrorista en este caso.<\/em><\/p>\n<p lang=\"zxx\" align=\"JUSTIFY\"><em>Vale la pena recordar que en septiembre del 2009, un grupo de encapuchados se enfrento a la polic\u00eda de investigaciones repeliendo un intento de detenci\u00f3n por parte de los represores, culminando con un gran enfrentamiento de c\u00f3cteles molotov contra balas policiales. Horas despu\u00e9s los compa\u00f1eros Pablo Carvajal y Mat\u00edas Castro son detenidos y tras pasar meses en la c\u00e1rcel consiguen salir a la calle. <a href=\"http:\/\/liberaciontotal.lahaine.org\/?p=2603\" target=\"_blank\">http:\/\/liberaciontotal.lahaine.org\/?p=2603<\/a><\/em><\/p>\n<p lang=\"zxx\" align=\"JUSTIFY\"><em>Aprovech\u00e1ndose del ambiente represivo y la histeria antiterrorista, el miserable Alejandro Pe\u00f1a \u2013ex fiscal \u201cantiterrorista\u201d, actual abogado defensor de narcotraficantes polic\u00edas- se refiri\u00f3 al ataque incendiario, se\u00f1alando que al interior de la Universidad existe gente dedicada a \u201ccaptar gente joven para usarlos como arma directa en contra del Estado (\u2026) Una cosa es la docencia y otra las personas que se aprovechan de estas circunstancias para hacer un polo atractivo para formar grupos antisist\u00e9micos (\u2026) Ingresan como profesores, ayudantes, que lo \u00fanico que hacen es captar gente joven para usarlos como arma directa en contra del Estado. A lo largo de varias investigaciones, siempre hay un punto en que llegamos a gente que se junta en torno a ese centro (\u2026.) Algunas personas que estudian o son de las redes de la Universidad, no es la primera vez que se ven envueltas en este tipo de sucesos. Las autoridades de educaci\u00f3n deber\u00edan revisar las mallas y planes de estudio(\u2026) estos espacios son apropiados por grupos insurreccionales que buscan hacerle la guerra al Estado(\u2026) qu\u00e9 est\u00e1 pasando en este centro universitario, al margen de la malla y los profesores, porque es sintom\u00e1tico que ese sirve de centro de reuni\u00f3n para otros fines distintos a la formaci\u00f3n acad\u00e9mica (\u2026) Estamos ante sujetos de alta peligrosidad con conocimientos en t\u00e9cnicas paramilitares\u201d.<\/em><\/p>\n<p lang=\"zxx\" align=\"JUSTIFY\"><em>Semanas despu\u00e9s del ataque y con una voz triunfante, el jefe de las nuevas \u201cFuerzas de Tarea de Delitos Complejos\u201d (unidad creada recientemente para investigar los \u201cdelitos\u201d relacionados con la violencia an\u00e1rquica), subprefecto Jos\u00e9 Luis L\u00f3pez se\u00f1alo: \u201cEn el mediano plazo vamos a tener buenos resultados\u00bb, sintiendo dichoso de la principal herramienta de la represi\u00f3n: La Colaboraci\u00f3n de estudiantes y vecinos del sector; el polic\u00eda termina la declaraci\u00f3n se\u00f1alando: \u00abHay colaboraci\u00f3n. Todos los ciudadanos de este pa\u00eds tratan de colaborar. Hay un mejor \u00e1nimo de resolver este delito y estamos en eso\u00bb.<\/em><\/p>\n<p lang=\"zxx\" align=\"JUSTIFY\"><em>Hasta el momento ning\u00fan grupo ha reivindicado el ataque, sin encontrarse lienzos ni panfletos en el lugar.<\/em><\/p>\n<p lang=\"zxx\" align=\"JUSTIFY\"><a href=\"https:\/\/vozcomoarma.noblogs.org\/files\/2014\/12\/llego-la-guerra-social.jpg\"><img loading=\"lazy\" decoding=\"async\" class=\"aligncenter size-full wp-image-5894\" src=\"https:\/\/vozcomoarma.noblogs.org\/files\/2014\/12\/llego-la-guerra-social.jpg\" alt=\"Molo pdi\" width=\"178\" height=\"407\" srcset=\"https:\/\/vozcomoarma.noblogs.org\/files\/2014\/12\/llego-la-guerra-social.jpg 178w, https:\/\/vozcomoarma.noblogs.org\/files\/2014\/12\/llego-la-guerra-social-131x300.jpg 131w\" sizes=\"auto, (max-width: 178px) 100vw, 178px\" \/><\/a><\/p>\n","protected":false},"excerpt":{"rendered":"<p>Recibo en el correo electr\u00f3nico el presente art\u00edculo, enviado por lxs compas de Noticias de la Guerra Social, acerca del ataque llevado a cabo el 24 de noviembre a mediod\u00eda, cuando un grupo de encapuchadxs desconocidxs bloque\u00f3 las salidas de &hellip; <a href=\"https:\/\/vozcomoarma.noblogs.org\/?p=5892\">Sigue leyendo <span class=\"meta-nav\">&rarr;<\/span><\/a><\/p>\n","protected":false},"author":7045,"featured_media":0,"comment_status":"closed","ping_status":"open","sticky":false,"template":"","format":"standard","meta":{"footnotes":""},"categories":[58,61,9],"tags":[78,21,16,24,19,10],"class_list":["post-5892","post","type-post","status-publish","format-standard","hentry","category-acciones","category-noticias","category-noticias-y-comunicados","tag-chile","tag-disturbios","tag-guerra-social","tag-reflexion","tag-represion","tag-sabotaje"],"_links":{"self":[{"href":"https:\/\/vozcomoarma.noblogs.org\/index.php?rest_route=\/wp\/v2\/posts\/5892","targetHints":{"allow":["GET"]}}],"collection":[{"href":"https:\/\/vozcomoarma.noblogs.org\/index.php?rest_route=\/wp\/v2\/posts"}],"about":[{"href":"https:\/\/vozcomoarma.noblogs.org\/index.php?rest_route=\/wp\/v2\/types\/post"}],"author":[{"embeddable":true,"href":"https:\/\/vozcomoarma.noblogs.org\/index.php?rest_route=\/wp\/v2\/users\/7045"}],"replies":[{"embeddable":true,"href":"https:\/\/vozcomoarma.noblogs.org\/index.php?rest_route=%2Fwp%2Fv2%2Fcomments&post=5892"}],"version-history":[{"count":4,"href":"https:\/\/vozcomoarma.noblogs.org\/index.php?rest_route=\/wp\/v2\/posts\/5892\/revisions"}],"predecessor-version":[{"id":5898,"href":"https:\/\/vozcomoarma.noblogs.org\/index.php?rest_route=\/wp\/v2\/posts\/5892\/revisions\/5898"}],"wp:attachment":[{"href":"https:\/\/vozcomoarma.noblogs.org\/index.php?rest_route=%2Fwp%2Fv2%2Fmedia&parent=5892"}],"wp:term":[{"taxonomy":"category","embeddable":true,"href":"https:\/\/vozcomoarma.noblogs.org\/index.php?rest_route=%2Fwp%2Fv2%2Fcategories&post=5892"},{"taxonomy":"post_tag","embeddable":true,"href":"https:\/\/vozcomoarma.noblogs.org\/index.php?rest_route=%2Fwp%2Fv2%2Ftags&post=5892"}],"curies":[{"name":"wp","href":"https:\/\/api.w.org\/{rel}","templated":true}]}}