{"id":5903,"date":"2014-12-25T19:49:17","date_gmt":"2014-12-25T18:49:17","guid":{"rendered":"http:\/\/vozcomoarma.noblogs.org\/?p=5903"},"modified":"2014-12-27T18:07:24","modified_gmt":"2014-12-27T17:07:24","slug":"detenidxs-3-companerxs-en-mataro-por-intentar-interrumpir-la-emision-de-radio-mataro-para-leer-un-comunicado-solidario","status":"publish","type":"post","link":"https:\/\/vozcomoarma.noblogs.org\/?p=5903","title":{"rendered":"Detenidxs 3 compa\u00f1erxs en Matar\u00f3 por intentar interrumpir la emisi\u00f3n de Radio Matar\u00f3 para leer un comunicado solidario"},"content":{"rendered":"<p style=\"text-align: justify\">Una noticia de la prensa burguesa que me fue enviada al correo por un\/a colaborador\/a an\u00f3nimx (buscad vosotrxs la noticia, no voy a enlazar al medio que la public\u00f3), inform\u00f3 de la detenci\u00f3n, ayer mi\u00e9rcoles 24 de diciembre, de al menos 3 compa\u00f1erxs en los estudios de Radio Matar\u00f3, cuya programaci\u00f3n intentaron interrumpir lxs compas junto a otrxs (ya retiradxs cuando lleg\u00f3 la madera) para leer un comunicado en directo en apoyo a lxs represaliadxs en la Op. Pandora y en contra de la Ley Mordaza.<\/p>\n<p style=\"text-align: justify\">Una periodista y el t\u00e9cnico se encararon con lxs compa\u00f1erxs y les impidieron llevar a cabo la acci\u00f3n, adem\u00e1s de avisar a la poli local. \u00c9sto es s\u00f3lo una prueba m\u00e1s de la complicidad existente entre lxs periodistas de los medios burgueses y la polic\u00eda. No sois m\u00e1s que escoria, ya os escond\u00e1is bajo una placa y un uniforme, o bajo la pluma que us\u00e1is para escribir vuestras sucias mentiras (o mejor dicho, las mentiras que la poli os entrega para publicar).<\/p>\n<p style=\"text-align: justify\">Lxs compa\u00f1erxs se enfrentar\u00edan ahora a cargos por \u00abviolaci\u00f3n de domicilio de persona jur\u00eddica\u00bb.<\/p>\n<p style=\"text-align: justify\">\u00a1Fuerza a lxs 3 compas detenidxs en Matar\u00f3!<br \/>\n\u00a1Solidaridad con lxs detenidxs de la Op. Pandora y con quienes tambi\u00e9n han sufrido la venganza del Estado por mostrar su apoyo!<\/p>\n","protected":false},"excerpt":{"rendered":"<p>Una noticia de la prensa burguesa que me fue enviada al correo por un\/a colaborador\/a an\u00f3nimx (buscad vosotrxs la noticia, no voy a enlazar al medio que la public\u00f3), inform\u00f3 de la detenci\u00f3n, ayer mi\u00e9rcoles 24 de diciembre, de al &hellip; <a href=\"https:\/\/vozcomoarma.noblogs.org\/?p=5903\">Sigue leyendo <span class=\"meta-nav\">&rarr;<\/span><\/a><\/p>\n","protected":false},"author":7045,"featured_media":0,"comment_status":"closed","ping_status":"open","sticky":false,"template":"","format":"standard","meta":{"footnotes":""},"categories":[58,61,9],"tags":[48,16,24,19,11],"class_list":["post-5903","post","type-post","status-publish","format-standard","hentry","category-acciones","category-noticias","category-noticias-y-comunicados","tag-cataluna","tag-guerra-social","tag-reflexion","tag-represion","tag-solidaridad"],"_links":{"self":[{"href":"https:\/\/vozcomoarma.noblogs.org\/index.php?rest_route=\/wp\/v2\/posts\/5903","targetHints":{"allow":["GET"]}}],"collection":[{"href":"https:\/\/vozcomoarma.noblogs.org\/index.php?rest_route=\/wp\/v2\/posts"}],"about":[{"href":"https:\/\/vozcomoarma.noblogs.org\/index.php?rest_route=\/wp\/v2\/types\/post"}],"author":[{"embeddable":true,"href":"https:\/\/vozcomoarma.noblogs.org\/index.php?rest_route=\/wp\/v2\/users\/7045"}],"replies":[{"embeddable":true,"href":"https:\/\/vozcomoarma.noblogs.org\/index.php?rest_route=%2Fwp%2Fv2%2Fcomments&post=5903"}],"version-history":[{"count":4,"href":"https:\/\/vozcomoarma.noblogs.org\/index.php?rest_route=\/wp\/v2\/posts\/5903\/revisions"}],"predecessor-version":[{"id":5914,"href":"https:\/\/vozcomoarma.noblogs.org\/index.php?rest_route=\/wp\/v2\/posts\/5903\/revisions\/5914"}],"wp:attachment":[{"href":"https:\/\/vozcomoarma.noblogs.org\/index.php?rest_route=%2Fwp%2Fv2%2Fmedia&parent=5903"}],"wp:term":[{"taxonomy":"category","embeddable":true,"href":"https:\/\/vozcomoarma.noblogs.org\/index.php?rest_route=%2Fwp%2Fv2%2Fcategories&post=5903"},{"taxonomy":"post_tag","embeddable":true,"href":"https:\/\/vozcomoarma.noblogs.org\/index.php?rest_route=%2Fwp%2Fv2%2Ftags&post=5903"}],"curies":[{"name":"wp","href":"https:\/\/api.w.org\/{rel}","templated":true}]}}