{"id":5948,"date":"2014-12-28T06:30:33","date_gmt":"2014-12-28T05:30:33","guid":{"rendered":"http:\/\/vozcomoarma.noblogs.org\/?p=5948"},"modified":"2014-12-28T06:29:49","modified_gmt":"2014-12-28T05:29:49","slug":"lisboa-concentracion-solidaria-con-lxs-compas-de-la-op-pandora","status":"publish","type":"post","link":"https:\/\/vozcomoarma.noblogs.org\/?p=5948","title":{"rendered":"Lisboa &#8211; Concentraci\u00f3n solidaria con lxs compas de la Op. Pandora"},"content":{"rendered":"<p style=\"text-align: justify\">En Lisboa tambi\u00e9n se hace notar la solidaridad con lxs detenidxs de la Operaci\u00f3n Pandora, y para el pr\u00f3ximo d\u00eda 29 de diciembre se ha convocado una concentraci\u00f3n frente a la Embajada espa\u00f1ola a las 18:00. Dejo a continuaci\u00f3n cartel con la informaci\u00f3n, recibido en el correo electr\u00f3nico:<\/p>\n<p style=\"text-align: justify\"><a href=\"https:\/\/vozcomoarma.noblogs.org\/files\/2014\/12\/conc.jpg\"><img loading=\"lazy\" decoding=\"async\" class=\"aligncenter size-full wp-image-5949\" src=\"https:\/\/vozcomoarma.noblogs.org\/files\/2014\/12\/conc.jpg\" alt=\"Lisboa Soli Pandora\" width=\"674\" height=\"674\" srcset=\"https:\/\/vozcomoarma.noblogs.org\/files\/2014\/12\/conc.jpg 674w, https:\/\/vozcomoarma.noblogs.org\/files\/2014\/12\/conc-300x300.jpg 300w\" sizes=\"auto, (max-width: 674px) 100vw, 674px\" \/><\/a><\/p>\n","protected":false},"excerpt":{"rendered":"<p>En Lisboa tambi\u00e9n se hace notar la solidaridad con lxs detenidxs de la Operaci\u00f3n Pandora, y para el pr\u00f3ximo d\u00eda 29 de diciembre se ha convocado una concentraci\u00f3n frente a la Embajada espa\u00f1ola a las 18:00. Dejo a continuaci\u00f3n cartel &hellip; <a href=\"https:\/\/vozcomoarma.noblogs.org\/?p=5948\">Sigue leyendo <span class=\"meta-nav\">&rarr;<\/span><\/a><\/p>\n","protected":false},"author":7045,"featured_media":0,"comment_status":"closed","ping_status":"open","sticky":false,"template":"","format":"standard","meta":{"footnotes":""},"categories":[59,61,9,7,193],"tags":[107,48,16,67,130,19,11],"class_list":["post-5948","post","type-post","status-publish","format-standard","hentry","category-convocatorias","category-noticias","category-noticias-y-comunicados","category-presxs","category-presxs-16-d-barna-y-madrid","tag-barcelona","tag-cataluna","tag-guerra-social","tag-madrid","tag-portugal","tag-represion","tag-solidaridad"],"_links":{"self":[{"href":"https:\/\/vozcomoarma.noblogs.org\/index.php?rest_route=\/wp\/v2\/posts\/5948","targetHints":{"allow":["GET"]}}],"collection":[{"href":"https:\/\/vozcomoarma.noblogs.org\/index.php?rest_route=\/wp\/v2\/posts"}],"about":[{"href":"https:\/\/vozcomoarma.noblogs.org\/index.php?rest_route=\/wp\/v2\/types\/post"}],"author":[{"embeddable":true,"href":"https:\/\/vozcomoarma.noblogs.org\/index.php?rest_route=\/wp\/v2\/users\/7045"}],"replies":[{"embeddable":true,"href":"https:\/\/vozcomoarma.noblogs.org\/index.php?rest_route=%2Fwp%2Fv2%2Fcomments&post=5948"}],"version-history":[{"count":1,"href":"https:\/\/vozcomoarma.noblogs.org\/index.php?rest_route=\/wp\/v2\/posts\/5948\/revisions"}],"predecessor-version":[{"id":5959,"href":"https:\/\/vozcomoarma.noblogs.org\/index.php?rest_route=\/wp\/v2\/posts\/5948\/revisions\/5959"}],"wp:attachment":[{"href":"https:\/\/vozcomoarma.noblogs.org\/index.php?rest_route=%2Fwp%2Fv2%2Fmedia&parent=5948"}],"wp:term":[{"taxonomy":"category","embeddable":true,"href":"https:\/\/vozcomoarma.noblogs.org\/index.php?rest_route=%2Fwp%2Fv2%2Fcategories&post=5948"},{"taxonomy":"post_tag","embeddable":true,"href":"https:\/\/vozcomoarma.noblogs.org\/index.php?rest_route=%2Fwp%2Fv2%2Ftags&post=5948"}],"curies":[{"name":"wp","href":"https:\/\/api.w.org\/{rel}","templated":true}]}}