{"id":6000,"date":"2014-12-28T06:26:10","date_gmt":"2014-12-28T05:26:10","guid":{"rendered":"http:\/\/vozcomoarma.noblogs.org\/?p=6000"},"modified":"2014-12-28T06:26:10","modified_gmt":"2014-12-28T05:26:10","slug":"marcha-a-la-carcel-de-navalcarnero-madrid","status":"publish","type":"post","link":"https:\/\/vozcomoarma.noblogs.org\/?p=6000","title":{"rendered":"Marcha a la c\u00e1rcel de Navalcarnero (Madrid)"},"content":{"rendered":"<p style=\"text-align: justify\">Recibo en el correo electr\u00f3nico un cartel anunciando la convocatoria para una marcha a la prisi\u00f3n de Navalcarnero el pr\u00f3ximo d\u00eda 31 de diciembre, fecha de fin de a\u00f1o. Ser\u00e1 el mi\u00e9rcoles 31 de diciembre, por lo tanto, a las 12:00 de la ma\u00f1ana.<\/p>\n<p style=\"text-align: justify\">Porque no hay que olvidarse de quienes no pueden pasar estas fechas de supuesta alegr\u00eda con sus allegadxs, familiares y\/o amigxs porque est\u00e1n secuestradxs en las c\u00e1rceles del poder, vertederos donde se arroja todo lo que \u00absobra\u00bb dentro de la sociedad, bien porque el\/la individux pone en evidencia las contradicciones de dicha sociedad luchando contra ellas o bien porque, marginadx por dichas contradicciones, act\u00faa de manera sancionada por las leyes hip\u00f3critas del Estado:<\/p>\n<p><a href=\"https:\/\/vozcomoarma.noblogs.org\/files\/2014\/12\/cartel.jpg\"><img loading=\"lazy\" decoding=\"async\" class=\"aligncenter size-full wp-image-6001\" src=\"https:\/\/vozcomoarma.noblogs.org\/files\/2014\/12\/cartel.jpg\" alt=\"Navalcarnero Marcha\" width=\"3508\" height=\"4961\" srcset=\"https:\/\/vozcomoarma.noblogs.org\/files\/2014\/12\/cartel.jpg 3508w, https:\/\/vozcomoarma.noblogs.org\/files\/2014\/12\/cartel-212x300.jpg 212w, https:\/\/vozcomoarma.noblogs.org\/files\/2014\/12\/cartel-724x1024.jpg 724w\" sizes=\"auto, (max-width: 3508px) 100vw, 3508px\" \/><\/a><\/p>\n","protected":false},"excerpt":{"rendered":"<p>Recibo en el correo electr\u00f3nico un cartel anunciando la convocatoria para una marcha a la prisi\u00f3n de Navalcarnero el pr\u00f3ximo d\u00eda 31 de diciembre, fecha de fin de a\u00f1o. Ser\u00e1 el mi\u00e9rcoles 31 de diciembre, por lo tanto, a las &hellip; <a href=\"https:\/\/vozcomoarma.noblogs.org\/?p=6000\">Sigue leyendo <span class=\"meta-nav\">&rarr;<\/span><\/a><\/p>\n","protected":false},"author":7045,"featured_media":0,"comment_status":"closed","ping_status":"open","sticky":false,"template":"","format":"standard","meta":{"footnotes":""},"categories":[59,61,9],"tags":[17,16,67,11],"class_list":["post-6000","post","type-post","status-publish","format-standard","hentry","category-convocatorias","category-noticias","category-noticias-y-comunicados","tag-carcel","tag-guerra-social","tag-madrid","tag-solidaridad"],"_links":{"self":[{"href":"https:\/\/vozcomoarma.noblogs.org\/index.php?rest_route=\/wp\/v2\/posts\/6000","targetHints":{"allow":["GET"]}}],"collection":[{"href":"https:\/\/vozcomoarma.noblogs.org\/index.php?rest_route=\/wp\/v2\/posts"}],"about":[{"href":"https:\/\/vozcomoarma.noblogs.org\/index.php?rest_route=\/wp\/v2\/types\/post"}],"author":[{"embeddable":true,"href":"https:\/\/vozcomoarma.noblogs.org\/index.php?rest_route=\/wp\/v2\/users\/7045"}],"replies":[{"embeddable":true,"href":"https:\/\/vozcomoarma.noblogs.org\/index.php?rest_route=%2Fwp%2Fv2%2Fcomments&post=6000"}],"version-history":[{"count":1,"href":"https:\/\/vozcomoarma.noblogs.org\/index.php?rest_route=\/wp\/v2\/posts\/6000\/revisions"}],"predecessor-version":[{"id":6002,"href":"https:\/\/vozcomoarma.noblogs.org\/index.php?rest_route=\/wp\/v2\/posts\/6000\/revisions\/6002"}],"wp:attachment":[{"href":"https:\/\/vozcomoarma.noblogs.org\/index.php?rest_route=%2Fwp%2Fv2%2Fmedia&parent=6000"}],"wp:term":[{"taxonomy":"category","embeddable":true,"href":"https:\/\/vozcomoarma.noblogs.org\/index.php?rest_route=%2Fwp%2Fv2%2Fcategories&post=6000"},{"taxonomy":"post_tag","embeddable":true,"href":"https:\/\/vozcomoarma.noblogs.org\/index.php?rest_route=%2Fwp%2Fv2%2Ftags&post=6000"}],"curies":[{"name":"wp","href":"https:\/\/api.w.org\/{rel}","templated":true}]}}