{"id":6039,"date":"2014-12-29T16:20:18","date_gmt":"2014-12-29T15:20:18","guid":{"rendered":"http:\/\/vozcomoarma.noblogs.org\/?p=6039"},"modified":"2014-12-30T00:03:40","modified_gmt":"2014-12-29T23:03:40","slug":"libro-contra-la-democracia-por-los-gac-grupos-anarquistas-coordinados","status":"publish","type":"post","link":"https:\/\/vozcomoarma.noblogs.org\/?p=6039","title":{"rendered":"[Libro] Contra la Democracia, por los GAC (Grupos Anarquistas Coordinados)"},"content":{"rendered":"<p style=\"text-align: justify\">Contra la Democracia es un libro de 92 p\u00e1ginas, editado por Grupos Anarquistas Coordinados, en el que se hace un an\u00e1lisis de la democracia (tanto parlamentaria como alternativa) como expresi\u00f3n del sistema de dominaci\u00f3n, buscando refutar los mitos ciudadanistas que exaltan un presunto \u00abmodelo distinto de democracia\u00bb y avanzar hacia una teor\u00eda y pr\u00e1ctica verdaderamente subversivos con los valores de \u00e9sta.<\/p>\n<p style=\"text-align: justify\">Para descargar o leer online, click <a href=\"https:\/\/vozcomoarma.noblogs.org\/files\/2014\/12\/contra-la-democracia.pdf\">aqu\u00ed<\/a>.<\/p>\n<p style=\"text-align: justify\">Cabe se\u00f1alar que en su auto, el juez Berm\u00fadez, infame escoria de la fascista Audiencia Nacional responsable de la Operaci\u00f3n Pandora, se\u00f1alaba a este libro, entre otros elementos igual de rid\u00edculos (como por ejemplo tener una cuenta Rise Up o libretas con apuntes), como una de las pruebas de que, supuestamente, lxs detenidxs son miembros de una \u00aborganizaci\u00f3n con finalidad terrorista de car\u00e1cter anarquista violento\u00bb. \u00c9sto se basa en que el colectivo editorial que firma la obra es GAC, Grupos Anarquistas Coordinados, es decir, la misma sigla que ya apareci\u00f3 anteriormente en el juicio contra M\u00f3nica, Francisco y lxs otrxs 3 compas detenidxs por su presunta participaci\u00f3n en los ataques del llamado Comando Mateo Morral (que luego, salvo M\u00f3nica y Francisco, fueron sobrese\u00eddxs por falta de pruebas).<\/p>\n<p style=\"text-align: justify\">Dejando a un lado que los GAC de los que habla el juez Berm\u00fadez son en realidad una peque\u00f1a propuesta que, adem\u00e1s y para colmo, cuenta con un e-mail de contacto abierto (\u00bfcu\u00e1ndo una \u00aborganizaci\u00f3n terrorista\u00bb ha tenido una v\u00eda de contacto tan vulnerable?, para m\u00e1s info click <a href=\"http:\/\/www.alasbarricadas.org\/noticias\/node\/21244\">aqu\u00ed<\/a>) este libro lleva tiempo publicado en la red en PDF, y su tenencia no s\u00f3lo no supone ning\u00fan indicio de pertenencia a organizaci\u00f3n terrorista alguna ni es delito (aunque ahora con la nueva reforma del C\u00f3digo Penal que pretenden introducir, hasta leer te puede costar caro, ya que quieren castigar la tenencia y\/o difusi\u00f3n de lecturas que comprometan \u00abel orden democr\u00e1tico\u00bb o \u00abla convivencia normal de los ciudadanos\u00bb, \u00a1volvemos al franquismo, si es que lo hemos abandonado alg\u00fan d\u00eda!), sino que adem\u00e1s es accesible a cualquiera con un poquito de curiosidad.<\/p>\n<p style=\"text-align: justify\">Sin embargo, y para facilitar el acceso al mismo (especialmente ahora que sabemos que os jode tanto su contenido como para enviar a 7 personas al talego por tenerlo), he decidido subirlo al blog, pues toda vez que un libro, fanzine, panfleto, v\u00eddeo, palabra o pensamiento sea ilegal o comprometedor para los amos de este asqueroso mundo, cobrar\u00e1 inter\u00e9s para quienes hemos decidido luchar contra \u00e9l.<\/p>\n<p style=\"text-align: justify\">Lee, auto-organ\u00edzate y ataca.<\/p>\n<p style=\"text-align: justify\">PD: Invito a la escoria policial y a ti, Berm\u00fadez, a cerrarme el blog. Mira, estoy difundiendo un libro contra la Democracia y adem\u00e1s uso Rise Up, \u00a1y voy a imprimir el libro para tenerlo en casa! \u00a1Soy un terrorista!<\/p>\n<p style=\"text-align: justify\"><a href=\"https:\/\/vozcomoarma.noblogs.org\/files\/2014\/12\/tumblr_ng8twy9CQ11u5s9uxo1_500.jpg\"><img loading=\"lazy\" decoding=\"async\" class=\"aligncenter size-full wp-image-6045\" src=\"https:\/\/vozcomoarma.noblogs.org\/files\/2014\/12\/J.jpg\" alt=\"Portada Contra la Democracia\" width=\"274\" height=\"398\" \/><img loading=\"lazy\" decoding=\"async\" class=\"aligncenter size-full wp-image-6043\" src=\"https:\/\/vozcomoarma.noblogs.org\/files\/2014\/12\/tumblr_ng8twy9CQ11u5s9uxo1_500.jpg\" alt=\"Lee lucha 1\" width=\"500\" height=\"461\" srcset=\"https:\/\/vozcomoarma.noblogs.org\/files\/2014\/12\/tumblr_ng8twy9CQ11u5s9uxo1_500.jpg 500w, https:\/\/vozcomoarma.noblogs.org\/files\/2014\/12\/tumblr_ng8twy9CQ11u5s9uxo1_500-300x276.jpg 300w\" sizes=\"auto, (max-width: 500px) 100vw, 500px\" \/><\/a><\/p>\n","protected":false},"excerpt":{"rendered":"<p>Contra la Democracia es un libro de 92 p\u00e1ginas, editado por Grupos Anarquistas Coordinados, en el que se hace un an\u00e1lisis de la democracia (tanto parlamentaria como alternativa) como expresi\u00f3n del sistema de dominaci\u00f3n, buscando refutar los mitos ciudadanistas que &hellip; <a href=\"https:\/\/vozcomoarma.noblogs.org\/?p=6039\">Sigue leyendo <span class=\"meta-nav\">&rarr;<\/span><\/a><\/p>\n","protected":false},"author":7045,"featured_media":0,"comment_status":"closed","ping_status":"open","sticky":false,"template":"","format":"standard","meta":{"footnotes":""},"categories":[96,61,9,7,193,4],"tags":[107,16,42,24,19,11],"class_list":["post-6039","post","type-post","status-publish","format-standard","hentry","category-libros","category-noticias","category-noticias-y-comunicados","category-presxs","category-presxs-16-d-barna-y-madrid","category-publicaciones","tag-barcelona","tag-guerra-social","tag-movimientos-sociales","tag-reflexion","tag-represion","tag-solidaridad"],"_links":{"self":[{"href":"https:\/\/vozcomoarma.noblogs.org\/index.php?rest_route=\/wp\/v2\/posts\/6039","targetHints":{"allow":["GET"]}}],"collection":[{"href":"https:\/\/vozcomoarma.noblogs.org\/index.php?rest_route=\/wp\/v2\/posts"}],"about":[{"href":"https:\/\/vozcomoarma.noblogs.org\/index.php?rest_route=\/wp\/v2\/types\/post"}],"author":[{"embeddable":true,"href":"https:\/\/vozcomoarma.noblogs.org\/index.php?rest_route=\/wp\/v2\/users\/7045"}],"replies":[{"embeddable":true,"href":"https:\/\/vozcomoarma.noblogs.org\/index.php?rest_route=%2Fwp%2Fv2%2Fcomments&post=6039"}],"version-history":[{"count":4,"href":"https:\/\/vozcomoarma.noblogs.org\/index.php?rest_route=\/wp\/v2\/posts\/6039\/revisions"}],"predecessor-version":[{"id":6047,"href":"https:\/\/vozcomoarma.noblogs.org\/index.php?rest_route=\/wp\/v2\/posts\/6039\/revisions\/6047"}],"wp:attachment":[{"href":"https:\/\/vozcomoarma.noblogs.org\/index.php?rest_route=%2Fwp%2Fv2%2Fmedia&parent=6039"}],"wp:term":[{"taxonomy":"category","embeddable":true,"href":"https:\/\/vozcomoarma.noblogs.org\/index.php?rest_route=%2Fwp%2Fv2%2Fcategories&post=6039"},{"taxonomy":"post_tag","embeddable":true,"href":"https:\/\/vozcomoarma.noblogs.org\/index.php?rest_route=%2Fwp%2Fv2%2Ftags&post=6039"}],"curies":[{"name":"wp","href":"https:\/\/api.w.org\/{rel}","templated":true}]}}