{"id":607,"date":"2013-08-25T18:52:58","date_gmt":"2013-08-25T16:52:58","guid":{"rendered":"http:\/\/vozcomoarma.noblogs.org\/?p=607"},"modified":"2013-08-25T18:52:58","modified_gmt":"2013-08-25T16:52:58","slug":"nueva-carta-del-companero-hans-niemeyer-explicando-el-fin-de-la-huelga-de-hambre-liquida","status":"publish","type":"post","link":"https:\/\/vozcomoarma.noblogs.org\/?p=607","title":{"rendered":"Nueva carta del compa\u00f1ero Hans Niemeyer, explicando el fin de la huelga de hambre l\u00edquida."},"content":{"rendered":"<p style=\"text-align: justify\">Desde su celda de la C.A.S. (C\u00e1rcel de Alta Seguridad, integrada en el complejo carcelario de la Unidad Especial de Alta Seguridad, U.E.A.S.), Hans Niemeyer env\u00eda una nueva carta donde avisa de que pone fin a la huelga de hambre l\u00edquida que manten\u00eda desde el pasado d\u00eda 12 de agosto y explica los motivos. Tras recibir la misiva de la mano de lxs compas de CNA M\u00e9xico, difundo.<\/p>\n<p style=\"text-align: justify\">Cabe se\u00f1alar que, mientras dur\u00f3 la huelga, como represalia, al\u00a0 compa le trasladaron a una celda de aislamiento. Tras abandonar su protesta, como dice en su carta, le habr\u00edan devuelto al tercer piso del m\u00f3dulo H-NORTE de la C.A.S.<\/p>\n<p style=\"text-align: justify\">&#8212;&#8212;&#8212;&#8212;&#8212;&#8212;&#8212;&#8211;<\/p>\n<p align=\"JUSTIFY\"><em>A las mentes conscientes, al entorno solidario, a lxs familiares y amigxs.<\/em><\/p>\n<p align=\"JUSTIFY\"><em>Mediante estas letras, comunico mi decisi\u00f3n de poner fin a la huelga de hambre l\u00edquida que mantuve durante 13 d\u00edas, desde el 12 de Agosto, bajando cerca de 7 kilos de peso.<\/em><\/p>\n<p align=\"JUSTIFY\"><em>La raz\u00f3n principal fueron motivos m\u00e9dicos, relacionados con problemas hep\u00e1ticos que comenc\u00e9 a presentar los \u00faltimos 3 d\u00edas de huelga. Dentro del protocolo de Gendarmer\u00eda para presxs en huelga de hambre, me fueron tomados ex\u00e1menes de orina y sangre, presentando estos \u00faltimos problemas relacionados con el metabolismo de la bilirrubina, lo que provoc\u00f3 un cuadro de ictericia y potencialmente podr\u00eda haber provocado da\u00f1os irreparables; por lo que ayer Viernes tuve que ser trasladado al Hospital Penitenciario, al interior de la ex-penitenciar\u00eda. A ello se sumaron algunos problemas renales y dolor al orinar, todo en un contexto de mucha debilidad los 2 \u00faltimos d\u00edas lo que incluy\u00f3 un desvanecimiento en la celda, luego de la extracci\u00f3n de sangre.<\/em><\/p>\n<p align=\"JUSTIFY\"><em>Todo esto lo cuento no para victimizarme, sino, para explicar que mi objetivo era la denuncia p\u00fablica y no terminar gravemente enfermo. Afuera hay una familia y un peque\u00f1o cachorro que me esperan.<\/em><\/p>\n<p align=\"JUSTIFY\"><em>La situaci\u00f3n de salud, mi apreciaci\u00f3n y la de mi entorno solidario de que se hab\u00edan logrado niveles considerados aceptables de difusi\u00f3n de los tres puntos de mis demandas, me hicieron poner fin a las 17 horas del Viernes 23 de Agosto a la huelga de hambre l\u00edquida, siendo trasladado de inmediato al tercer piso del m\u00f3dulo H-Norte de la C\u00e1rcel de Alta Seguridad (CAS)<\/em><\/p>\n<p align=\"JUSTIFY\"><em>No quer\u00eda dejar de agradecer a todas las manos solidarias que se movilizaron en Chile y el extranjero. En el DF. M\u00e9xico, frente a la embajada chilena en Buenos Aires, a la gente que se concentr\u00f3 el Martes 20 en Arturo Prat con Alameda y luego march\u00f3 por el centro de Santiago. Enormes agradecimientos a la gente que respondi\u00f3 y trajo agua frente al CAS, gracias a quienes se fueron detenidxs por tener ese gesto solidario. Gracias a un amigo que con muletas y todo, venci\u00f3 el tedio y el miedo y me trajo su contribuci\u00f3n de agua mineral, su gesto lo llevo en el coraz\u00f3n y su tatuaje en el brazo. A los cortes de calle con barricadas en la Facultad de Filosof\u00eda de la Universidad de Chile y en la USACH. Al joven que en clase de lenguaje no escribe lo que dicta el profesor y me escribe una carta que es una bocanada de ox\u00edgeno. A la gente que sac\u00f3 propaganda en todas sus formas. Un emocionado abrazo a todas y todos, a lxs an\u00f3nimxs, al entorno conocido, a lxs amigos y amigas y a m\u00ed querida familia.<\/em><\/p>\n<p align=\"JUSTIFY\"><em>Sin embargo, hoy m\u00e1s que nunca necesito de ustedes. Necesito que se siga agitando y difundiendo las 3 demandas:<\/em><\/p>\n<ol>\n<li>\n<p align=\"JUSTIFY\"><em>Violaci\u00f3n al debido proceso durante el juicio, vulnerando el art\u00edculo 181 del C\u00f3digo Procesal Penal.<\/em><\/p>\n<\/li>\n<\/ol>\n<ol start=\"2\">\n<li>\n<p align=\"JUSTIFY\"><em>Err\u00f3nea y antojadiza aplicaci\u00f3n del derecho en la sentencia. Doble castigo por el mismo il\u00edcito lo que contraviene los principios elementales del derecho penal.<\/em><\/p>\n<\/li>\n<\/ol>\n<ol start=\"3\">\n<li>\n<p align=\"JUSTIFY\"><em>Fin a la campa\u00f1a de mentiras y tergiversaciones de El Mercurio, cuyos puntos m\u00e1s altos han sido la Editorial del 18 de Julio y un art\u00edculo del 13 de Julio en que mienten groseramente al se\u00f1alar que mi ADN estaba presente en otros 3 atentados explosivos.<\/em><\/p>\n<\/li>\n<\/ol>\n<p align=\"JUSTIFY\"><em>En los pr\u00f3ximos d\u00edas (lunes o martes) se ver\u00e1 la admisibilidad del recurso de nulidad presentado por mi defensa. De hecho, uno de mis objetivos era sacar este tema de lo puramente jur\u00eddico y llevarlo a la calle, a las paredes, a la agitaci\u00f3n y a la lucha con mi propio cuerpo. En el caso que se d\u00e9 la admisibilidad, en las pr\u00f3ximas semanas se suceder\u00e1n alegatos, por lo que hago un llamado a manifestarse y a continuar la propaganda y la lucha por mis demandas. Los motivos de salud me impedir\u00e1n estar presente como me habr\u00eda gustado, pero les pido humildemente que ustedes puedan estar presentes.<\/em><\/p>\n<p align=\"JUSTIFY\"><em>Un abrazo agradecido a todas y todos.<\/em><\/p>\n<p align=\"JUSTIFY\"><em>HANS FELIPE NIEMEYER SALINAS<\/em><\/p>\n<p align=\"JUSTIFY\"><em>C\u00c1RCEL DE ALTA SEGURIDAD, 3\u00b0 H-NORTE.<\/em><\/p>\n<p style=\"text-align: center\" align=\"JUSTIFY\"><a href=\"https:\/\/vozcomoarma.noblogs.org\/files\/2013\/08\/presxslibertad.jpg\"><img loading=\"lazy\" decoding=\"async\" class=\"alignnone size-medium wp-image-609\" alt=\"Presxs Libertad\" src=\"https:\/\/vozcomoarma.noblogs.org\/files\/2013\/08\/presxslibertad-205x300.jpg\" width=\"331\" height=\"484\" srcset=\"https:\/\/vozcomoarma.noblogs.org\/files\/2013\/08\/presxslibertad-205x300.jpg 205w, https:\/\/vozcomoarma.noblogs.org\/files\/2013\/08\/presxslibertad.jpg 287w\" sizes=\"auto, (max-width: 331px) 100vw, 331px\" \/><\/a><\/p>\n","protected":false},"excerpt":{"rendered":"<p>Desde su celda de la C.A.S. (C\u00e1rcel de Alta Seguridad, integrada en el complejo carcelario de la Unidad Especial de Alta Seguridad, U.E.A.S.), Hans Niemeyer env\u00eda una nueva carta donde avisa de que pone fin a la huelga de hambre &hellip; <a href=\"https:\/\/vozcomoarma.noblogs.org\/?p=607\">Sigue leyendo <span class=\"meta-nav\">&rarr;<\/span><\/a><\/p>\n","protected":false},"author":7045,"featured_media":0,"comment_status":"closed","ping_status":"open","sticky":false,"template":"","format":"standard","meta":{"footnotes":""},"categories":[85,7],"tags":[78,26,24,19,11],"class_list":["post-607","post","type-post","status-publish","format-standard","hentry","category-hans-niemeyer","category-presxs","tag-chile","tag-insurreccionalismo","tag-reflexion","tag-represion","tag-solidaridad"],"_links":{"self":[{"href":"https:\/\/vozcomoarma.noblogs.org\/index.php?rest_route=\/wp\/v2\/posts\/607","targetHints":{"allow":["GET"]}}],"collection":[{"href":"https:\/\/vozcomoarma.noblogs.org\/index.php?rest_route=\/wp\/v2\/posts"}],"about":[{"href":"https:\/\/vozcomoarma.noblogs.org\/index.php?rest_route=\/wp\/v2\/types\/post"}],"author":[{"embeddable":true,"href":"https:\/\/vozcomoarma.noblogs.org\/index.php?rest_route=\/wp\/v2\/users\/7045"}],"replies":[{"embeddable":true,"href":"https:\/\/vozcomoarma.noblogs.org\/index.php?rest_route=%2Fwp%2Fv2%2Fcomments&post=607"}],"version-history":[{"count":2,"href":"https:\/\/vozcomoarma.noblogs.org\/index.php?rest_route=\/wp\/v2\/posts\/607\/revisions"}],"predecessor-version":[{"id":611,"href":"https:\/\/vozcomoarma.noblogs.org\/index.php?rest_route=\/wp\/v2\/posts\/607\/revisions\/611"}],"wp:attachment":[{"href":"https:\/\/vozcomoarma.noblogs.org\/index.php?rest_route=%2Fwp%2Fv2%2Fmedia&parent=607"}],"wp:term":[{"taxonomy":"category","embeddable":true,"href":"https:\/\/vozcomoarma.noblogs.org\/index.php?rest_route=%2Fwp%2Fv2%2Fcategories&post=607"},{"taxonomy":"post_tag","embeddable":true,"href":"https:\/\/vozcomoarma.noblogs.org\/index.php?rest_route=%2Fwp%2Fv2%2Ftags&post=607"}],"curies":[{"name":"wp","href":"https:\/\/api.w.org\/{rel}","templated":true}]}}